{
    "id": 76021,
    "date": "2026-04-07T13:52:40",
    "date_gmt": "2026-04-07T13:52:40",
    "guid": {
        "rendered": "https:\/\/interdesign.ad-pulse.com\/?post_type=collection&#038;p=76021"
    },
    "modified": "2026-04-24T15:22:10",
    "modified_gmt": "2026-04-24T15:22:10",
    "slug": "tribeca-collection",
    "status": "publish",
    "type": "collection",
    "link": "https:\/\/interdesign.com.pt\/en\/collection\/tribeca-collection\/",
    "title": {
        "rendered": "Tribeca Collection"
    },
    "content": {
        "rendered": "<div data-elementor-type=\"wp-post\" data-elementor-id=\"76021\" class=\"elementor elementor-76021\" data-elementor-post-type=\"collection\">\n\t\t\t\t<div class=\"elementor-element elementor-element-a3216bc e-con-full e-flex e-con e-parent\" data-id=\"a3216bc\" data-element_type=\"container\" data-e-type=\"container\" data-settings=\"{&quot;background_background&quot;:&quot;classic&quot;}\">\n\t\t\t\t<div class=\"elementor-element elementor-element-797ddb6 elementor-invisible elementor-widget elementor-widget-heading\" data-id=\"797ddb6\" data-element_type=\"widget\" data-e-type=\"widget\" data-settings=\"{&quot;_animation&quot;:&quot;fadeInDown&quot;}\" data-widget_type=\"heading.default\">\n\t\t\t\t<div class=\"elementor-widget-container\">\n\t\t\t\t\t<h1 class=\"elementor-heading-title elementor-size-default\">Tribeca Collection<\/h1>\t\t\t\t<\/div>\n\t\t\t\t<\/div>\n\t\t\t\t<\/div>\n\t\t<div class=\"elementor-element elementor-element-cf200e4 e-flex e-con-boxed e-con e-parent\" data-id=\"cf200e4\" data-element_type=\"container\" data-e-type=\"container\">\n\t\t\t\t\t<div class=\"e-con-inner\">\n\t\t<div class=\"elementor-element elementor-element-26db478 e-con-full e-flex e-con e-child\" data-id=\"26db478\" data-element_type=\"container\" data-e-type=\"container\">\n\t\t\t\t<div class=\"elementor-element elementor-element-986b797 elementor-widget elementor-widget-heading\" data-id=\"986b797\" data-element_type=\"widget\" data-e-type=\"widget\" data-widget_type=\"heading.default\">\n\t\t\t\t<div class=\"elementor-widget-container\">\n\t\t\t\t\t<p class=\"elementor-heading-title elementor-size-default\">The elegance of<\/p>\t\t\t\t<\/div>\n\t\t\t\t<\/div>\n\t\t\t\t<div class=\"elementor-element elementor-element-66a6019 elementor-widget elementor-widget-heading\" data-id=\"66a6019\" data-element_type=\"widget\" data-e-type=\"widget\" data-widget_type=\"heading.default\">\n\t\t\t\t<div class=\"elementor-widget-container\">\n\t\t\t\t\t<p class=\"elementor-heading-title elementor-size-default\">essentials<\/p>\t\t\t\t<\/div>\n\t\t\t\t<\/div>\n\t\t\t\t<\/div>\n\t\t\t\t<div class=\"elementor-element elementor-element-47e87bb elementor-widget elementor-widget-text-editor\" data-id=\"47e87bb\" data-element_type=\"widget\" data-e-type=\"widget\" data-widget_type=\"text-editor.default\">\n\t\t\t\t<div class=\"elementor-widget-container\">\n\t\t\t\t\t\t\t\t\t<p>Inspired by architectural lines and the serenity of open spaces, the Tribeca collection reveals itself through a contemporary aesthetic where design and functionality coexist in harmony.<\/p><p>Each piece is designed to integrate naturally into sophisticated and light-filled environments, highlighting noble materials, soft lacquers, metallic details, and inviting textures.<\/p><p><strong>Tribeca is a way of living the space with elegance, serenity, and purpose.<\/strong><\/p><p>A collection created for those who seek timeless beauty with a touch of quiet luxury.<\/p>\t\t\t\t\t\t\t\t<\/div>\n\t\t\t\t<\/div>\n\t\t<div class=\"elementor-element elementor-element-b0f4eaa e-con-full e-flex e-con e-child\" data-id=\"b0f4eaa\" data-element_type=\"container\" data-e-type=\"container\">\n\t\t\t\t<div class=\"elementor-element elementor-element-eb66d9f elementor-icon-list--layout-inline elementor-align-center elementor-mobile-align-center elementor-list-item-link-full_width elementor-widget elementor-widget-icon-list\" data-id=\"eb66d9f\" data-element_type=\"widget\" data-e-type=\"widget\" data-widget_type=\"icon-list.default\">\n\t\t\t\t<div class=\"elementor-widget-container\">\n\t\t\t\t\t\t\t<ul class=\"elementor-icon-list-items elementor-inline-items\">\n\t\t\t\t\t\t\t<li class=\"elementor-icon-list-item elementor-inline-item\">\n\t\t\t\t\t\t\t\t\t\t\t<a href=\"#tribeca-diningroom\">\n\n\t\t\t\t\t\t\t\t\t\t\t<span class=\"elementor-icon-list-text\">Dining Room<\/span>\n\t\t\t\t\t\t\t\t\t\t\t<\/a>\n\t\t\t\t\t\t\t\t\t<\/li>\n\t\t\t\t\t\t\t\t<li class=\"elementor-icon-list-item elementor-inline-item\">\n\t\t\t\t\t\t\t\t\t\t\t<a href=\"#tribeca-livingroom\">\n\n\t\t\t\t\t\t\t\t\t\t\t<span class=\"elementor-icon-list-text\">Living Room<\/span>\n\t\t\t\t\t\t\t\t\t\t\t<\/a>\n\t\t\t\t\t\t\t\t\t<\/li>\n\t\t\t\t\t\t\t\t<li class=\"elementor-icon-list-item elementor-inline-item\">\n\t\t\t\t\t\t\t\t\t\t\t<a href=\"#tribeca-office\">\n\n\t\t\t\t\t\t\t\t\t\t\t<span class=\"elementor-icon-list-text\">Office<\/span>\n\t\t\t\t\t\t\t\t\t\t\t<\/a>\n\t\t\t\t\t\t\t\t\t<\/li>\n\t\t\t\t\t\t\t\t<li class=\"elementor-icon-list-item elementor-inline-item\">\n\t\t\t\t\t\t\t\t\t\t\t<a href=\"#tribeca-bedroom\">\n\n\t\t\t\t\t\t\t\t\t\t\t<span class=\"elementor-icon-list-text\">Bedroom<\/span>\n\t\t\t\t\t\t\t\t\t\t\t<\/a>\n\t\t\t\t\t\t\t\t\t<\/li>\n\t\t\t\t\t\t<\/ul>\n\t\t\t\t\t\t<\/div>\n\t\t\t\t<\/div>\n\t\t\t\t<\/div>\n\t\t\t\t\t<\/div>\n\t\t\t\t<\/div>\n\t\t<div class=\"elementor-element elementor-element-f791033 e-con-full e-flex e-con e-parent\" data-id=\"f791033\" data-element_type=\"container\" data-e-type=\"container\" id=\"tribeca-diningroom\">\n\t\t\t\t<div class=\"elementor-element elementor-element-d8181d9 elementor-widget elementor-widget-heading\" data-id=\"d8181d9\" data-element_type=\"widget\" data-e-type=\"widget\" data-widget_type=\"heading.default\">\n\t\t\t\t<div class=\"elementor-widget-container\">\n\t\t\t\t\t<h2 class=\"elementor-heading-title elementor-size-default\">The Dining Room<\/h2>\t\t\t\t<\/div>\n\t\t\t\t<\/div>\n\t\t\t\t<div class=\"elementor-element elementor-element-cc6ec1c elementor-arrows-position-inside elementor-widget elementor-widget-image-carousel\" data-id=\"cc6ec1c\" data-element_type=\"widget\" data-e-type=\"widget\" data-settings=\"{&quot;slides_to_show&quot;:&quot;3&quot;,&quot;slides_to_scroll&quot;:&quot;1&quot;,&quot;navigation&quot;:&quot;arrows&quot;,&quot;lazyload&quot;:&quot;yes&quot;,&quot;image_spacing_custom&quot;:{&quot;unit&quot;:&quot;px&quot;,&quot;size&quot;:10,&quot;sizes&quot;:[]},&quot;infinite&quot;:&quot;yes&quot;,&quot;speed&quot;:500,&quot;image_spacing_custom_laptop&quot;:{&quot;unit&quot;:&quot;px&quot;,&quot;size&quot;:&quot;&quot;,&quot;sizes&quot;:[]},&quot;image_spacing_custom_tablet&quot;:{&quot;unit&quot;:&quot;px&quot;,&quot;size&quot;:&quot;&quot;,&quot;sizes&quot;:[]},&quot;image_spacing_custom_mobile&quot;:{&quot;unit&quot;:&quot;px&quot;,&quot;size&quot;:&quot;&quot;,&quot;sizes&quot;:[]}}\" data-widget_type=\"image-carousel.default\">\n\t\t\t\t<div class=\"elementor-widget-container\">\n\t\t\t\t\t\t\t<div class=\"elementor-image-carousel-wrapper swiper\" role=\"region\" aria-roledescription=\"carousel\" aria-label=\"Image Carousel\" dir=\"ltr\">\n\t\t\t<div class=\"elementor-image-carousel swiper-wrapper swiper-image-stretch\" aria-live=\"polite\">\n\t\t\t\t\t\t\t\t<div class=\"swiper-slide\" role=\"group\" aria-roledescription=\"slide\" aria-label=\"1 of 6\"><figure class=\"swiper-slide-inner\"><img class=\"swiper-slide-image swiper-lazy\" data-src=\"https:\/\/interdesign.com.pt\/wp-content\/uploads\/2026\/01\/MESA-DE-JANTAR-EXTENSIVEL-TRIBECA-1.jpg\" alt=\"Tribeca Rectangular Dining Table | Interdesign\" \/><div class=\"swiper-lazy-preloader\"><\/div><\/figure><\/div><div class=\"swiper-slide\" role=\"group\" aria-roledescription=\"slide\" aria-label=\"2 of 6\"><figure class=\"swiper-slide-inner\"><img class=\"swiper-slide-image swiper-lazy\" data-src=\"https:\/\/interdesign.com.pt\/wp-content\/uploads\/2026\/01\/MESA-DE-JANTAR-EXTENSIVEL-TRIBECA-2.jpg\" alt=\"Tribeca Rectangular Dining Table | Interdesign\" \/><div class=\"swiper-lazy-preloader\"><\/div><\/figure><\/div><div class=\"swiper-slide\" role=\"group\" aria-roledescription=\"slide\" aria-label=\"3 of 6\"><figure class=\"swiper-slide-inner\"><img class=\"swiper-slide-image swiper-lazy\" data-src=\"https:\/\/interdesign.com.pt\/wp-content\/uploads\/2026\/01\/MESA-DE-JANTAR-EXTENSIVEL-TRIBECA-3.jpg\" alt=\"Tribeca Rectangular Dining Table | Interdesign\" \/><div class=\"swiper-lazy-preloader\"><\/div><\/figure><\/div><div class=\"swiper-slide\" role=\"group\" aria-roledescription=\"slide\" aria-label=\"4 of 6\"><figure class=\"swiper-slide-inner\"><img class=\"swiper-slide-image swiper-lazy\" data-src=\"https:\/\/interdesign.com.pt\/wp-content\/uploads\/2026\/01\/CADEIRA-DE-JANTAR-1-TRIBECA-4.jpg\" alt=\"Tribeca Chair 1 | Interdesign\" \/><div class=\"swiper-lazy-preloader\"><\/div><\/figure><\/div><div class=\"swiper-slide\" role=\"group\" aria-roledescription=\"slide\" aria-label=\"5 of 6\"><figure class=\"swiper-slide-inner\"><img class=\"swiper-slide-image swiper-lazy\" data-src=\"https:\/\/interdesign.com.pt\/wp-content\/uploads\/2026\/01\/CADEIRA-DE-JANTAR-1-TRIBECA-5.jpg\" alt=\"Tribeca Chair 1 | Interdesign\" \/><div class=\"swiper-lazy-preloader\"><\/div><\/figure><\/div><div class=\"swiper-slide\" role=\"group\" aria-roledescription=\"slide\" aria-label=\"6 of 6\"><figure class=\"swiper-slide-inner\"><img class=\"swiper-slide-image swiper-lazy\" data-src=\"https:\/\/interdesign.com.pt\/wp-content\/uploads\/2026\/01\/CADEIRA-DE-JANTAR-1-TRIBECA-6.jpg\" alt=\"Tribeca Chair 1 | Interdesign\" \/><div class=\"swiper-lazy-preloader\"><\/div><\/figure><\/div>\t\t\t<\/div>\n\t\t\t\t\t\t\t\t\t\t\t\t<div class=\"elementor-swiper-button elementor-swiper-button-prev\" role=\"button\" tabindex=\"0\">\n\t\t\t\t\t\t<svg aria-hidden=\"true\" class=\"e-font-icon-svg e-eicon-chevron-left\" viewbox=\"0 0 1000 1000\" xmlns=\"http:\/\/www.w3.org\/2000\/svg\"><path d=\"M646 125C629 125 613 133 604 142L308 442C296 454 292 471 292 487 292 504 296 521 308 533L604 854C617 867 629 875 646 875 663 875 679 871 692 858 704 846 713 829 713 812 713 796 708 779 692 767L438 487 692 225C700 217 708 204 708 187 708 171 704 154 692 142 675 129 663 125 646 125Z\"><\/path><\/svg>\t\t\t\t\t<\/div>\n\t\t\t\t\t<div class=\"elementor-swiper-button elementor-swiper-button-next\" role=\"button\" tabindex=\"0\">\n\t\t\t\t\t\t<svg aria-hidden=\"true\" class=\"e-font-icon-svg e-eicon-chevron-right\" viewbox=\"0 0 1000 1000\" xmlns=\"http:\/\/www.w3.org\/2000\/svg\"><path d=\"M696 533C708 521 713 504 713 487 713 471 708 454 696 446L400 146C388 133 375 125 354 125 338 125 325 129 313 142 300 154 292 171 292 187 292 204 296 221 308 233L563 492 304 771C292 783 288 800 288 817 288 833 296 850 308 863 321 871 338 875 354 875 371 875 388 867 400 854L696 533Z\"><\/path><\/svg>\t\t\t\t\t<\/div>\n\t\t\t\t\n\t\t\t\t\t\t\t\t\t<\/div>\n\t\t\t\t\t\t<\/div>\n\t\t\t\t<\/div>\n\t\t\t\t<div class=\"elementor-element elementor-element-58d4672 elementor-align-center elementor-widget elementor-widget-button\" data-id=\"58d4672\" data-element_type=\"widget\" data-e-type=\"widget\" data-widget_type=\"button.default\">\n\t\t\t\t<div class=\"elementor-widget-container\">\n\t\t\t\t\t\t\t\t\t<div class=\"elementor-button-wrapper\">\n\t\t\t\t\t<a class=\"elementor-button elementor-button-link elementor-size-sm\" href=\"https:\/\/interdesign.com.pt\/en\/shop\/?jsf=epro-loop-builder:product-list&#038;tax=room:dining-room;product_brand:tribeca\">\n\t\t\t\t\t\t<span class=\"elementor-button-content-wrapper\">\n\t\t\t\t\t\t\t\t\t<span class=\"elementor-button-text\">Explore Products<\/span>\n\t\t\t\t\t<\/span>\n\t\t\t\t\t<\/a>\n\t\t\t\t<\/div>\n\t\t\t\t\t\t\t\t<\/div>\n\t\t\t\t<\/div>\n\t\t\t\t<\/div>\n\t\t<div class=\"elementor-element elementor-element-11486eb e-flex e-con-boxed e-con e-parent\" data-id=\"11486eb\" data-element_type=\"container\" data-e-type=\"container\" id=\"tribeca-livingroom\">\n\t\t\t\t\t<div class=\"e-con-inner\">\n\t\t\t\t<div class=\"elementor-element elementor-element-294d466 elementor-widget elementor-widget-heading\" data-id=\"294d466\" data-element_type=\"widget\" data-e-type=\"widget\" data-widget_type=\"heading.default\">\n\t\t\t\t<div class=\"elementor-widget-container\">\n\t\t\t\t\t<h2 class=\"elementor-heading-title elementor-size-default\">The Living Room<\/h2>\t\t\t\t<\/div>\n\t\t\t\t<\/div>\n\t\t\t\t<div class=\"elementor-element elementor-element-5927861 elementor-widget elementor-widget-gallery\" data-id=\"5927861\" data-element_type=\"widget\" data-e-type=\"widget\" data-settings=\"{&quot;gallery_layout&quot;:&quot;masonry&quot;,&quot;columns&quot;:3,&quot;columns_mobile&quot;:2,&quot;lazyload&quot;:&quot;yes&quot;,&quot;columns_tablet&quot;:2,&quot;gap&quot;:{&quot;unit&quot;:&quot;px&quot;,&quot;size&quot;:10,&quot;sizes&quot;:[]},&quot;gap_laptop&quot;:{&quot;unit&quot;:&quot;px&quot;,&quot;size&quot;:10,&quot;sizes&quot;:[]},&quot;gap_tablet&quot;:{&quot;unit&quot;:&quot;px&quot;,&quot;size&quot;:10,&quot;sizes&quot;:[]},&quot;gap_mobile&quot;:{&quot;unit&quot;:&quot;px&quot;,&quot;size&quot;:10,&quot;sizes&quot;:[]},&quot;link_to&quot;:&quot;file&quot;,&quot;content_hover_animation&quot;:&quot;fade-in&quot;}\" data-widget_type=\"gallery.default\">\n\t\t\t\t<div class=\"elementor-widget-container\">\n\t\t\t\t\t\t\t<div class=\"elementor-gallery__container\">\n\t\t\t\t\t\t\t<a class=\"e-gallery-item elementor-gallery-item elementor-animated-content\" href=\"https:\/\/interdesign.com.pt\/wp-content\/uploads\/2026\/01\/SOFA-TRIBECA-7.jpg\" data-elementor-open-lightbox=\"yes\" data-elementor-lightbox-slideshow=\"5927861\" data-e-action-hash=\"#elementor-action%3Aaction%3Dlightbox%26settings%3DeyJpZCI6NzQ5NTcsInVybCI6Imh0dHBzOlwvXC9pbnRlcmRlc2lnbi5jb20ucHRcL3dwLWNvbnRlbnRcL3VwbG9hZHNcLzIwMjZcLzAxXC9TT0ZBLVRSSUJFQ0EtNy5qcGciLCJzbGlkZXNob3ciOiI1OTI3ODYxIn0%3D\">\n\t\t\t\t\t<div class=\"e-gallery-image elementor-gallery-item__image\" data-thumbnail=\"https:\/\/interdesign.com.pt\/wp-content\/uploads\/2026\/01\/SOFA-TRIBECA-7-1024x819.jpg\" data-width=\"800\" data-height=\"640\" aria-label=\"Tribeca Sofa | Interdesign\" role=\"img\" ><\/div>\n\t\t\t\t\t\t\t\t\t\t\t\t\t\t<\/a>\n\t\t\t\t\t\t\t<a class=\"e-gallery-item elementor-gallery-item elementor-animated-content\" href=\"https:\/\/interdesign.com.pt\/wp-content\/uploads\/2026\/01\/SOFA-TRIBECA-5.jpg\" data-elementor-open-lightbox=\"yes\" data-elementor-lightbox-slideshow=\"5927861\" data-e-action-hash=\"#elementor-action%3Aaction%3Dlightbox%26settings%3DeyJpZCI6NzQ5NTUsInVybCI6Imh0dHBzOlwvXC9pbnRlcmRlc2lnbi5jb20ucHRcL3dwLWNvbnRlbnRcL3VwbG9hZHNcLzIwMjZcLzAxXC9TT0ZBLVRSSUJFQ0EtNS5qcGciLCJzbGlkZXNob3ciOiI1OTI3ODYxIn0%3D\">\n\t\t\t\t\t<div class=\"e-gallery-image elementor-gallery-item__image\" data-thumbnail=\"https:\/\/interdesign.com.pt\/wp-content\/uploads\/2026\/01\/SOFA-TRIBECA-5-819x1024.jpg\" data-width=\"800\" data-height=\"1000\" aria-label=\"Tribeca Sofa | Interdesign\" role=\"img\" ><\/div>\n\t\t\t\t\t\t\t\t\t\t\t\t\t\t<\/a>\n\t\t\t\t\t\t\t<a class=\"e-gallery-item elementor-gallery-item elementor-animated-content\" href=\"https:\/\/interdesign.com.pt\/wp-content\/uploads\/2026\/01\/SOFA-TRIBECA-4.jpg\" data-elementor-open-lightbox=\"yes\" data-elementor-lightbox-slideshow=\"5927861\" data-e-action-hash=\"#elementor-action%3Aaction%3Dlightbox%26settings%3DeyJpZCI6NzQ5NTQsInVybCI6Imh0dHBzOlwvXC9pbnRlcmRlc2lnbi5jb20ucHRcL3dwLWNvbnRlbnRcL3VwbG9hZHNcLzIwMjZcLzAxXC9TT0ZBLVRSSUJFQ0EtNC5qcGciLCJzbGlkZXNob3ciOiI1OTI3ODYxIn0%3D\">\n\t\t\t\t\t<div class=\"e-gallery-image elementor-gallery-item__image\" data-thumbnail=\"https:\/\/interdesign.com.pt\/wp-content\/uploads\/2026\/01\/SOFA-TRIBECA-4-1024x819.jpg\" data-width=\"800\" data-height=\"640\" aria-label=\"Tribeca Sofa | Interdesign\" role=\"img\" ><\/div>\n\t\t\t\t\t\t\t\t\t\t\t\t\t\t<\/a>\n\t\t\t\t\t\t\t<a class=\"e-gallery-item elementor-gallery-item elementor-animated-content\" href=\"https:\/\/interdesign.com.pt\/wp-content\/uploads\/2026\/01\/MESA-DE-APOIO-TRIBECA-3-2.jpg\" data-elementor-open-lightbox=\"yes\" data-elementor-lightbox-slideshow=\"5927861\" data-e-action-hash=\"#elementor-action%3Aaction%3Dlightbox%26settings%3DeyJpZCI6NzQ5ODQsInVybCI6Imh0dHBzOlwvXC9pbnRlcmRlc2lnbi5jb20ucHRcL3dwLWNvbnRlbnRcL3VwbG9hZHNcLzIwMjZcLzAxXC9NRVNBLURFLUFQT0lPLVRSSUJFQ0EtMy0yLmpwZyIsInNsaWRlc2hvdyI6IjU5Mjc4NjEifQ%3D%3D\">\n\t\t\t\t\t<div class=\"e-gallery-image elementor-gallery-item__image\" data-thumbnail=\"https:\/\/interdesign.com.pt\/wp-content\/uploads\/2026\/01\/MESA-DE-APOIO-TRIBECA-3-2-819x1024.jpg\" data-width=\"800\" data-height=\"1000\" aria-label=\"Tribeca Side Table 3 | Interdesign\" role=\"img\" ><\/div>\n\t\t\t\t\t\t\t\t\t\t\t\t\t\t<\/a>\n\t\t\t\t\t\t\t<a class=\"e-gallery-item elementor-gallery-item elementor-animated-content\" href=\"https:\/\/interdesign.com.pt\/wp-content\/uploads\/2026\/01\/SOFA-TRIBECA-8.jpg\" data-elementor-open-lightbox=\"yes\" data-elementor-lightbox-slideshow=\"5927861\" data-e-action-hash=\"#elementor-action%3Aaction%3Dlightbox%26settings%3DeyJpZCI6NzQ5NTgsInVybCI6Imh0dHBzOlwvXC9pbnRlcmRlc2lnbi5jb20ucHRcL3dwLWNvbnRlbnRcL3VwbG9hZHNcLzIwMjZcLzAxXC9TT0ZBLVRSSUJFQ0EtOC5qcGciLCJzbGlkZXNob3ciOiI1OTI3ODYxIn0%3D\">\n\t\t\t\t\t<div class=\"e-gallery-image elementor-gallery-item__image\" data-thumbnail=\"https:\/\/interdesign.com.pt\/wp-content\/uploads\/2026\/01\/SOFA-TRIBECA-8-819x1024.jpg\" data-width=\"800\" data-height=\"1000\" aria-label=\"Tribeca Sofa | Interdesign\" role=\"img\" ><\/div>\n\t\t\t\t\t\t\t\t\t\t\t\t\t\t<\/a>\n\t\t\t\t\t\t\t<a class=\"e-gallery-item elementor-gallery-item elementor-animated-content\" href=\"https:\/\/interdesign.com.pt\/wp-content\/uploads\/2026\/01\/CONSOLA-BACKSOFA-TRIBECA-4.jpg\" data-elementor-open-lightbox=\"yes\" data-elementor-lightbox-slideshow=\"5927861\" data-e-action-hash=\"#elementor-action%3Aaction%3Dlightbox%26settings%3DeyJpZCI6NzUwMjIsInVybCI6Imh0dHBzOlwvXC9pbnRlcmRlc2lnbi5jb20ucHRcL3dwLWNvbnRlbnRcL3VwbG9hZHNcLzIwMjZcLzAxXC9DT05TT0xBLUJBQ0tTT0ZBLVRSSUJFQ0EtNC5qcGciLCJzbGlkZXNob3ciOiI1OTI3ODYxIn0%3D\">\n\t\t\t\t\t<div class=\"e-gallery-image elementor-gallery-item__image\" data-thumbnail=\"https:\/\/interdesign.com.pt\/wp-content\/uploads\/2026\/01\/CONSOLA-BACKSOFA-TRIBECA-4-1024x819.jpg\" data-width=\"800\" data-height=\"640\" aria-label=\"Tribeca Backsofa Console 1 | Interdesign\" role=\"img\" ><\/div>\n\t\t\t\t\t\t\t\t\t\t\t\t\t\t<\/a>\n\t\t\t\t\t\t\t<a class=\"e-gallery-item elementor-gallery-item elementor-animated-content\" href=\"https:\/\/interdesign.com.pt\/wp-content\/uploads\/2026\/01\/SOFA-TRIBECA-31.jpg\" data-elementor-open-lightbox=\"yes\" data-elementor-lightbox-slideshow=\"5927861\" data-e-action-hash=\"#elementor-action%3Aaction%3Dlightbox%26settings%3DeyJpZCI6NzQ5NTMsInVybCI6Imh0dHBzOlwvXC9pbnRlcmRlc2lnbi5jb20ucHRcL3dwLWNvbnRlbnRcL3VwbG9hZHNcLzIwMjZcLzAxXC9TT0ZBLVRSSUJFQ0EtMzEuanBnIiwic2xpZGVzaG93IjoiNTkyNzg2MSJ9\">\n\t\t\t\t\t<div class=\"e-gallery-image elementor-gallery-item__image\" data-thumbnail=\"https:\/\/interdesign.com.pt\/wp-content\/uploads\/2026\/01\/SOFA-TRIBECA-31-819x1024.jpg\" data-width=\"800\" data-height=\"1000\" aria-label=\"Tribeca Sofa | Interdesign\" role=\"img\" ><\/div>\n\t\t\t\t\t\t\t\t\t\t\t\t\t\t<\/a>\n\t\t\t\t\t\t\t<a class=\"e-gallery-item elementor-gallery-item elementor-animated-content\" href=\"https:\/\/interdesign.com.pt\/wp-content\/uploads\/2026\/01\/CADEIRAO-TRIBECA-1-2.jpg\" data-elementor-open-lightbox=\"yes\" data-elementor-lightbox-slideshow=\"5927861\" data-e-action-hash=\"#elementor-action%3Aaction%3Dlightbox%26settings%3DeyJpZCI6NzUwNTUsInVybCI6Imh0dHBzOlwvXC9pbnRlcmRlc2lnbi5jb20ucHRcL3dwLWNvbnRlbnRcL3VwbG9hZHNcLzIwMjZcLzAxXC9DQURFSVJBTy1UUklCRUNBLTEtMi5qcGciLCJzbGlkZXNob3ciOiI1OTI3ODYxIn0%3D\">\n\t\t\t\t\t<div class=\"e-gallery-image elementor-gallery-item__image\" data-thumbnail=\"https:\/\/interdesign.com.pt\/wp-content\/uploads\/2026\/01\/CADEIRAO-TRIBECA-1-2-1024x819.jpg\" data-width=\"800\" data-height=\"640\" aria-label=\"Tribeca Armchair 1 | Interdesign\" role=\"img\" ><\/div>\n\t\t\t\t\t\t\t\t\t\t\t\t\t\t<\/a>\n\t\t\t\t\t\t\t<a class=\"e-gallery-item elementor-gallery-item elementor-animated-content\" href=\"https:\/\/interdesign.com.pt\/wp-content\/uploads\/2026\/01\/CADEIRAO-TRIBECA-1-1.jpg\" data-elementor-open-lightbox=\"yes\" data-elementor-lightbox-slideshow=\"5927861\" data-e-action-hash=\"#elementor-action%3Aaction%3Dlightbox%26settings%3DeyJpZCI6NzUwNTQsInVybCI6Imh0dHBzOlwvXC9pbnRlcmRlc2lnbi5jb20ucHRcL3dwLWNvbnRlbnRcL3VwbG9hZHNcLzIwMjZcLzAxXC9DQURFSVJBTy1UUklCRUNBLTEtMS5qcGciLCJzbGlkZXNob3ciOiI1OTI3ODYxIn0%3D\">\n\t\t\t\t\t<div class=\"e-gallery-image elementor-gallery-item__image\" data-thumbnail=\"https:\/\/interdesign.com.pt\/wp-content\/uploads\/2026\/01\/CADEIRAO-TRIBECA-1-1-819x1024.jpg\" data-width=\"800\" data-height=\"1000\" aria-label=\"Tribeca Armchair 1 | Interdesign\" role=\"img\" ><\/div>\n\t\t\t\t\t\t\t\t\t\t\t\t\t\t<\/a>\n\t\t\t\t\t<\/div>\n\t\t\t\t\t<\/div>\n\t\t\t\t<\/div>\n\t\t\t\t<div class=\"elementor-element elementor-element-874f260 elementor-align-center elementor-widget elementor-widget-button\" data-id=\"874f260\" data-element_type=\"widget\" data-e-type=\"widget\" data-widget_type=\"button.default\">\n\t\t\t\t<div class=\"elementor-widget-container\">\n\t\t\t\t\t\t\t\t\t<div class=\"elementor-button-wrapper\">\n\t\t\t\t\t<a class=\"elementor-button elementor-button-link elementor-size-sm\" href=\"https:\/\/interdesign.com.pt\/en\/shop\/?jsf=epro-loop-builder:product-list&#038;tax=room:living-room;product_brand:tribeca\">\n\t\t\t\t\t\t<span class=\"elementor-button-content-wrapper\">\n\t\t\t\t\t\t\t\t\t<span class=\"elementor-button-text\">Explore Products<\/span>\n\t\t\t\t\t<\/span>\n\t\t\t\t\t<\/a>\n\t\t\t\t<\/div>\n\t\t\t\t\t\t\t\t<\/div>\n\t\t\t\t<\/div>\n\t\t\t\t\t<\/div>\n\t\t\t\t<\/div>\n\t\t<div class=\"elementor-element elementor-element-e76ea95 e-con-full e-flex e-con e-parent\" data-id=\"e76ea95\" data-element_type=\"container\" data-e-type=\"container\" id=\"tribeca-office\">\n\t\t\t\t<div class=\"elementor-element elementor-element-9c99ff9 elementor-widget elementor-widget-heading\" data-id=\"9c99ff9\" data-element_type=\"widget\" data-e-type=\"widget\" data-widget_type=\"heading.default\">\n\t\t\t\t<div class=\"elementor-widget-container\">\n\t\t\t\t\t<h2 class=\"elementor-heading-title elementor-size-default\">The Office<\/h2>\t\t\t\t<\/div>\n\t\t\t\t<\/div>\n\t\t\t\t<div class=\"elementor-element elementor-element-be71918 elementor-arrows-position-inside elementor-widget elementor-widget-image-carousel\" data-id=\"be71918\" data-element_type=\"widget\" data-e-type=\"widget\" data-settings=\"{&quot;slides_to_show&quot;:&quot;3&quot;,&quot;slides_to_scroll&quot;:&quot;1&quot;,&quot;navigation&quot;:&quot;arrows&quot;,&quot;lazyload&quot;:&quot;yes&quot;,&quot;image_spacing_custom&quot;:{&quot;unit&quot;:&quot;px&quot;,&quot;size&quot;:10,&quot;sizes&quot;:[]},&quot;infinite&quot;:&quot;yes&quot;,&quot;speed&quot;:500,&quot;image_spacing_custom_laptop&quot;:{&quot;unit&quot;:&quot;px&quot;,&quot;size&quot;:&quot;&quot;,&quot;sizes&quot;:[]},&quot;image_spacing_custom_tablet&quot;:{&quot;unit&quot;:&quot;px&quot;,&quot;size&quot;:&quot;&quot;,&quot;sizes&quot;:[]},&quot;image_spacing_custom_mobile&quot;:{&quot;unit&quot;:&quot;px&quot;,&quot;size&quot;:&quot;&quot;,&quot;sizes&quot;:[]}}\" data-widget_type=\"image-carousel.default\">\n\t\t\t\t<div class=\"elementor-widget-container\">\n\t\t\t\t\t\t\t<div class=\"elementor-image-carousel-wrapper swiper\" role=\"region\" aria-roledescription=\"carousel\" aria-label=\"Image Carousel\" dir=\"ltr\">\n\t\t\t<div class=\"elementor-image-carousel swiper-wrapper swiper-image-stretch\" aria-live=\"polite\">\n\t\t\t\t\t\t\t\t<div class=\"swiper-slide\" role=\"group\" aria-roledescription=\"slide\" aria-label=\"1 of 4\"><figure class=\"swiper-slide-inner\"><img class=\"swiper-slide-image swiper-lazy\" data-src=\"https:\/\/interdesign.com.pt\/wp-content\/uploads\/2026\/01\/SECRETARIA-TRIBECA-1.jpg\" alt=\"Tribeca Desk | Interdesign\" \/><div class=\"swiper-lazy-preloader\"><\/div><\/figure><\/div><div class=\"swiper-slide\" role=\"group\" aria-roledescription=\"slide\" aria-label=\"2 of 4\"><figure class=\"swiper-slide-inner\"><img class=\"swiper-slide-image swiper-lazy\" data-src=\"https:\/\/interdesign.com.pt\/wp-content\/uploads\/2026\/01\/ESTANTE-TRIBECA-2-2.jpg\" alt=\"Tribeca Bookshelf 2 | Interdesign\" \/><div class=\"swiper-lazy-preloader\"><\/div><\/figure><\/div><div class=\"swiper-slide\" role=\"group\" aria-roledescription=\"slide\" aria-label=\"3 of 4\"><figure class=\"swiper-slide-inner\"><img class=\"swiper-slide-image swiper-lazy\" data-src=\"https:\/\/interdesign.com.pt\/wp-content\/uploads\/2026\/01\/SECRETARIA-TRIBECA-2.jpg\" alt=\"Tribeca Desk | Interdesign\" \/><div class=\"swiper-lazy-preloader\"><\/div><\/figure><\/div><div class=\"swiper-slide\" role=\"group\" aria-roledescription=\"slide\" aria-label=\"4 of 4\"><figure class=\"swiper-slide-inner\"><img class=\"swiper-slide-image swiper-lazy\" data-src=\"https:\/\/interdesign.com.pt\/wp-content\/uploads\/2026\/01\/SECRETARIA-TRIBECA-3.jpg\" alt=\"Tribeca Desk | Interdesign\" \/><div class=\"swiper-lazy-preloader\"><\/div><\/figure><\/div>\t\t\t<\/div>\n\t\t\t\t\t\t\t\t\t\t\t\t<div class=\"elementor-swiper-button elementor-swiper-button-prev\" role=\"button\" tabindex=\"0\">\n\t\t\t\t\t\t<svg aria-hidden=\"true\" class=\"e-font-icon-svg e-eicon-chevron-left\" viewbox=\"0 0 1000 1000\" xmlns=\"http:\/\/www.w3.org\/2000\/svg\"><path d=\"M646 125C629 125 613 133 604 142L308 442C296 454 292 471 292 487 292 504 296 521 308 533L604 854C617 867 629 875 646 875 663 875 679 871 692 858 704 846 713 829 713 812 713 796 708 779 692 767L438 487 692 225C700 217 708 204 708 187 708 171 704 154 692 142 675 129 663 125 646 125Z\"><\/path><\/svg>\t\t\t\t\t<\/div>\n\t\t\t\t\t<div class=\"elementor-swiper-button elementor-swiper-button-next\" role=\"button\" tabindex=\"0\">\n\t\t\t\t\t\t<svg aria-hidden=\"true\" class=\"e-font-icon-svg e-eicon-chevron-right\" viewbox=\"0 0 1000 1000\" xmlns=\"http:\/\/www.w3.org\/2000\/svg\"><path d=\"M696 533C708 521 713 504 713 487 713 471 708 454 696 446L400 146C388 133 375 125 354 125 338 125 325 129 313 142 300 154 292 171 292 187 292 204 296 221 308 233L563 492 304 771C292 783 288 800 288 817 288 833 296 850 308 863 321 871 338 875 354 875 371 875 388 867 400 854L696 533Z\"><\/path><\/svg>\t\t\t\t\t<\/div>\n\t\t\t\t\n\t\t\t\t\t\t\t\t\t<\/div>\n\t\t\t\t\t\t<\/div>\n\t\t\t\t<\/div>\n\t\t\t\t<div class=\"elementor-element elementor-element-1547340 elementor-align-center elementor-widget elementor-widget-button\" data-id=\"1547340\" data-element_type=\"widget\" data-e-type=\"widget\" data-widget_type=\"button.default\">\n\t\t\t\t<div class=\"elementor-widget-container\">\n\t\t\t\t\t\t\t\t\t<div class=\"elementor-button-wrapper\">\n\t\t\t\t\t<a class=\"elementor-button elementor-button-link elementor-size-sm\" href=\"https:\/\/interdesign.com.pt\/pt\/room\/office\/?jsf=epro-loop-builder:product-list&#038;tax=room:office;product_brand:tribeca\">\n\t\t\t\t\t\t<span class=\"elementor-button-content-wrapper\">\n\t\t\t\t\t\t\t\t\t<span class=\"elementor-button-text\">Explore Products<\/span>\n\t\t\t\t\t<\/span>\n\t\t\t\t\t<\/a>\n\t\t\t\t<\/div>\n\t\t\t\t\t\t\t\t<\/div>\n\t\t\t\t<\/div>\n\t\t\t\t<\/div>\n\t\t<div class=\"elementor-element elementor-element-6c5d7fa e-flex e-con-boxed e-con e-parent\" data-id=\"6c5d7fa\" data-element_type=\"container\" data-e-type=\"container\" id=\"tribeca-bedroom\">\n\t\t\t\t\t<div class=\"e-con-inner\">\n\t\t\t\t<div class=\"elementor-element elementor-element-0e1727d elementor-widget elementor-widget-heading\" data-id=\"0e1727d\" data-element_type=\"widget\" data-e-type=\"widget\" data-widget_type=\"heading.default\">\n\t\t\t\t<div class=\"elementor-widget-container\">\n\t\t\t\t\t<h2 class=\"elementor-heading-title elementor-size-default\">The Bedroom<\/h2>\t\t\t\t<\/div>\n\t\t\t\t<\/div>\n\t\t\t\t<div class=\"elementor-element elementor-element-2dc5337 elementor-widget elementor-widget-gallery\" data-id=\"2dc5337\" data-element_type=\"widget\" data-e-type=\"widget\" data-settings=\"{&quot;gallery_layout&quot;:&quot;masonry&quot;,&quot;columns&quot;:3,&quot;columns_mobile&quot;:2,&quot;lazyload&quot;:&quot;yes&quot;,&quot;columns_tablet&quot;:2,&quot;gap&quot;:{&quot;unit&quot;:&quot;px&quot;,&quot;size&quot;:10,&quot;sizes&quot;:[]},&quot;gap_laptop&quot;:{&quot;unit&quot;:&quot;px&quot;,&quot;size&quot;:10,&quot;sizes&quot;:[]},&quot;gap_tablet&quot;:{&quot;unit&quot;:&quot;px&quot;,&quot;size&quot;:10,&quot;sizes&quot;:[]},&quot;gap_mobile&quot;:{&quot;unit&quot;:&quot;px&quot;,&quot;size&quot;:10,&quot;sizes&quot;:[]},&quot;link_to&quot;:&quot;file&quot;,&quot;content_hover_animation&quot;:&quot;fade-in&quot;}\" data-widget_type=\"gallery.default\">\n\t\t\t\t<div class=\"elementor-widget-container\">\n\t\t\t\t\t\t\t<div class=\"elementor-gallery__container\">\n\t\t\t\t\t\t\t<a class=\"e-gallery-item elementor-gallery-item elementor-animated-content\" href=\"https:\/\/interdesign.com.pt\/wp-content\/uploads\/2026\/01\/BANQUETA-TRIBECA-3.jpg\" data-elementor-open-lightbox=\"yes\" data-elementor-lightbox-slideshow=\"2dc5337\" data-e-action-hash=\"#elementor-action%3Aaction%3Dlightbox%26settings%3DeyJpZCI6NzUwNDUsInVybCI6Imh0dHBzOlwvXC9pbnRlcmRlc2lnbi5jb20ucHRcL3dwLWNvbnRlbnRcL3VwbG9hZHNcLzIwMjZcLzAxXC9CQU5RVUVUQS1UUklCRUNBLTMuanBnIiwic2xpZGVzaG93IjoiMmRjNTMzNyJ9\">\n\t\t\t\t\t<div class=\"e-gallery-image elementor-gallery-item__image\" data-thumbnail=\"https:\/\/interdesign.com.pt\/wp-content\/uploads\/2026\/01\/BANQUETA-TRIBECA-3-819x1024.jpg\" data-width=\"800\" data-height=\"1000\" aria-label=\"Tribeca Bench | Interdesign\" role=\"img\" ><\/div>\n\t\t\t\t\t\t\t\t\t\t\t\t\t\t<\/a>\n\t\t\t\t\t\t\t<a class=\"e-gallery-item elementor-gallery-item elementor-animated-content\" href=\"https:\/\/interdesign.com.pt\/wp-content\/uploads\/2026\/01\/BANQUETA-TRIBECA-5.jpg\" data-elementor-open-lightbox=\"yes\" data-elementor-lightbox-slideshow=\"2dc5337\" data-e-action-hash=\"#elementor-action%3Aaction%3Dlightbox%26settings%3DeyJpZCI6NzUwNDcsInVybCI6Imh0dHBzOlwvXC9pbnRlcmRlc2lnbi5jb20ucHRcL3dwLWNvbnRlbnRcL3VwbG9hZHNcLzIwMjZcLzAxXC9CQU5RVUVUQS1UUklCRUNBLTUuanBnIiwic2xpZGVzaG93IjoiMmRjNTMzNyJ9\">\n\t\t\t\t\t<div class=\"e-gallery-image elementor-gallery-item__image\" data-thumbnail=\"https:\/\/interdesign.com.pt\/wp-content\/uploads\/2026\/01\/BANQUETA-TRIBECA-5-1024x819.jpg\" data-width=\"800\" data-height=\"640\" aria-label=\"Tribeca Bench | Interdesign\" role=\"img\" ><\/div>\n\t\t\t\t\t\t\t\t\t\t\t\t\t\t<\/a>\n\t\t\t\t\t\t\t<a class=\"e-gallery-item elementor-gallery-item elementor-animated-content\" href=\"https:\/\/interdesign.com.pt\/wp-content\/uploads\/2026\/01\/MESA-DE-CABECEIRA-TRIBECA-2.jpg\" data-elementor-open-lightbox=\"yes\" data-elementor-lightbox-slideshow=\"2dc5337\" data-e-action-hash=\"#elementor-action%3Aaction%3Dlightbox%26settings%3DeyJpZCI6NzUwNzEsInVybCI6Imh0dHBzOlwvXC9pbnRlcmRlc2lnbi5jb20ucHRcL3dwLWNvbnRlbnRcL3VwbG9hZHNcLzIwMjZcLzAxXC9NRVNBLURFLUNBQkVDRUlSQS1UUklCRUNBLTIuanBnIiwic2xpZGVzaG93IjoiMmRjNTMzNyJ9\">\n\t\t\t\t\t<div class=\"e-gallery-image elementor-gallery-item__image\" data-thumbnail=\"https:\/\/interdesign.com.pt\/wp-content\/uploads\/2026\/01\/MESA-DE-CABECEIRA-TRIBECA-2-819x1024.jpg\" data-width=\"800\" data-height=\"1000\" aria-label=\"Tribeca Bedside Table | Interdesign\" role=\"img\" ><\/div>\n\t\t\t\t\t\t\t\t\t\t\t\t\t\t<\/a>\n\t\t\t\t\t\t\t<a class=\"e-gallery-item elementor-gallery-item elementor-animated-content\" href=\"https:\/\/interdesign.com.pt\/wp-content\/uploads\/2026\/01\/ESPELHO-TRIBECA-3-3.jpg\" data-elementor-open-lightbox=\"yes\" data-elementor-lightbox-slideshow=\"2dc5337\" data-e-action-hash=\"#elementor-action%3Aaction%3Dlightbox%26settings%3DeyJpZCI6NzUwMDEsInVybCI6Imh0dHBzOlwvXC9pbnRlcmRlc2lnbi5jb20ucHRcL3dwLWNvbnRlbnRcL3VwbG9hZHNcLzIwMjZcLzAxXC9FU1BFTEhPLVRSSUJFQ0EtMy0zLmpwZyIsInNsaWRlc2hvdyI6IjJkYzUzMzcifQ%3D%3D\">\n\t\t\t\t\t<div class=\"e-gallery-image elementor-gallery-item__image\" data-thumbnail=\"https:\/\/interdesign.com.pt\/wp-content\/uploads\/2026\/01\/ESPELHO-TRIBECA-3-3-819x1024.jpg\" data-width=\"800\" data-height=\"1000\" aria-label=\"Tribeca Mirror 3 | Interdesign\" role=\"img\" ><\/div>\n\t\t\t\t\t\t\t\t\t\t\t\t\t\t<\/a>\n\t\t\t\t\t\t\t<a class=\"e-gallery-item elementor-gallery-item elementor-animated-content\" href=\"https:\/\/interdesign.com.pt\/wp-content\/uploads\/2026\/01\/CANDEEIRO-DE-MESA-TRIBECA-3-2.jpg\" data-elementor-open-lightbox=\"yes\" data-elementor-lightbox-slideshow=\"2dc5337\" data-e-action-hash=\"#elementor-action%3Aaction%3Dlightbox%26settings%3DeyJpZCI6NzQ5NjQsInVybCI6Imh0dHBzOlwvXC9pbnRlcmRlc2lnbi5jb20ucHRcL3dwLWNvbnRlbnRcL3VwbG9hZHNcLzIwMjZcLzAxXC9DQU5ERUVJUk8tREUtTUVTQS1UUklCRUNBLTMtMi5qcGciLCJzbGlkZXNob3ciOiIyZGM1MzM3In0%3D\">\n\t\t\t\t\t<div class=\"e-gallery-image elementor-gallery-item__image\" data-thumbnail=\"https:\/\/interdesign.com.pt\/wp-content\/uploads\/2026\/01\/CANDEEIRO-DE-MESA-TRIBECA-3-2-819x1024.jpg\" data-width=\"800\" data-height=\"1000\" aria-label=\"Tribeca Table Lamp 3 | Interdesign\" role=\"img\" ><\/div>\n\t\t\t\t\t\t\t\t\t\t\t\t\t\t<\/a>\n\t\t\t\t\t\t\t<a class=\"e-gallery-item elementor-gallery-item elementor-animated-content\" href=\"https:\/\/interdesign.com.pt\/wp-content\/uploads\/2026\/01\/CADEIRA-TOUCADOR-TRIBECA-1.jpg\" data-elementor-open-lightbox=\"yes\" data-elementor-lightbox-slideshow=\"2dc5337\" data-e-action-hash=\"#elementor-action%3Aaction%3Dlightbox%26settings%3DeyJpZCI6NzUwNjEsInVybCI6Imh0dHBzOlwvXC9pbnRlcmRlc2lnbi5jb20ucHRcL3dwLWNvbnRlbnRcL3VwbG9hZHNcLzIwMjZcLzAxXC9DQURFSVJBLVRPVUNBRE9SLVRSSUJFQ0EtMS5qcGciLCJzbGlkZXNob3ciOiIyZGM1MzM3In0%3D\">\n\t\t\t\t\t<div class=\"e-gallery-image elementor-gallery-item__image\" data-thumbnail=\"https:\/\/interdesign.com.pt\/wp-content\/uploads\/2026\/01\/CADEIRA-TOUCADOR-TRIBECA-1-819x1024.jpg\" data-width=\"800\" data-height=\"1000\" aria-label=\"Tribeca Armchair 3 | Interdesign\" role=\"img\" ><\/div>\n\t\t\t\t\t\t\t\t\t\t\t\t\t\t<\/a>\n\t\t\t\t\t<\/div>\n\t\t\t\t\t<\/div>\n\t\t\t\t<\/div>\n\t\t\t\t<div class=\"elementor-element elementor-element-e81d527 elementor-align-center elementor-widget elementor-widget-button\" data-id=\"e81d527\" data-element_type=\"widget\" data-e-type=\"widget\" data-widget_type=\"button.default\">\n\t\t\t\t<div class=\"elementor-widget-container\">\n\t\t\t\t\t\t\t\t\t<div class=\"elementor-button-wrapper\">\n\t\t\t\t\t<a class=\"elementor-button elementor-button-link elementor-size-sm\" href=\"https:\/\/interdesign.com.pt\/en\/shop\/?jsf=epro-loop-builder:product-list&#038;tax=room:bedroom;product_brand:tribeca\">\n\t\t\t\t\t\t<span class=\"elementor-button-content-wrapper\">\n\t\t\t\t\t\t\t\t\t<span class=\"elementor-button-text\">Explore Products<\/span>\n\t\t\t\t\t<\/span>\n\t\t\t\t\t<\/a>\n\t\t\t\t<\/div>\n\t\t\t\t\t\t\t\t<\/div>\n\t\t\t\t<\/div>\n\t\t\t\t\t<\/div>\n\t\t\t\t<\/div>\n\t\t\t\t<\/div>",
        "protected": false
    },
    "excerpt": {
        "rendered": "<p>The elegance of essentials Inspired by architectural lines and the serenity of open spaces, the Tribeca collection reveals itself through a contemporary aesthetic where design and functionality coexist in harmony. Each piece is designed to integrate naturally into sophisticated and light-filled environments, highlighting noble materials, soft lacquers, metallic details, and inviting textures. Tribeca is a [&hellip;]<\/p>",
        "protected": false
    },
    "author": 1,
    "featured_media": 10231,
    "template": "",
    "meta": {
        "_acf_changed": false,
        "footnotes": ""
    },
    "class_list": [
        "post-76021",
        "collection",
        "type-collection",
        "status-publish",
        "has-post-thumbnail",
        "hentry"
    ],
    "acf": [],
    "yoast_head": "<!-- This site is optimized with the Yoast SEO plugin v27.3 - https:\/\/yoast.com\/product\/yoast-seo-wordpress\/ -->\n<title>Tribeca Collection - Interdesign<\/title>\n<meta name=\"description\" content=\"The essence of nature, shaped into design. A return to the origins, marked by Interdesign\u2019s distinctive signature.\" \/>\n<meta name=\"robots\" content=\"noindex, follow\" \/>\n<meta property=\"og:locale\" content=\"en_US\" \/>\n<meta property=\"og:type\" content=\"article\" \/>\n<meta property=\"og:title\" content=\"Tribeca Collection - Interdesign\" \/>\n<meta property=\"og:description\" content=\"The essence of nature, shaped into design. A return to the origins, marked by Interdesign\u2019s distinctive signature.\" \/>\n<meta property=\"og:url\" content=\"https:\/\/interdesign.com.pt\/en\/collection\/tribeca-collection\/\" \/>\n<meta property=\"og:site_name\" content=\"Interdesign\" \/>\n<meta property=\"article:modified_time\" content=\"2026-04-24T15:22:10+00:00\" \/>\n<meta property=\"og:image\" content=\"https:\/\/interdesign.com.pt\/wp-content\/uploads\/2025\/10\/Natture-sala-4-7.webp\" \/>\n\t<meta property=\"og:image:width\" content=\"1536\" \/>\n\t<meta property=\"og:image:height\" content=\"1920\" \/>\n\t<meta property=\"og:image:type\" content=\"image\/webp\" \/>\n<meta name=\"twitter:card\" content=\"summary_large_image\" \/>\n<meta name=\"twitter:title\" content=\"Tribeca Collection - Interdesign\" \/>\n<meta name=\"twitter:description\" content=\"The essence of nature, shaped into design. A return to the origins, marked by Interdesign\u2019s distinctive signature.\" \/>\n<meta name=\"twitter:image\" content=\"https:\/\/interdesign.com.pt\/wp-content\/uploads\/2025\/10\/Natture-sala-4-7.webp\" \/>\n<meta name=\"twitter:label1\" content=\"Est. reading time\" \/>\n\t<meta name=\"twitter:data1\" content=\"5 minutes\" \/>\n<script type=\"application\/ld+json\" class=\"yoast-schema-graph\">{\"@context\":\"https:\\\/\\\/schema.org\",\"@graph\":[{\"@type\":\"WebPage\",\"@id\":\"https:\\\/\\\/interdesign.com.pt\\\/collection\\\/tribeca-collection\\\/\",\"url\":\"https:\\\/\\\/interdesign.com.pt\\\/collection\\\/tribeca-collection\\\/\",\"name\":\"Tribeca Collection - Interdesign\",\"isPartOf\":{\"@id\":\"https:\\\/\\\/interdesign.com.pt\\\/pt\\\/#website\"},\"primaryImageOfPage\":{\"@id\":\"https:\\\/\\\/interdesign.com.pt\\\/collection\\\/tribeca-collection\\\/#primaryimage\"},\"image\":{\"@id\":\"https:\\\/\\\/interdesign.com.pt\\\/collection\\\/tribeca-collection\\\/#primaryimage\"},\"thumbnailUrl\":\"https:\\\/\\\/interdesign.com.pt\\\/wp-content\\\/uploads\\\/2025\\\/10\\\/Natture-sala-4-7.webp\",\"datePublished\":\"2026-04-07T13:52:40+00:00\",\"dateModified\":\"2026-04-24T15:22:10+00:00\",\"description\":\"The essence of nature, shaped into design. A return to the origins, marked by Interdesign\u2019s distinctive signature.\",\"breadcrumb\":{\"@id\":\"https:\\\/\\\/interdesign.com.pt\\\/collection\\\/tribeca-collection\\\/#breadcrumb\"},\"inLanguage\":\"en-US\",\"potentialAction\":[{\"@type\":\"ReadAction\",\"target\":[\"https:\\\/\\\/interdesign.com.pt\\\/collection\\\/tribeca-collection\\\/\"]}]},{\"@type\":\"ImageObject\",\"inLanguage\":\"en-US\",\"@id\":\"https:\\\/\\\/interdesign.com.pt\\\/collection\\\/tribeca-collection\\\/#primaryimage\",\"url\":\"https:\\\/\\\/interdesign.com.pt\\\/wp-content\\\/uploads\\\/2025\\\/10\\\/Natture-sala-4-7.webp\",\"contentUrl\":\"https:\\\/\\\/interdesign.com.pt\\\/wp-content\\\/uploads\\\/2025\\\/10\\\/Natture-sala-4-7.webp\",\"width\":1536,\"height\":1920,\"caption\":\"Cole\u00e7\u00e3o Natture | Sala de estar\"},{\"@type\":\"BreadcrumbList\",\"@id\":\"https:\\\/\\\/interdesign.com.pt\\\/collection\\\/tribeca-collection\\\/#breadcrumb\",\"itemListElement\":[{\"@type\":\"ListItem\",\"position\":1,\"name\":\"Home\",\"item\":\"https:\\\/\\\/interdesign.com.pt\\\/\"},{\"@type\":\"ListItem\",\"position\":2,\"name\":\"Tribeca Collection\"}]},{\"@type\":\"WebSite\",\"@id\":\"https:\\\/\\\/interdesign.com.pt\\\/pt\\\/#website\",\"url\":\"https:\\\/\\\/interdesign.com.pt\\\/pt\\\/\",\"name\":\"Interdesign\",\"description\":\"Mobili\u00e1rio, Interiores &amp; Decora\u00e7\u00e3o\",\"publisher\":{\"@id\":\"https:\\\/\\\/interdesign.com.pt\\\/pt\\\/#organization\"},\"potentialAction\":[{\"@type\":\"SearchAction\",\"target\":{\"@type\":\"EntryPoint\",\"urlTemplate\":\"https:\\\/\\\/interdesign.com.pt\\\/pt\\\/?s={search_term_string}\"},\"query-input\":{\"@type\":\"PropertyValueSpecification\",\"valueRequired\":true,\"valueName\":\"search_term_string\"}}],\"inLanguage\":\"en-US\"},{\"@type\":\"Organization\",\"@id\":\"https:\\\/\\\/interdesign.com.pt\\\/pt\\\/#organization\",\"name\":\"Interdesign\",\"url\":\"https:\\\/\\\/interdesign.com.pt\\\/pt\\\/\",\"logo\":{\"@type\":\"ImageObject\",\"inLanguage\":\"en-US\",\"@id\":\"https:\\\/\\\/interdesign.com.pt\\\/pt\\\/#\\\/schema\\\/logo\\\/image\\\/\",\"url\":\"https:\\\/\\\/interdesign.com.pt\\\/wp-content\\\/uploads\\\/2025\\\/03\\\/interdesign-logo.svg\",\"contentUrl\":\"https:\\\/\\\/interdesign.com.pt\\\/wp-content\\\/uploads\\\/2025\\\/03\\\/interdesign-logo.svg\",\"caption\":\"Interdesign\"},\"image\":{\"@id\":\"https:\\\/\\\/interdesign.com.pt\\\/pt\\\/#\\\/schema\\\/logo\\\/image\\\/\"}}]}<\/script>\n<!-- \/ Yoast SEO plugin. -->",
    "yoast_head_json": {
        "title": "Tribeca Collection - Interdesign",
        "description": "The essence of nature, shaped into design. A return to the origins, marked by Interdesign\u2019s distinctive signature.",
        "robots": {
            "index": "noindex",
            "follow": "follow"
        },
        "og_locale": "en_US",
        "og_type": "article",
        "og_title": "Tribeca Collection - Interdesign",
        "og_description": "The essence of nature, shaped into design. A return to the origins, marked by Interdesign\u2019s distinctive signature.",
        "og_url": "https:\/\/interdesign.com.pt\/en\/collection\/tribeca-collection\/",
        "og_site_name": "Interdesign",
        "article_modified_time": "2026-04-24T15:22:10+00:00",
        "og_image": [
            {
                "width": 1536,
                "height": 1920,
                "url": "https:\/\/interdesign.com.pt\/wp-content\/uploads\/2025\/10\/Natture-sala-4-7.webp",
                "type": "image\/webp"
            }
        ],
        "twitter_card": "summary_large_image",
        "twitter_title": "Tribeca Collection - Interdesign",
        "twitter_description": "The essence of nature, shaped into design. A return to the origins, marked by Interdesign\u2019s distinctive signature.",
        "twitter_image": "https:\/\/interdesign.com.pt\/wp-content\/uploads\/2025\/10\/Natture-sala-4-7.webp",
        "twitter_misc": {
            "Est. reading time": "5 minutes"
        },
        "schema": {
            "@context": "https:\/\/schema.org",
            "@graph": [
                {
                    "@type": "WebPage",
                    "@id": "https:\/\/interdesign.com.pt\/collection\/tribeca-collection\/",
                    "url": "https:\/\/interdesign.com.pt\/collection\/tribeca-collection\/",
                    "name": "Tribeca Collection - Interdesign",
                    "isPartOf": {
                        "@id": "https:\/\/interdesign.com.pt\/pt\/#website"
                    },
                    "primaryImageOfPage": {
                        "@id": "https:\/\/interdesign.com.pt\/collection\/tribeca-collection\/#primaryimage"
                    },
                    "image": {
                        "@id": "https:\/\/interdesign.com.pt\/collection\/tribeca-collection\/#primaryimage"
                    },
                    "thumbnailUrl": "https:\/\/interdesign.com.pt\/wp-content\/uploads\/2025\/10\/Natture-sala-4-7.webp",
                    "datePublished": "2026-04-07T13:52:40+00:00",
                    "dateModified": "2026-04-24T15:22:10+00:00",
                    "description": "The essence of nature, shaped into design. A return to the origins, marked by Interdesign\u2019s distinctive signature.",
                    "breadcrumb": {
                        "@id": "https:\/\/interdesign.com.pt\/collection\/tribeca-collection\/#breadcrumb"
                    },
                    "inLanguage": "en-US",
                    "potentialAction": [
                        {
                            "@type": "ReadAction",
                            "target": [
                                "https:\/\/interdesign.com.pt\/collection\/tribeca-collection\/"
                            ]
                        }
                    ]
                },
                {
                    "@type": "ImageObject",
                    "inLanguage": "en-US",
                    "@id": "https:\/\/interdesign.com.pt\/collection\/tribeca-collection\/#primaryimage",
                    "url": "https:\/\/interdesign.com.pt\/wp-content\/uploads\/2025\/10\/Natture-sala-4-7.webp",
                    "contentUrl": "https:\/\/interdesign.com.pt\/wp-content\/uploads\/2025\/10\/Natture-sala-4-7.webp",
                    "width": 1536,
                    "height": 1920,
                    "caption": "Cole\u00e7\u00e3o Natture | Sala de estar"
                },
                {
                    "@type": "BreadcrumbList",
                    "@id": "https:\/\/interdesign.com.pt\/collection\/tribeca-collection\/#breadcrumb",
                    "itemListElement": [
                        {
                            "@type": "ListItem",
                            "position": 1,
                            "name": "Home",
                            "item": "https:\/\/interdesign.com.pt\/"
                        },
                        {
                            "@type": "ListItem",
                            "position": 2,
                            "name": "Tribeca Collection"
                        }
                    ]
                },
                {
                    "@type": "WebSite",
                    "@id": "https:\/\/interdesign.com.pt\/pt\/#website",
                    "url": "https:\/\/interdesign.com.pt\/pt\/",
                    "name": "Interdesign",
                    "description": "Mobili\u00e1rio, Interiores &amp; Decora\u00e7\u00e3o",
                    "publisher": {
                        "@id": "https:\/\/interdesign.com.pt\/pt\/#organization"
                    },
                    "potentialAction": [
                        {
                            "@type": "SearchAction",
                            "target": {
                                "@type": "EntryPoint",
                                "urlTemplate": "https:\/\/interdesign.com.pt\/pt\/?s={search_term_string}"
                            },
                            "query-input": {
                                "@type": "PropertyValueSpecification",
                                "valueRequired": true,
                                "valueName": "search_term_string"
                            }
                        }
                    ],
                    "inLanguage": "en-US"
                },
                {
                    "@type": "Organization",
                    "@id": "https:\/\/interdesign.com.pt\/pt\/#organization",
                    "name": "Interdesign",
                    "url": "https:\/\/interdesign.com.pt\/pt\/",
                    "logo": {
                        "@type": "ImageObject",
                        "inLanguage": "en-US",
                        "@id": "https:\/\/interdesign.com.pt\/pt\/#\/schema\/logo\/image\/",
                        "url": "https:\/\/interdesign.com.pt\/wp-content\/uploads\/2025\/03\/interdesign-logo.svg",
                        "contentUrl": "https:\/\/interdesign.com.pt\/wp-content\/uploads\/2025\/03\/interdesign-logo.svg",
                        "caption": "Interdesign"
                    },
                    "image": {
                        "@id": "https:\/\/interdesign.com.pt\/pt\/#\/schema\/logo\/image\/"
                    }
                }
            ]
        }
    },
    "_links": {
        "self": [
            {
                "href": "https:\/\/interdesign.com.pt\/en\/wp-json\/wp\/v2\/collection\/76021",
                "targetHints": {
                    "allow": [
                        "GET"
                    ]
                }
            }
        ],
        "collection": [
            {
                "href": "https:\/\/interdesign.com.pt\/en\/wp-json\/wp\/v2\/collection"
            }
        ],
        "about": [
            {
                "href": "https:\/\/interdesign.com.pt\/en\/wp-json\/wp\/v2\/types\/collection"
            }
        ],
        "author": [
            {
                "embeddable": true,
                "href": "https:\/\/interdesign.com.pt\/en\/wp-json\/wp\/v2\/users\/1"
            }
        ],
        "version-history": [
            {
                "count": 34,
                "href": "https:\/\/interdesign.com.pt\/en\/wp-json\/wp\/v2\/collection\/76021\/revisions"
            }
        ],
        "predecessor-version": [
            {
                "id": 80260,
                "href": "https:\/\/interdesign.com.pt\/en\/wp-json\/wp\/v2\/collection\/76021\/revisions\/80260"
            }
        ],
        "wp:featuredmedia": [
            {
                "embeddable": true,
                "href": "https:\/\/interdesign.com.pt\/en\/wp-json\/wp\/v2\/media\/10231"
            }
        ],
        "wp:attachment": [
            {
                "href": "https:\/\/interdesign.com.pt\/en\/wp-json\/wp\/v2\/media?parent=76021"
            }
        ],
        "curies": [
            {
                "name": "wp",
                "href": "https:\/\/api.w.org\/{rel}",
                "templated": true
            }
        ]
    }
}