{
    "id": 4883,
    "date": "2025-05-13T10:49:53",
    "date_gmt": "2025-05-13T10:49:53",
    "guid": {
        "rendered": "https:\/\/interdesign.ad-pulse.com\/?page_id=4883"
    },
    "modified": "2026-04-15T14:56:29",
    "modified_gmt": "2026-04-15T14:56:29",
    "slug": "portfolio",
    "status": "publish",
    "type": "page",
    "link": "https:\/\/interdesign.com.pt\/en\/portfolio\/",
    "title": {
        "rendered": "Portfolio"
    },
    "content": {
        "rendered": "<div data-elementor-type=\"wp-page\" data-elementor-id=\"4883\" class=\"elementor elementor-4883\" data-elementor-post-type=\"page\">\n\t\t\t\t<div class=\"elementor-element elementor-element-3900530 e-con-full e-flex e-con e-parent\" data-id=\"3900530\" data-element_type=\"container\" data-e-type=\"container\">\n\t\t<div class=\"elementor-element elementor-element-bb89bff e-flex e-con-boxed e-con e-child\" data-id=\"bb89bff\" data-element_type=\"container\" data-e-type=\"container\" data-settings=\"{&quot;background_background&quot;:&quot;video&quot;,&quot;background_video_link&quot;:&quot;https:\\\/\\\/interdesign.com.pt\\\/en\\\/home-tour-by-interdesign-4\\\/&quot;,&quot;background_play_on_mobile&quot;:&quot;yes&quot;,&quot;background_video_start&quot;:0,&quot;background_video_end&quot;:20}\">\n\t\t\t\t\t<div class=\"e-con-inner\">\n\t\t<div class=\"elementor-background-video-container\">\n\t\t\t\t\t\t\t<video class=\"elementor-background-video-hosted\" role=\"presentation\" autoplay muted playsinline loop><\/video>\n\t\t\t\t\t<\/div><div class=\"elementor-element elementor-element-627e96b e-con-full e-flex e-con e-child\" data-id=\"627e96b\" data-element_type=\"container\" data-e-type=\"container\">\n\t\t\t\t<div class=\"elementor-element elementor-element-8cdc576 elementor-widget elementor-widget-heading\" data-id=\"8cdc576\" data-element_type=\"widget\" data-e-type=\"widget\" data-widget_type=\"heading.default\">\n\t\t\t\t<div class=\"elementor-widget-container\">\n\t\t\t\t\t<h1 class=\"elementor-heading-title elementor-size-default\">Portfolio<\/h1>\t\t\t\t<\/div>\n\t\t\t\t<\/div>\n\t\t\t\t<div class=\"elementor-element elementor-element-5ae2c36 elementor-widget elementor-widget-heading\" data-id=\"5ae2c36\" data-element_type=\"widget\" data-e-type=\"widget\" data-widget_type=\"heading.default\">\n\t\t\t\t<div class=\"elementor-widget-container\">\n\t\t\t\t\t<h2 class=\"elementor-heading-title elementor-size-default\">Each project tells a story<\/h2>\t\t\t\t<\/div>\n\t\t\t\t<\/div>\n\t\t\t\t<\/div>\n\t\t\t\t<div class=\"elementor-element elementor-element-b501f7c elementor-widget elementor-widget-text-editor\" data-id=\"b501f7c\" data-element_type=\"widget\" data-e-type=\"widget\" data-widget_type=\"text-editor.default\">\n\t\t\t\t<div class=\"elementor-widget-container\">\n\t\t\t\t\t\t\t\t\t<p>At Interdesign, we create spaces tailored to those who inhabit them.<\/p><p>Each project is an extension of your identity, designed with precision, built with soul.\u00a0Each image you see here represents a unique process, where detail makes the difference and design gains purpose.<\/p><p><strong>Explore. Be inspired. And imagine what we can create together.<\/strong><\/p>\t\t\t\t\t\t\t\t<\/div>\n\t\t\t\t<\/div>\n\t\t\t\t\t<\/div>\n\t\t\t\t<\/div>\n\t\t\t\t<\/div>\n\t\t<div class=\"elementor-element elementor-element-bca4002 e-con-full e-flex e-con e-parent\" data-id=\"bca4002\" data-element_type=\"container\" data-e-type=\"container\">\n\t\t<div class=\"elementor-element elementor-element-aa3fb0c e-con-full e-flex e-con e-child\" data-id=\"aa3fb0c\" data-element_type=\"container\" data-e-type=\"container\">\n\t\t\t\t<div class=\"elementor-element elementor-element-d8eeab2 e-n-tabs-none elementor-widget elementor-widget-n-tabs\" data-id=\"d8eeab2\" data-element_type=\"widget\" data-e-type=\"widget\" data-settings=\"{&quot;tabs_justify_horizontal_mobile&quot;:&quot;start&quot;,&quot;horizontal_scroll_mobile&quot;:&quot;enable&quot;,&quot;horizontal_scroll&quot;:&quot;disable&quot;}\" data-widget_type=\"nested-tabs.default\">\n\t\t\t\t<div class=\"elementor-widget-container\">\n\t\t\t\t\t\t\t<div class=\"e-n-tabs\" data-widget-number=\"227470002\" aria-label=\"#!trpst#trp-gettext data-trpgettextoriginal=6332#!trpen#Separadores. Abra itens com Enter ou Espa\u00e7o, feche com Escape e navegue utilizando as teclas de seta.#!trpst#\/trp-gettext#!trpen#\">\n\t\t\t<div class=\"e-n-tabs-heading\" role=\"tablist\">\n\t\t\t\t\t<button id=\"e-n-tab-title-2274700021\" data-tab-title-id=\"e-n-tab-title-2274700021\" class=\"e-n-tab-title\" aria-selected=\"true\" data-tab-index=\"1\" role=\"tab\" tabindex=\"0\" aria-controls=\"e-n-tab-content-2274700021\" style=\"--n-tabs-title-order: 1;\">\n\t\t\t\t\t\t<span class=\"e-n-tab-title-text\">\n\t\t\t\tPrivate Projects\t\t\t<\/span>\n\t\t<\/button>\n\t\t\t\t<button id=\"contract-projects\" data-tab-title-id=\"e-n-tab-title-2274700022\" class=\"e-n-tab-title\" aria-selected=\"false\" data-tab-index=\"2\" role=\"tab\" tabindex=\"-1\" aria-controls=\"e-n-tab-content-2274700022\" style=\"--n-tabs-title-order: 2;\">\n\t\t\t\t\t\t<span class=\"e-n-tab-title-text\">\n\t\t\t\tContract Projects\t\t\t<\/span>\n\t\t<\/button>\n\t\t\t\t\t<\/div>\n\t\t\t<div class=\"e-n-tabs-content\">\n\t\t\t\t<div id=\"e-n-tab-content-2274700021\" role=\"tabpanel\" aria-labelledby=\"e-n-tab-title-2274700021\" data-tab-index=\"1\" style=\"--n-tabs-title-order: 1;\" class=\"e-active elementor-element elementor-element-9822af1 e-con-full e-flex e-con e-child\" data-id=\"9822af1\" data-element_type=\"container\" data-e-type=\"container\">\n\t\t\t\t<div class=\"elementor-element elementor-element-8d60e2f elementor-grid-4 elementor-grid-laptop-3 elementor-grid-tablet-2 elementor-grid-mobile-1 elementor-widget elementor-widget-loop-grid\" data-id=\"8d60e2f\" data-element_type=\"widget\" data-e-type=\"widget\" id=\"portfolioprivate_posts\" data-settings=\"{&quot;template_id&quot;:&quot;4493&quot;,&quot;columns&quot;:4,&quot;row_gap&quot;:{&quot;unit&quot;:&quot;px&quot;,&quot;size&quot;:70,&quot;sizes&quot;:[]},&quot;columns_laptop&quot;:3,&quot;row_gap_mobile&quot;:{&quot;unit&quot;:&quot;px&quot;,&quot;size&quot;:50,&quot;sizes&quot;:[]},&quot;row_gap_laptop&quot;:{&quot;unit&quot;:&quot;px&quot;,&quot;size&quot;:50,&quot;sizes&quot;:[]},&quot;_skin&quot;:&quot;post&quot;,&quot;columns_tablet&quot;:&quot;2&quot;,&quot;columns_mobile&quot;:&quot;1&quot;,&quot;edit_handle_selector&quot;:&quot;[data-elementor-type=\\&quot;loop-item\\&quot;]&quot;,&quot;row_gap_tablet&quot;:{&quot;unit&quot;:&quot;px&quot;,&quot;size&quot;:&quot;&quot;,&quot;sizes&quot;:[]}}\" data-widget_type=\"loop-grid.post\">\n\t\t\t\t<div class=\"elementor-widget-container\">\n\t\t\t\t\t\t\t<div class=\"elementor-loop-container elementor-grid\" role=\"list\">\n\t\t<style id=\"loop-4493\">.elementor-4493 .elementor-element.elementor-element-cf3d45d{--display:flex;--flex-direction:column;--container-widget-width:100%;--container-widget-height:initial;--container-widget-flex-grow:0;--container-widget-align-self:initial;--flex-wrap-mobile:wrap;--justify-content:flex-start;--gap:0px 0px;--row-gap:0px;--column-gap:0px;--padding-top:0px;--padding-bottom:0px;--padding-left:0px;--padding-right:0px;}.elementor-widget-theme-post-featured-image .widget-image-caption{color:var( --e-global-color-text );font-family:var( --e-global-typography-text-font-family ), Sans-serif;font-size:var( --e-global-typography-text-font-size );font-weight:var( --e-global-typography-text-font-weight );line-height:var( --e-global-typography-text-line-height );letter-spacing:var( --e-global-typography-text-letter-spacing );}.elementor-4493 .elementor-element.elementor-element-c967a26 img{width:100%;}.elementor-4493 .elementor-element.elementor-element-01bf9ff{--display:flex;--flex-direction:column;--container-widget-width:100%;--container-widget-height:initial;--container-widget-flex-grow:0;--container-widget-align-self:initial;--flex-wrap-mobile:wrap;}.elementor-widget-theme-post-title .elementor-heading-title{font-family:var( --e-global-typography-primary-font-family ), Sans-serif;font-size:var( --e-global-typography-primary-font-size );font-weight:var( --e-global-typography-primary-font-weight );line-height:var( --e-global-typography-primary-line-height );letter-spacing:var( --e-global-typography-primary-letter-spacing );color:var( --e-global-color-primary );}.elementor-4493 .elementor-element.elementor-element-078c37a .elementor-heading-title{font-family:var( --e-global-typography-accent-font-family ), Sans-serif;font-size:var( --e-global-typography-accent-font-size );font-weight:var( --e-global-typography-accent-font-weight );line-height:var( --e-global-typography-accent-line-height );letter-spacing:var( --e-global-typography-accent-letter-spacing );}.elementor-4493 .elementor-element.elementor-element-078c37a{width:var( --container-widget-width, 75% );max-width:75%;--container-widget-width:75%;--container-widget-flex-grow:0;}@media(max-width:1400px){.elementor-widget-theme-post-featured-image .widget-image-caption{font-size:var( --e-global-typography-text-font-size );line-height:var( --e-global-typography-text-line-height );letter-spacing:var( --e-global-typography-text-letter-spacing );}.elementor-4493 .elementor-element.elementor-element-01bf9ff{--flex-direction:column;--container-widget-width:100%;--container-widget-height:initial;--container-widget-flex-grow:0;--container-widget-align-self:initial;--flex-wrap-mobile:wrap;--gap:20px 20px;--row-gap:20px;--column-gap:20px;}.elementor-widget-theme-post-title .elementor-heading-title{font-size:var( --e-global-typography-primary-font-size );line-height:var( --e-global-typography-primary-line-height );letter-spacing:var( --e-global-typography-primary-letter-spacing );}.elementor-4493 .elementor-element.elementor-element-078c37a .elementor-heading-title{font-size:var( --e-global-typography-accent-font-size );line-height:var( --e-global-typography-accent-line-height );letter-spacing:var( --e-global-typography-accent-letter-spacing );}}@media(max-width:1024px){.elementor-widget-theme-post-featured-image .widget-image-caption{font-size:var( --e-global-typography-text-font-size );line-height:var( --e-global-typography-text-line-height );letter-spacing:var( --e-global-typography-text-letter-spacing );}.elementor-4493 .elementor-element.elementor-element-01bf9ff{--flex-direction:column;--container-widget-width:100%;--container-widget-height:initial;--container-widget-flex-grow:0;--container-widget-align-self:initial;--flex-wrap-mobile:wrap;}.elementor-widget-theme-post-title .elementor-heading-title{font-size:var( --e-global-typography-primary-font-size );line-height:var( --e-global-typography-primary-line-height );letter-spacing:var( --e-global-typography-primary-letter-spacing );}.elementor-4493 .elementor-element.elementor-element-078c37a .elementor-heading-title{font-size:var( --e-global-typography-accent-font-size );line-height:var( --e-global-typography-accent-line-height );letter-spacing:var( --e-global-typography-accent-letter-spacing );}}@media(max-width:767px){.elementor-4493 .elementor-element.elementor-element-cf3d45d{--justify-content:flex-start;}.elementor-widget-theme-post-featured-image .widget-image-caption{font-size:var( --e-global-typography-text-font-size );line-height:var( --e-global-typography-text-line-height );letter-spacing:var( --e-global-typography-text-letter-spacing );}.elementor-widget-theme-post-title .elementor-heading-title{font-size:var( --e-global-typography-primary-font-size );line-height:var( --e-global-typography-primary-line-height );letter-spacing:var( --e-global-typography-primary-letter-spacing );}.elementor-4493 .elementor-element.elementor-element-078c37a .elementor-heading-title{font-size:var( --e-global-typography-accent-font-size );line-height:var( --e-global-typography-accent-line-height );letter-spacing:var( --e-global-typography-accent-letter-spacing );}}\/* Start custom CSS for theme-post-featured-image, class: .elementor-element-c967a26 *\/.elementor-4493 .elementor-element.elementor-element-c967a26 img {\n    aspect-ratio: 1\/1;\n    object-fit: cover;\n}\/* End custom CSS *\/<\/style>\t\t<div data-elementor-type=\"loop-item\" data-elementor-id=\"4493\" class=\"elementor elementor-4493 e-loop-item e-loop-item-76055 post-76055 portfolio type-portfolio status-publish has-post-thumbnail hentry portfolio-category-private\" data-elementor-post-type=\"elementor_library\" data-custom-edit-handle=\"1\">\n\t\t\t<a class=\"elementor-element elementor-element-cf3d45d e-flex e-con-boxed e-con e-parent\" data-id=\"cf3d45d\" data-element_type=\"container\" data-e-type=\"container\" href=\"https:\/\/interdesign.com.pt\/en\/portfolio\/house-of-the-month-march-2026\/\">\n\t\t\t\t\t<div class=\"e-con-inner\">\n\t\t\t\t<div class=\"elementor-element elementor-element-c967a26 elementor-widget elementor-widget-theme-post-featured-image elementor-widget-image\" data-id=\"c967a26\" data-element_type=\"widget\" data-e-type=\"widget\" data-widget_type=\"theme-post-featured-image.default\">\n\t\t\t\t<div class=\"elementor-widget-container\">\n\t\t\t\t\t\t\t\t\t\t\t\t\t\t\t<img fetchpriority=\"high\" decoding=\"async\" width=\"1200\" height=\"748\" src=\"https:\/\/interdesign.com.pt\/wp-content\/uploads\/2026\/04\/casa-mes-marco-interdesign-capa.jpg\" class=\"attachment-full size-full wp-image-76080 wvs-archive-product-image\" alt=\"\" srcset=\"https:\/\/interdesign.com.pt\/wp-content\/uploads\/2026\/04\/casa-mes-marco-interdesign-capa.jpg 1200w, https:\/\/interdesign.com.pt\/wp-content\/uploads\/2026\/04\/casa-mes-marco-interdesign-capa-300x187.jpg 300w, https:\/\/interdesign.com.pt\/wp-content\/uploads\/2026\/04\/casa-mes-marco-interdesign-capa-1024x638.jpg 1024w, https:\/\/interdesign.com.pt\/wp-content\/uploads\/2026\/04\/casa-mes-marco-interdesign-capa-768x479.jpg 768w, https:\/\/interdesign.com.pt\/wp-content\/uploads\/2026\/04\/casa-mes-marco-interdesign-capa-18x12.jpg 18w, https:\/\/interdesign.com.pt\/wp-content\/uploads\/2026\/04\/casa-mes-marco-interdesign-capa-1000x623.jpg 1000w\" sizes=\"(max-width: 1200px) 100vw, 1200px\" \/>\t\t\t\t\t\t\t\t\t\t\t\t\t\t\t<\/div>\n\t\t\t\t<\/div>\n\t\t<div class=\"elementor-element elementor-element-01bf9ff e-con-full e-flex e-con e-child\" data-id=\"01bf9ff\" data-element_type=\"container\" data-e-type=\"container\">\n\t\t\t\t<div class=\"elementor-element elementor-element-078c37a elementor-widget__width-initial elementor-widget elementor-widget-theme-post-title elementor-page-title elementor-widget-heading\" data-id=\"078c37a\" data-element_type=\"widget\" data-e-type=\"widget\" data-widget_type=\"theme-post-title.default\">\n\t\t\t\t<div class=\"elementor-widget-container\">\n\t\t\t\t\t<p class=\"elementor-heading-title elementor-size-default\">House of the Month &#8211; March 2026<\/p>\t\t\t\t<\/div>\n\t\t\t\t<\/div>\n\t\t\t\t<\/div>\n\t\t\t\t\t<\/div>\n\t\t\t\t<\/a>\n\t\t\t\t<\/div>\n\t\t\t\t<div data-elementor-type=\"loop-item\" data-elementor-id=\"4493\" class=\"elementor elementor-4493 e-loop-item e-loop-item-76087 post-76087 portfolio type-portfolio status-publish has-post-thumbnail hentry portfolio-category-private\" data-elementor-post-type=\"elementor_library\" data-custom-edit-handle=\"1\">\n\t\t\t<a class=\"elementor-element elementor-element-cf3d45d e-flex e-con-boxed e-con e-parent\" data-id=\"cf3d45d\" data-element_type=\"container\" data-e-type=\"container\" href=\"https:\/\/interdesign.com.pt\/en\/portfolio\/house-of-the-month-january-2026\/\">\n\t\t\t\t\t<div class=\"e-con-inner\">\n\t\t\t\t<div class=\"elementor-element elementor-element-c967a26 elementor-widget elementor-widget-theme-post-featured-image elementor-widget-image\" data-id=\"c967a26\" data-element_type=\"widget\" data-e-type=\"widget\" data-widget_type=\"theme-post-featured-image.default\">\n\t\t\t\t<div class=\"elementor-widget-container\">\n\t\t\t\t\t\t\t\t\t\t\t\t\t\t\t<img decoding=\"async\" width=\"1200\" height=\"748\" src=\"https:\/\/interdesign.com.pt\/wp-content\/uploads\/2026\/04\/casa-mes-janeiro-interdesign-capa.jpg\" class=\"attachment-full size-full wp-image-76089 wvs-archive-product-image\" alt=\"\" srcset=\"https:\/\/interdesign.com.pt\/wp-content\/uploads\/2026\/04\/casa-mes-janeiro-interdesign-capa.jpg 1200w, https:\/\/interdesign.com.pt\/wp-content\/uploads\/2026\/04\/casa-mes-janeiro-interdesign-capa-300x187.jpg 300w, https:\/\/interdesign.com.pt\/wp-content\/uploads\/2026\/04\/casa-mes-janeiro-interdesign-capa-1024x638.jpg 1024w, https:\/\/interdesign.com.pt\/wp-content\/uploads\/2026\/04\/casa-mes-janeiro-interdesign-capa-768x479.jpg 768w, https:\/\/interdesign.com.pt\/wp-content\/uploads\/2026\/04\/casa-mes-janeiro-interdesign-capa-18x12.jpg 18w, https:\/\/interdesign.com.pt\/wp-content\/uploads\/2026\/04\/casa-mes-janeiro-interdesign-capa-1000x623.jpg 1000w\" sizes=\"(max-width: 1200px) 100vw, 1200px\" \/>\t\t\t\t\t\t\t\t\t\t\t\t\t\t\t<\/div>\n\t\t\t\t<\/div>\n\t\t<div class=\"elementor-element elementor-element-01bf9ff e-con-full e-flex e-con e-child\" data-id=\"01bf9ff\" data-element_type=\"container\" data-e-type=\"container\">\n\t\t\t\t<div class=\"elementor-element elementor-element-078c37a elementor-widget__width-initial elementor-widget elementor-widget-theme-post-title elementor-page-title elementor-widget-heading\" data-id=\"078c37a\" data-element_type=\"widget\" data-e-type=\"widget\" data-widget_type=\"theme-post-title.default\">\n\t\t\t\t<div class=\"elementor-widget-container\">\n\t\t\t\t\t<p class=\"elementor-heading-title elementor-size-default\">House of the Month &#8211; January 2026<\/p>\t\t\t\t<\/div>\n\t\t\t\t<\/div>\n\t\t\t\t<\/div>\n\t\t\t\t\t<\/div>\n\t\t\t\t<\/a>\n\t\t\t\t<\/div>\n\t\t\t\t<div data-elementor-type=\"loop-item\" data-elementor-id=\"4493\" class=\"elementor elementor-4493 e-loop-item e-loop-item-76122 post-76122 portfolio type-portfolio status-publish has-post-thumbnail hentry portfolio-category-private\" data-elementor-post-type=\"elementor_library\" data-custom-edit-handle=\"1\">\n\t\t\t<a class=\"elementor-element elementor-element-cf3d45d e-flex e-con-boxed e-con e-parent\" data-id=\"cf3d45d\" data-element_type=\"container\" data-e-type=\"container\" href=\"https:\/\/interdesign.com.pt\/en\/portfolio\/house-of-the-month-december-2025\/\">\n\t\t\t\t\t<div class=\"e-con-inner\">\n\t\t\t\t<div class=\"elementor-element elementor-element-c967a26 elementor-widget elementor-widget-theme-post-featured-image elementor-widget-image\" data-id=\"c967a26\" data-element_type=\"widget\" data-e-type=\"widget\" data-widget_type=\"theme-post-featured-image.default\">\n\t\t\t\t<div class=\"elementor-widget-container\">\n\t\t\t\t\t\t\t\t\t\t\t\t\t\t\t<img decoding=\"async\" width=\"1200\" height=\"748\" src=\"https:\/\/interdesign.com.pt\/wp-content\/uploads\/2025\/12\/casa-mes-dezembro-interdesign-capa.jpg\" class=\"attachment-full size-full wp-image-76149 wvs-archive-product-image\" alt=\"\" srcset=\"https:\/\/interdesign.com.pt\/wp-content\/uploads\/2025\/12\/casa-mes-dezembro-interdesign-capa.jpg 1200w, https:\/\/interdesign.com.pt\/wp-content\/uploads\/2025\/12\/casa-mes-dezembro-interdesign-capa-300x187.jpg 300w, https:\/\/interdesign.com.pt\/wp-content\/uploads\/2025\/12\/casa-mes-dezembro-interdesign-capa-1024x638.jpg 1024w, https:\/\/interdesign.com.pt\/wp-content\/uploads\/2025\/12\/casa-mes-dezembro-interdesign-capa-768x479.jpg 768w, https:\/\/interdesign.com.pt\/wp-content\/uploads\/2025\/12\/casa-mes-dezembro-interdesign-capa-18x12.jpg 18w, https:\/\/interdesign.com.pt\/wp-content\/uploads\/2025\/12\/casa-mes-dezembro-interdesign-capa-1000x623.jpg 1000w\" sizes=\"(max-width: 1200px) 100vw, 1200px\" \/>\t\t\t\t\t\t\t\t\t\t\t\t\t\t\t<\/div>\n\t\t\t\t<\/div>\n\t\t<div class=\"elementor-element elementor-element-01bf9ff e-con-full e-flex e-con e-child\" data-id=\"01bf9ff\" data-element_type=\"container\" data-e-type=\"container\">\n\t\t\t\t<div class=\"elementor-element elementor-element-078c37a elementor-widget__width-initial elementor-widget elementor-widget-theme-post-title elementor-page-title elementor-widget-heading\" data-id=\"078c37a\" data-element_type=\"widget\" data-e-type=\"widget\" data-widget_type=\"theme-post-title.default\">\n\t\t\t\t<div class=\"elementor-widget-container\">\n\t\t\t\t\t<p class=\"elementor-heading-title elementor-size-default\">House of the Month &#8211; December 2025<\/p>\t\t\t\t<\/div>\n\t\t\t\t<\/div>\n\t\t\t\t<\/div>\n\t\t\t\t\t<\/div>\n\t\t\t\t<\/a>\n\t\t\t\t<\/div>\n\t\t\t\t<div data-elementor-type=\"loop-item\" data-elementor-id=\"4493\" class=\"elementor elementor-4493 e-loop-item e-loop-item-67013 post-67013 portfolio type-portfolio status-publish has-post-thumbnail hentry portfolio-category-private\" data-elementor-post-type=\"elementor_library\" data-custom-edit-handle=\"1\">\n\t\t\t<a class=\"elementor-element elementor-element-cf3d45d e-flex e-con-boxed e-con e-parent\" data-id=\"cf3d45d\" data-element_type=\"container\" data-e-type=\"container\" href=\"https:\/\/interdesign.com.pt\/en\/portfolio\/house-of-the-month-october-2025\/\">\n\t\t\t\t\t<div class=\"e-con-inner\">\n\t\t\t\t<div class=\"elementor-element elementor-element-c967a26 elementor-widget elementor-widget-theme-post-featured-image elementor-widget-image\" data-id=\"c967a26\" data-element_type=\"widget\" data-e-type=\"widget\" data-widget_type=\"theme-post-featured-image.default\">\n\t\t\t\t<div class=\"elementor-widget-container\">\n\t\t\t\t\t\t\t\t\t\t\t\t\t\t\t<img loading=\"lazy\" decoding=\"async\" width=\"1200\" height=\"748\" src=\"https:\/\/interdesign.com.pt\/wp-content\/uploads\/2025\/10\/casa-mes-outubro-interdesign-capa.jpg.jpeg\" class=\"attachment-full size-full wp-image-68545 wvs-archive-product-image\" alt=\"\" srcset=\"https:\/\/interdesign.com.pt\/wp-content\/uploads\/2025\/10\/casa-mes-outubro-interdesign-capa.jpg.jpeg 1200w, https:\/\/interdesign.com.pt\/wp-content\/uploads\/2025\/10\/casa-mes-outubro-interdesign-capa.jpg-300x187.jpeg 300w, https:\/\/interdesign.com.pt\/wp-content\/uploads\/2025\/10\/casa-mes-outubro-interdesign-capa.jpg-1000x623.jpeg 1000w, https:\/\/interdesign.com.pt\/wp-content\/uploads\/2025\/10\/casa-mes-outubro-interdesign-capa.jpg-1024x638.jpeg 1024w, https:\/\/interdesign.com.pt\/wp-content\/uploads\/2025\/10\/casa-mes-outubro-interdesign-capa.jpg-768x479.jpeg 768w, https:\/\/interdesign.com.pt\/wp-content\/uploads\/2025\/10\/casa-mes-outubro-interdesign-capa.jpg-18x12.jpeg 18w\" sizes=\"(max-width: 1200px) 100vw, 1200px\" \/>\t\t\t\t\t\t\t\t\t\t\t\t\t\t\t<\/div>\n\t\t\t\t<\/div>\n\t\t<div class=\"elementor-element elementor-element-01bf9ff e-con-full e-flex e-con e-child\" data-id=\"01bf9ff\" data-element_type=\"container\" data-e-type=\"container\">\n\t\t\t\t<div class=\"elementor-element elementor-element-078c37a elementor-widget__width-initial elementor-widget elementor-widget-theme-post-title elementor-page-title elementor-widget-heading\" data-id=\"078c37a\" data-element_type=\"widget\" data-e-type=\"widget\" data-widget_type=\"theme-post-title.default\">\n\t\t\t\t<div class=\"elementor-widget-container\">\n\t\t\t\t\t<p class=\"elementor-heading-title elementor-size-default\">House of the Month &#8211; October 2025<\/p>\t\t\t\t<\/div>\n\t\t\t\t<\/div>\n\t\t\t\t<\/div>\n\t\t\t\t\t<\/div>\n\t\t\t\t<\/a>\n\t\t\t\t<\/div>\n\t\t\t\t<div data-elementor-type=\"loop-item\" data-elementor-id=\"4493\" class=\"elementor elementor-4493 e-loop-item e-loop-item-66948 post-66948 portfolio type-portfolio status-publish has-post-thumbnail hentry portfolio-category-private\" data-elementor-post-type=\"elementor_library\" data-custom-edit-handle=\"1\">\n\t\t\t<a class=\"elementor-element elementor-element-cf3d45d e-flex e-con-boxed e-con e-parent\" data-id=\"cf3d45d\" data-element_type=\"container\" data-e-type=\"container\" href=\"https:\/\/interdesign.com.pt\/en\/portfolio\/house-of-the-month-september-2025\/\">\n\t\t\t\t\t<div class=\"e-con-inner\">\n\t\t\t\t<div class=\"elementor-element elementor-element-c967a26 elementor-widget elementor-widget-theme-post-featured-image elementor-widget-image\" data-id=\"c967a26\" data-element_type=\"widget\" data-e-type=\"widget\" data-widget_type=\"theme-post-featured-image.default\">\n\t\t\t\t<div class=\"elementor-widget-container\">\n\t\t\t\t\t\t\t\t\t\t\t\t\t\t\t<img loading=\"lazy\" decoding=\"async\" width=\"1920\" height=\"1197\" src=\"https:\/\/interdesign.com.pt\/wp-content\/uploads\/2025\/10\/casa-mes-setembro-interdesign-capa.jpg.jpeg\" class=\"attachment-full size-full wp-image-68547 wvs-archive-product-image\" alt=\"\" srcset=\"https:\/\/interdesign.com.pt\/wp-content\/uploads\/2025\/10\/casa-mes-setembro-interdesign-capa.jpg.jpeg 1920w, https:\/\/interdesign.com.pt\/wp-content\/uploads\/2025\/10\/casa-mes-setembro-interdesign-capa.jpg-300x187.jpeg 300w, https:\/\/interdesign.com.pt\/wp-content\/uploads\/2025\/10\/casa-mes-setembro-interdesign-capa.jpg-1000x623.jpeg 1000w, https:\/\/interdesign.com.pt\/wp-content\/uploads\/2025\/10\/casa-mes-setembro-interdesign-capa.jpg-1024x638.jpeg 1024w, https:\/\/interdesign.com.pt\/wp-content\/uploads\/2025\/10\/casa-mes-setembro-interdesign-capa.jpg-768x479.jpeg 768w, https:\/\/interdesign.com.pt\/wp-content\/uploads\/2025\/10\/casa-mes-setembro-interdesign-capa.jpg-1536x958.jpeg 1536w, https:\/\/interdesign.com.pt\/wp-content\/uploads\/2025\/10\/casa-mes-setembro-interdesign-capa.jpg-18x12.jpeg 18w\" sizes=\"(max-width: 1920px) 100vw, 1920px\" \/>\t\t\t\t\t\t\t\t\t\t\t\t\t\t\t<\/div>\n\t\t\t\t<\/div>\n\t\t<div class=\"elementor-element elementor-element-01bf9ff e-con-full e-flex e-con e-child\" data-id=\"01bf9ff\" data-element_type=\"container\" data-e-type=\"container\">\n\t\t\t\t<div class=\"elementor-element elementor-element-078c37a elementor-widget__width-initial elementor-widget elementor-widget-theme-post-title elementor-page-title elementor-widget-heading\" data-id=\"078c37a\" data-element_type=\"widget\" data-e-type=\"widget\" data-widget_type=\"theme-post-title.default\">\n\t\t\t\t<div class=\"elementor-widget-container\">\n\t\t\t\t\t<p class=\"elementor-heading-title elementor-size-default\">House of the Month &#8211; September 2025<\/p>\t\t\t\t<\/div>\n\t\t\t\t<\/div>\n\t\t\t\t<\/div>\n\t\t\t\t\t<\/div>\n\t\t\t\t<\/a>\n\t\t\t\t<\/div>\n\t\t\t\t<div data-elementor-type=\"loop-item\" data-elementor-id=\"4493\" class=\"elementor elementor-4493 e-loop-item e-loop-item-66894 post-66894 portfolio type-portfolio status-publish has-post-thumbnail hentry portfolio-category-private\" data-elementor-post-type=\"elementor_library\" data-custom-edit-handle=\"1\">\n\t\t\t<a class=\"elementor-element elementor-element-cf3d45d e-flex e-con-boxed e-con e-parent\" data-id=\"cf3d45d\" data-element_type=\"container\" data-e-type=\"container\" href=\"https:\/\/interdesign.com.pt\/en\/portfolio\/house-of-the-month-august-2025\/\">\n\t\t\t\t\t<div class=\"e-con-inner\">\n\t\t\t\t<div class=\"elementor-element elementor-element-c967a26 elementor-widget elementor-widget-theme-post-featured-image elementor-widget-image\" data-id=\"c967a26\" data-element_type=\"widget\" data-e-type=\"widget\" data-widget_type=\"theme-post-featured-image.default\">\n\t\t\t\t<div class=\"elementor-widget-container\">\n\t\t\t\t\t\t\t\t\t\t\t\t\t\t\t<img loading=\"lazy\" decoding=\"async\" width=\"1920\" height=\"1197\" src=\"https:\/\/interdesign.com.pt\/wp-content\/uploads\/2025\/08\/casa-mes-agosto-interdesign-capa.jpg.jpeg\" class=\"attachment-full size-full wp-image-68549 wvs-archive-product-image\" alt=\"\" srcset=\"https:\/\/interdesign.com.pt\/wp-content\/uploads\/2025\/08\/casa-mes-agosto-interdesign-capa.jpg.jpeg 1920w, https:\/\/interdesign.com.pt\/wp-content\/uploads\/2025\/08\/casa-mes-agosto-interdesign-capa.jpg-300x187.jpeg 300w, https:\/\/interdesign.com.pt\/wp-content\/uploads\/2025\/08\/casa-mes-agosto-interdesign-capa.jpg-1000x623.jpeg 1000w, https:\/\/interdesign.com.pt\/wp-content\/uploads\/2025\/08\/casa-mes-agosto-interdesign-capa.jpg-1024x638.jpeg 1024w, https:\/\/interdesign.com.pt\/wp-content\/uploads\/2025\/08\/casa-mes-agosto-interdesign-capa.jpg-768x479.jpeg 768w, https:\/\/interdesign.com.pt\/wp-content\/uploads\/2025\/08\/casa-mes-agosto-interdesign-capa.jpg-1536x958.jpeg 1536w, https:\/\/interdesign.com.pt\/wp-content\/uploads\/2025\/08\/casa-mes-agosto-interdesign-capa.jpg-18x12.jpeg 18w\" sizes=\"(max-width: 1920px) 100vw, 1920px\" \/>\t\t\t\t\t\t\t\t\t\t\t\t\t\t\t<\/div>\n\t\t\t\t<\/div>\n\t\t<div class=\"elementor-element elementor-element-01bf9ff e-con-full e-flex e-con e-child\" data-id=\"01bf9ff\" data-element_type=\"container\" data-e-type=\"container\">\n\t\t\t\t<div class=\"elementor-element elementor-element-078c37a elementor-widget__width-initial elementor-widget elementor-widget-theme-post-title elementor-page-title elementor-widget-heading\" data-id=\"078c37a\" data-element_type=\"widget\" data-e-type=\"widget\" data-widget_type=\"theme-post-title.default\">\n\t\t\t\t<div class=\"elementor-widget-container\">\n\t\t\t\t\t<p class=\"elementor-heading-title elementor-size-default\">House of the Month &#8211; August 2025<\/p>\t\t\t\t<\/div>\n\t\t\t\t<\/div>\n\t\t\t\t<\/div>\n\t\t\t\t\t<\/div>\n\t\t\t\t<\/a>\n\t\t\t\t<\/div>\n\t\t\t\t<div data-elementor-type=\"loop-item\" data-elementor-id=\"4493\" class=\"elementor elementor-4493 e-loop-item e-loop-item-66795 post-66795 portfolio type-portfolio status-publish has-post-thumbnail hentry portfolio-category-private\" data-elementor-post-type=\"elementor_library\" data-custom-edit-handle=\"1\">\n\t\t\t<a class=\"elementor-element elementor-element-cf3d45d e-flex e-con-boxed e-con e-parent\" data-id=\"cf3d45d\" data-element_type=\"container\" data-e-type=\"container\" href=\"https:\/\/interdesign.com.pt\/en\/portfolio\/house-of-the-month-july-2025\/\">\n\t\t\t\t\t<div class=\"e-con-inner\">\n\t\t\t\t<div class=\"elementor-element elementor-element-c967a26 elementor-widget elementor-widget-theme-post-featured-image elementor-widget-image\" data-id=\"c967a26\" data-element_type=\"widget\" data-e-type=\"widget\" data-widget_type=\"theme-post-featured-image.default\">\n\t\t\t\t<div class=\"elementor-widget-container\">\n\t\t\t\t\t\t\t\t\t\t\t\t\t\t\t<img loading=\"lazy\" decoding=\"async\" width=\"1920\" height=\"1197\" src=\"https:\/\/interdesign.com.pt\/wp-content\/uploads\/2025\/07\/casa-mes-julho-interdesign-capa.jpg.jpeg\" class=\"attachment-full size-full wp-image-68551 wvs-archive-product-image\" alt=\"\" srcset=\"https:\/\/interdesign.com.pt\/wp-content\/uploads\/2025\/07\/casa-mes-julho-interdesign-capa.jpg.jpeg 1920w, https:\/\/interdesign.com.pt\/wp-content\/uploads\/2025\/07\/casa-mes-julho-interdesign-capa.jpg-300x187.jpeg 300w, https:\/\/interdesign.com.pt\/wp-content\/uploads\/2025\/07\/casa-mes-julho-interdesign-capa.jpg-1000x623.jpeg 1000w, https:\/\/interdesign.com.pt\/wp-content\/uploads\/2025\/07\/casa-mes-julho-interdesign-capa.jpg-1024x638.jpeg 1024w, https:\/\/interdesign.com.pt\/wp-content\/uploads\/2025\/07\/casa-mes-julho-interdesign-capa.jpg-768x479.jpeg 768w, https:\/\/interdesign.com.pt\/wp-content\/uploads\/2025\/07\/casa-mes-julho-interdesign-capa.jpg-1536x958.jpeg 1536w, https:\/\/interdesign.com.pt\/wp-content\/uploads\/2025\/07\/casa-mes-julho-interdesign-capa.jpg-18x12.jpeg 18w\" sizes=\"(max-width: 1920px) 100vw, 1920px\" \/>\t\t\t\t\t\t\t\t\t\t\t\t\t\t\t<\/div>\n\t\t\t\t<\/div>\n\t\t<div class=\"elementor-element elementor-element-01bf9ff e-con-full e-flex e-con e-child\" data-id=\"01bf9ff\" data-element_type=\"container\" data-e-type=\"container\">\n\t\t\t\t<div class=\"elementor-element elementor-element-078c37a elementor-widget__width-initial elementor-widget elementor-widget-theme-post-title elementor-page-title elementor-widget-heading\" data-id=\"078c37a\" data-element_type=\"widget\" data-e-type=\"widget\" data-widget_type=\"theme-post-title.default\">\n\t\t\t\t<div class=\"elementor-widget-container\">\n\t\t\t\t\t<p class=\"elementor-heading-title elementor-size-default\">House of the Month &#8211; July 2025<\/p>\t\t\t\t<\/div>\n\t\t\t\t<\/div>\n\t\t\t\t<\/div>\n\t\t\t\t\t<\/div>\n\t\t\t\t<\/a>\n\t\t\t\t<\/div>\n\t\t\t\t<div data-elementor-type=\"loop-item\" data-elementor-id=\"4493\" class=\"elementor elementor-4493 e-loop-item e-loop-item-66738 post-66738 portfolio type-portfolio status-publish has-post-thumbnail hentry portfolio-category-private\" data-elementor-post-type=\"elementor_library\" data-custom-edit-handle=\"1\">\n\t\t\t<a class=\"elementor-element elementor-element-cf3d45d e-flex e-con-boxed e-con e-parent\" data-id=\"cf3d45d\" data-element_type=\"container\" data-e-type=\"container\" href=\"https:\/\/interdesign.com.pt\/en\/portfolio\/house-of-the-month-june-2025\/\">\n\t\t\t\t\t<div class=\"e-con-inner\">\n\t\t\t\t<div class=\"elementor-element elementor-element-c967a26 elementor-widget elementor-widget-theme-post-featured-image elementor-widget-image\" data-id=\"c967a26\" data-element_type=\"widget\" data-e-type=\"widget\" data-widget_type=\"theme-post-featured-image.default\">\n\t\t\t\t<div class=\"elementor-widget-container\">\n\t\t\t\t\t\t\t\t\t\t\t\t\t\t\t<img loading=\"lazy\" decoding=\"async\" width=\"1400\" height=\"873\" src=\"https:\/\/interdesign.com.pt\/wp-content\/uploads\/2025\/06\/casa-mes-junho-interdesign-capa.jpg\" class=\"attachment-full size-full wp-image-76184 wvs-archive-product-image\" alt=\"\" srcset=\"https:\/\/interdesign.com.pt\/wp-content\/uploads\/2025\/06\/casa-mes-junho-interdesign-capa.jpg 1400w, https:\/\/interdesign.com.pt\/wp-content\/uploads\/2025\/06\/casa-mes-junho-interdesign-capa-300x187.jpg 300w, https:\/\/interdesign.com.pt\/wp-content\/uploads\/2025\/06\/casa-mes-junho-interdesign-capa-1024x639.jpg 1024w, https:\/\/interdesign.com.pt\/wp-content\/uploads\/2025\/06\/casa-mes-junho-interdesign-capa-768x479.jpg 768w, https:\/\/interdesign.com.pt\/wp-content\/uploads\/2025\/06\/casa-mes-junho-interdesign-capa-18x12.jpg 18w, https:\/\/interdesign.com.pt\/wp-content\/uploads\/2025\/06\/casa-mes-junho-interdesign-capa-1000x624.jpg 1000w\" sizes=\"(max-width: 1400px) 100vw, 1400px\" \/>\t\t\t\t\t\t\t\t\t\t\t\t\t\t\t<\/div>\n\t\t\t\t<\/div>\n\t\t<div class=\"elementor-element elementor-element-01bf9ff e-con-full e-flex e-con e-child\" data-id=\"01bf9ff\" data-element_type=\"container\" data-e-type=\"container\">\n\t\t\t\t<div class=\"elementor-element elementor-element-078c37a elementor-widget__width-initial elementor-widget elementor-widget-theme-post-title elementor-page-title elementor-widget-heading\" data-id=\"078c37a\" data-element_type=\"widget\" data-e-type=\"widget\" data-widget_type=\"theme-post-title.default\">\n\t\t\t\t<div class=\"elementor-widget-container\">\n\t\t\t\t\t<p class=\"elementor-heading-title elementor-size-default\">House of the Month &#8211; June 2025<\/p>\t\t\t\t<\/div>\n\t\t\t\t<\/div>\n\t\t\t\t<\/div>\n\t\t\t\t\t<\/div>\n\t\t\t\t<\/a>\n\t\t\t\t<\/div>\n\t\t\t\t<div data-elementor-type=\"loop-item\" data-elementor-id=\"4493\" class=\"elementor elementor-4493 e-loop-item e-loop-item-66669 post-66669 portfolio type-portfolio status-publish has-post-thumbnail hentry portfolio-category-private\" data-elementor-post-type=\"elementor_library\" data-custom-edit-handle=\"1\">\n\t\t\t<a class=\"elementor-element elementor-element-cf3d45d e-flex e-con-boxed e-con e-parent\" data-id=\"cf3d45d\" data-element_type=\"container\" data-e-type=\"container\" href=\"https:\/\/interdesign.com.pt\/en\/portfolio\/house-of-the-month-may-2025\/\">\n\t\t\t\t\t<div class=\"e-con-inner\">\n\t\t\t\t<div class=\"elementor-element elementor-element-c967a26 elementor-widget elementor-widget-theme-post-featured-image elementor-widget-image\" data-id=\"c967a26\" data-element_type=\"widget\" data-e-type=\"widget\" data-widget_type=\"theme-post-featured-image.default\">\n\t\t\t\t<div class=\"elementor-widget-container\">\n\t\t\t\t\t\t\t\t\t\t\t\t\t\t\t<img loading=\"lazy\" decoding=\"async\" width=\"1600\" height=\"997\" src=\"https:\/\/interdesign.com.pt\/wp-content\/uploads\/2025\/05\/casa_mes_maio_interdesign_capa.jpg.jpeg\" class=\"attachment-full size-full wp-image-68553 wvs-archive-product-image\" alt=\"\" srcset=\"https:\/\/interdesign.com.pt\/wp-content\/uploads\/2025\/05\/casa_mes_maio_interdesign_capa.jpg.jpeg 1600w, https:\/\/interdesign.com.pt\/wp-content\/uploads\/2025\/05\/casa_mes_maio_interdesign_capa.jpg-300x187.jpeg 300w, https:\/\/interdesign.com.pt\/wp-content\/uploads\/2025\/05\/casa_mes_maio_interdesign_capa.jpg-1000x623.jpeg 1000w, https:\/\/interdesign.com.pt\/wp-content\/uploads\/2025\/05\/casa_mes_maio_interdesign_capa.jpg-1024x638.jpeg 1024w, https:\/\/interdesign.com.pt\/wp-content\/uploads\/2025\/05\/casa_mes_maio_interdesign_capa.jpg-768x479.jpeg 768w, https:\/\/interdesign.com.pt\/wp-content\/uploads\/2025\/05\/casa_mes_maio_interdesign_capa.jpg-1536x957.jpeg 1536w, https:\/\/interdesign.com.pt\/wp-content\/uploads\/2025\/05\/casa_mes_maio_interdesign_capa.jpg-18x12.jpeg 18w\" sizes=\"(max-width: 1600px) 100vw, 1600px\" \/>\t\t\t\t\t\t\t\t\t\t\t\t\t\t\t<\/div>\n\t\t\t\t<\/div>\n\t\t<div class=\"elementor-element elementor-element-01bf9ff e-con-full e-flex e-con e-child\" data-id=\"01bf9ff\" data-element_type=\"container\" data-e-type=\"container\">\n\t\t\t\t<div class=\"elementor-element elementor-element-078c37a elementor-widget__width-initial elementor-widget elementor-widget-theme-post-title elementor-page-title elementor-widget-heading\" data-id=\"078c37a\" data-element_type=\"widget\" data-e-type=\"widget\" data-widget_type=\"theme-post-title.default\">\n\t\t\t\t<div class=\"elementor-widget-container\">\n\t\t\t\t\t<p class=\"elementor-heading-title elementor-size-default\">House of the Month &#8211; May 2025<\/p>\t\t\t\t<\/div>\n\t\t\t\t<\/div>\n\t\t\t\t<\/div>\n\t\t\t\t\t<\/div>\n\t\t\t\t<\/a>\n\t\t\t\t<\/div>\n\t\t\t\t<div data-elementor-type=\"loop-item\" data-elementor-id=\"4493\" class=\"elementor elementor-4493 e-loop-item e-loop-item-66621 post-66621 portfolio type-portfolio status-publish has-post-thumbnail hentry portfolio-category-private\" data-elementor-post-type=\"elementor_library\" data-custom-edit-handle=\"1\">\n\t\t\t<a class=\"elementor-element elementor-element-cf3d45d e-flex e-con-boxed e-con e-parent\" data-id=\"cf3d45d\" data-element_type=\"container\" data-e-type=\"container\" href=\"https:\/\/interdesign.com.pt\/en\/portfolio\/casa-do-mes-abril-2025\/\">\n\t\t\t\t\t<div class=\"e-con-inner\">\n\t\t\t\t<div class=\"elementor-element elementor-element-c967a26 elementor-widget elementor-widget-theme-post-featured-image elementor-widget-image\" data-id=\"c967a26\" data-element_type=\"widget\" data-e-type=\"widget\" data-widget_type=\"theme-post-featured-image.default\">\n\t\t\t\t<div class=\"elementor-widget-container\">\n\t\t\t\t\t\t\t\t\t\t\t\t\t\t\t<img loading=\"lazy\" decoding=\"async\" width=\"1600\" height=\"997\" src=\"https:\/\/interdesign.com.pt\/wp-content\/uploads\/2025\/04\/casa_mes_abril_interdesign_capa.jpg.jpeg\" class=\"attachment-full size-full wp-image-68543 wvs-archive-product-image\" alt=\"\" srcset=\"https:\/\/interdesign.com.pt\/wp-content\/uploads\/2025\/04\/casa_mes_abril_interdesign_capa.jpg.jpeg 1600w, https:\/\/interdesign.com.pt\/wp-content\/uploads\/2025\/04\/casa_mes_abril_interdesign_capa.jpg-300x187.jpeg 300w, https:\/\/interdesign.com.pt\/wp-content\/uploads\/2025\/04\/casa_mes_abril_interdesign_capa.jpg-1000x623.jpeg 1000w, https:\/\/interdesign.com.pt\/wp-content\/uploads\/2025\/04\/casa_mes_abril_interdesign_capa.jpg-1024x638.jpeg 1024w, https:\/\/interdesign.com.pt\/wp-content\/uploads\/2025\/04\/casa_mes_abril_interdesign_capa.jpg-768x479.jpeg 768w, https:\/\/interdesign.com.pt\/wp-content\/uploads\/2025\/04\/casa_mes_abril_interdesign_capa.jpg-1536x957.jpeg 1536w, https:\/\/interdesign.com.pt\/wp-content\/uploads\/2025\/04\/casa_mes_abril_interdesign_capa.jpg-18x12.jpeg 18w\" sizes=\"(max-width: 1600px) 100vw, 1600px\" \/>\t\t\t\t\t\t\t\t\t\t\t\t\t\t\t<\/div>\n\t\t\t\t<\/div>\n\t\t<div class=\"elementor-element elementor-element-01bf9ff e-con-full e-flex e-con e-child\" data-id=\"01bf9ff\" data-element_type=\"container\" data-e-type=\"container\">\n\t\t\t\t<div class=\"elementor-element elementor-element-078c37a elementor-widget__width-initial elementor-widget elementor-widget-theme-post-title elementor-page-title elementor-widget-heading\" data-id=\"078c37a\" data-element_type=\"widget\" data-e-type=\"widget\" data-widget_type=\"theme-post-title.default\">\n\t\t\t\t<div class=\"elementor-widget-container\">\n\t\t\t\t\t<p class=\"elementor-heading-title elementor-size-default\">House of the Month &#8211; April 2025<\/p>\t\t\t\t<\/div>\n\t\t\t\t<\/div>\n\t\t\t\t<\/div>\n\t\t\t\t\t<\/div>\n\t\t\t\t<\/a>\n\t\t\t\t<\/div>\n\t\t\t\t<div data-elementor-type=\"loop-item\" data-elementor-id=\"4493\" class=\"elementor elementor-4493 e-loop-item e-loop-item-66605 post-66605 portfolio type-portfolio status-publish has-post-thumbnail hentry portfolio-category-private\" data-elementor-post-type=\"elementor_library\" data-custom-edit-handle=\"1\">\n\t\t\t<a class=\"elementor-element elementor-element-cf3d45d e-flex e-con-boxed e-con e-parent\" data-id=\"cf3d45d\" data-element_type=\"container\" data-e-type=\"container\" href=\"https:\/\/interdesign.com.pt\/en\/portfolio\/house-of-the-month-march-2025\/\">\n\t\t\t\t\t<div class=\"e-con-inner\">\n\t\t\t\t<div class=\"elementor-element elementor-element-c967a26 elementor-widget elementor-widget-theme-post-featured-image elementor-widget-image\" data-id=\"c967a26\" data-element_type=\"widget\" data-e-type=\"widget\" data-widget_type=\"theme-post-featured-image.default\">\n\t\t\t\t<div class=\"elementor-widget-container\">\n\t\t\t\t\t\t\t\t\t\t\t\t\t\t\t<img loading=\"lazy\" decoding=\"async\" width=\"1920\" height=\"1197\" src=\"https:\/\/interdesign.com.pt\/wp-content\/uploads\/2025\/03\/casa_mes_marco_interdesign_capa.jpg.jpeg\" class=\"attachment-full size-full wp-image-68555 wvs-archive-product-image\" alt=\"\" srcset=\"https:\/\/interdesign.com.pt\/wp-content\/uploads\/2025\/03\/casa_mes_marco_interdesign_capa.jpg.jpeg 1920w, https:\/\/interdesign.com.pt\/wp-content\/uploads\/2025\/03\/casa_mes_marco_interdesign_capa.jpg-300x187.jpeg 300w, https:\/\/interdesign.com.pt\/wp-content\/uploads\/2025\/03\/casa_mes_marco_interdesign_capa.jpg-1000x623.jpeg 1000w, https:\/\/interdesign.com.pt\/wp-content\/uploads\/2025\/03\/casa_mes_marco_interdesign_capa.jpg-1024x638.jpeg 1024w, https:\/\/interdesign.com.pt\/wp-content\/uploads\/2025\/03\/casa_mes_marco_interdesign_capa.jpg-768x479.jpeg 768w, https:\/\/interdesign.com.pt\/wp-content\/uploads\/2025\/03\/casa_mes_marco_interdesign_capa.jpg-1536x958.jpeg 1536w, https:\/\/interdesign.com.pt\/wp-content\/uploads\/2025\/03\/casa_mes_marco_interdesign_capa.jpg-18x12.jpeg 18w\" sizes=\"(max-width: 1920px) 100vw, 1920px\" \/>\t\t\t\t\t\t\t\t\t\t\t\t\t\t\t<\/div>\n\t\t\t\t<\/div>\n\t\t<div class=\"elementor-element elementor-element-01bf9ff e-con-full e-flex e-con e-child\" data-id=\"01bf9ff\" data-element_type=\"container\" data-e-type=\"container\">\n\t\t\t\t<div class=\"elementor-element elementor-element-078c37a elementor-widget__width-initial elementor-widget elementor-widget-theme-post-title elementor-page-title elementor-widget-heading\" data-id=\"078c37a\" data-element_type=\"widget\" data-e-type=\"widget\" data-widget_type=\"theme-post-title.default\">\n\t\t\t\t<div class=\"elementor-widget-container\">\n\t\t\t\t\t<p class=\"elementor-heading-title elementor-size-default\">House of the Month &#8211; March 2025<\/p>\t\t\t\t<\/div>\n\t\t\t\t<\/div>\n\t\t\t\t<\/div>\n\t\t\t\t\t<\/div>\n\t\t\t\t<\/a>\n\t\t\t\t<\/div>\n\t\t\t\t<div data-elementor-type=\"loop-item\" data-elementor-id=\"4493\" class=\"elementor elementor-4493 e-loop-item e-loop-item-66531 post-66531 portfolio type-portfolio status-publish has-post-thumbnail hentry portfolio-category-private\" data-elementor-post-type=\"elementor_library\" data-custom-edit-handle=\"1\">\n\t\t\t<a class=\"elementor-element elementor-element-cf3d45d e-flex e-con-boxed e-con e-parent\" data-id=\"cf3d45d\" data-element_type=\"container\" data-e-type=\"container\" href=\"https:\/\/interdesign.com.pt\/en\/portfolio\/house-of-the-month-february-2025\/\">\n\t\t\t\t\t<div class=\"e-con-inner\">\n\t\t\t\t<div class=\"elementor-element elementor-element-c967a26 elementor-widget elementor-widget-theme-post-featured-image elementor-widget-image\" data-id=\"c967a26\" data-element_type=\"widget\" data-e-type=\"widget\" data-widget_type=\"theme-post-featured-image.default\">\n\t\t\t\t<div class=\"elementor-widget-container\">\n\t\t\t\t\t\t\t\t\t\t\t\t\t\t\t<img loading=\"lazy\" decoding=\"async\" width=\"1920\" height=\"1197\" src=\"https:\/\/interdesign.com.pt\/wp-content\/uploads\/2025\/02\/casa_mes_fevereiro_interdesign_capa.jpg.jpeg\" class=\"attachment-full size-full wp-image-68557 wvs-archive-product-image\" alt=\"\" srcset=\"https:\/\/interdesign.com.pt\/wp-content\/uploads\/2025\/02\/casa_mes_fevereiro_interdesign_capa.jpg.jpeg 1920w, https:\/\/interdesign.com.pt\/wp-content\/uploads\/2025\/02\/casa_mes_fevereiro_interdesign_capa.jpg-300x187.jpeg 300w, https:\/\/interdesign.com.pt\/wp-content\/uploads\/2025\/02\/casa_mes_fevereiro_interdesign_capa.jpg-1000x623.jpeg 1000w, https:\/\/interdesign.com.pt\/wp-content\/uploads\/2025\/02\/casa_mes_fevereiro_interdesign_capa.jpg-1024x638.jpeg 1024w, https:\/\/interdesign.com.pt\/wp-content\/uploads\/2025\/02\/casa_mes_fevereiro_interdesign_capa.jpg-768x479.jpeg 768w, https:\/\/interdesign.com.pt\/wp-content\/uploads\/2025\/02\/casa_mes_fevereiro_interdesign_capa.jpg-1536x958.jpeg 1536w, https:\/\/interdesign.com.pt\/wp-content\/uploads\/2025\/02\/casa_mes_fevereiro_interdesign_capa.jpg-18x12.jpeg 18w\" sizes=\"(max-width: 1920px) 100vw, 1920px\" \/>\t\t\t\t\t\t\t\t\t\t\t\t\t\t\t<\/div>\n\t\t\t\t<\/div>\n\t\t<div class=\"elementor-element elementor-element-01bf9ff e-con-full e-flex e-con e-child\" data-id=\"01bf9ff\" data-element_type=\"container\" data-e-type=\"container\">\n\t\t\t\t<div class=\"elementor-element elementor-element-078c37a elementor-widget__width-initial elementor-widget elementor-widget-theme-post-title elementor-page-title elementor-widget-heading\" data-id=\"078c37a\" data-element_type=\"widget\" data-e-type=\"widget\" data-widget_type=\"theme-post-title.default\">\n\t\t\t\t<div class=\"elementor-widget-container\">\n\t\t\t\t\t<p class=\"elementor-heading-title elementor-size-default\">House of the Month &#8211; February 2025<\/p>\t\t\t\t<\/div>\n\t\t\t\t<\/div>\n\t\t\t\t<\/div>\n\t\t\t\t\t<\/div>\n\t\t\t\t<\/a>\n\t\t\t\t<\/div>\n\t\t\t\t<\/div>\n\t\t\n\t\t\t\t\t\t<\/div>\n\t\t\t\t<\/div>\n\t\t\t\t<div class=\"elementor-element elementor-element-5c9e0e8 elementor-widget-mobile__width-inherit elementor-widget elementor-widget-jet-smart-filters-pagination\" data-id=\"5c9e0e8\" data-element_type=\"widget\" data-e-type=\"widget\" data-widget_type=\"jet-smart-filters-pagination.default\">\n\t\t\t\t<div class=\"elementor-widget-container\">\n\t\t\t\t\t<div\n\t\t\t\tclass=\"jet-smart-filters-pagination jet-filter\"\n\t\t\t\tdata-apply-provider=\"epro-loop-builder\"\n\t\t\t\tdata-content-provider=\"epro-loop-builder\"\n\t\t\t\tdata-query-id=\"portfolioprivate_posts\"\n\t\t\t\tdata-controls=\"{&quot;items_enabled&quot;:false,&quot;nav_enabled&quot;:false,&quot;load_more_enabled&quot;:true,&quot;load_more_text&quot;:&quot;Load More&quot;}\"\n\t\t\t\tdata-apply-type=\"mixed\"\n\t\t\t><\/div>\t\t\t\t<\/div>\n\t\t\t\t<\/div>\n\t\t\t\t<\/div>\n\t\t<div id=\"e-n-tab-content-2274700022\" role=\"tabpanel\" aria-labelledby=\"contract-projects\" data-tab-index=\"2\" style=\"--n-tabs-title-order: 2;\" class=\"elementor-element elementor-element-2f2a1d5 e-con-full e-flex e-con e-child\" data-id=\"2f2a1d5\" data-element_type=\"container\" data-e-type=\"container\">\n\t\t\t\t<div class=\"elementor-element elementor-element-4c57b10 elementor-grid-4 elementor-grid-laptop-3 elementor-grid-tablet-2 elementor-grid-mobile-1 elementor-widget elementor-widget-loop-grid\" data-id=\"4c57b10\" data-element_type=\"widget\" data-e-type=\"widget\" id=\"portfoliocontract_posts\" data-settings=\"{&quot;template_id&quot;:&quot;4493&quot;,&quot;columns&quot;:4,&quot;row_gap&quot;:{&quot;unit&quot;:&quot;px&quot;,&quot;size&quot;:70,&quot;sizes&quot;:[]},&quot;columns_laptop&quot;:3,&quot;row_gap_mobile&quot;:{&quot;unit&quot;:&quot;px&quot;,&quot;size&quot;:50,&quot;sizes&quot;:[]},&quot;row_gap_laptop&quot;:{&quot;unit&quot;:&quot;px&quot;,&quot;size&quot;:50,&quot;sizes&quot;:[]},&quot;_skin&quot;:&quot;post&quot;,&quot;columns_tablet&quot;:&quot;2&quot;,&quot;columns_mobile&quot;:&quot;1&quot;,&quot;edit_handle_selector&quot;:&quot;[data-elementor-type=\\&quot;loop-item\\&quot;]&quot;,&quot;row_gap_tablet&quot;:{&quot;unit&quot;:&quot;px&quot;,&quot;size&quot;:&quot;&quot;,&quot;sizes&quot;:[]}}\" data-widget_type=\"loop-grid.post\">\n\t\t\t\t<div class=\"elementor-widget-container\">\n\t\t\t\t\t\t\t<div class=\"elementor-loop-container elementor-grid\" role=\"list\">\n\t\t\t\t<div data-elementor-type=\"loop-item\" data-elementor-id=\"4493\" class=\"elementor elementor-4493 e-loop-item e-loop-item-5288 post-5288 portfolio type-portfolio status-publish has-post-thumbnail hentry portfolio-category-contract portfolio-category-shops\" data-elementor-post-type=\"elementor_library\" data-custom-edit-handle=\"1\">\n\t\t\t<a class=\"elementor-element elementor-element-cf3d45d e-flex e-con-boxed e-con e-parent\" data-id=\"cf3d45d\" data-element_type=\"container\" data-e-type=\"container\" href=\"https:\/\/interdesign.com.pt\/en\/portfolio\/pertutti-fashion-store\/\">\n\t\t\t\t\t<div class=\"e-con-inner\">\n\t\t\t\t<div class=\"elementor-element elementor-element-c967a26 elementor-widget elementor-widget-theme-post-featured-image elementor-widget-image\" data-id=\"c967a26\" data-element_type=\"widget\" data-e-type=\"widget\" data-widget_type=\"theme-post-featured-image.default\">\n\t\t\t\t<div class=\"elementor-widget-container\">\n\t\t\t\t\t\t\t\t\t\t\t\t\t\t\t<img loading=\"lazy\" decoding=\"async\" width=\"1920\" height=\"1910\" src=\"https:\/\/interdesign.com.pt\/wp-content\/uploads\/2025\/07\/Pertutti1.jpg\" class=\"attachment-full size-full wp-image-8340 wvs-archive-product-image\" alt=\"Portf\u00f3lio | Projetos Contract | Loja Pertutti Fashion\" srcset=\"https:\/\/interdesign.com.pt\/wp-content\/uploads\/2025\/07\/Pertutti1.jpg 1920w, https:\/\/interdesign.com.pt\/wp-content\/uploads\/2025\/07\/Pertutti1-300x298.jpg 300w, https:\/\/interdesign.com.pt\/wp-content\/uploads\/2025\/07\/Pertutti1-100x100.jpg 100w, https:\/\/interdesign.com.pt\/wp-content\/uploads\/2025\/07\/Pertutti1-1000x995.jpg 1000w, https:\/\/interdesign.com.pt\/wp-content\/uploads\/2025\/07\/Pertutti1-1024x1019.jpg 1024w, https:\/\/interdesign.com.pt\/wp-content\/uploads\/2025\/07\/Pertutti1-150x150.jpg 150w, https:\/\/interdesign.com.pt\/wp-content\/uploads\/2025\/07\/Pertutti1-768x764.jpg 768w, https:\/\/interdesign.com.pt\/wp-content\/uploads\/2025\/07\/Pertutti1-1536x1528.jpg 1536w, https:\/\/interdesign.com.pt\/wp-content\/uploads\/2025\/07\/Pertutti1-12x12.jpg 12w\" sizes=\"(max-width: 1920px) 100vw, 1920px\" \/>\t\t\t\t\t\t\t\t\t\t\t\t\t\t\t<\/div>\n\t\t\t\t<\/div>\n\t\t<div class=\"elementor-element elementor-element-01bf9ff e-con-full e-flex e-con e-child\" data-id=\"01bf9ff\" data-element_type=\"container\" data-e-type=\"container\">\n\t\t\t\t<div class=\"elementor-element elementor-element-078c37a elementor-widget__width-initial elementor-widget elementor-widget-theme-post-title elementor-page-title elementor-widget-heading\" data-id=\"078c37a\" data-element_type=\"widget\" data-e-type=\"widget\" data-widget_type=\"theme-post-title.default\">\n\t\t\t\t<div class=\"elementor-widget-container\">\n\t\t\t\t\t<p class=\"elementor-heading-title elementor-size-default\">Pertutti Fashion Store<\/p>\t\t\t\t<\/div>\n\t\t\t\t<\/div>\n\t\t\t\t<\/div>\n\t\t\t\t\t<\/div>\n\t\t\t\t<\/a>\n\t\t\t\t<\/div>\n\t\t\t\t<div data-elementor-type=\"loop-item\" data-elementor-id=\"4493\" class=\"elementor elementor-4493 e-loop-item e-loop-item-5982 post-5982 portfolio type-portfolio status-publish has-post-thumbnail hentry portfolio-category-contract portfolio-category-hotels\" data-elementor-post-type=\"elementor_library\" data-custom-edit-handle=\"1\">\n\t\t\t<a class=\"elementor-element elementor-element-cf3d45d e-flex e-con-boxed e-con e-parent\" data-id=\"cf3d45d\" data-element_type=\"container\" data-e-type=\"container\" href=\"https:\/\/interdesign.com.pt\/en\/portfolio\/madrid-hotel\/\">\n\t\t\t\t\t<div class=\"e-con-inner\">\n\t\t\t\t<div class=\"elementor-element elementor-element-c967a26 elementor-widget elementor-widget-theme-post-featured-image elementor-widget-image\" data-id=\"c967a26\" data-element_type=\"widget\" data-e-type=\"widget\" data-widget_type=\"theme-post-featured-image.default\">\n\t\t\t\t<div class=\"elementor-widget-container\">\n\t\t\t\t\t\t\t\t\t\t\t\t\t\t\t<img loading=\"lazy\" decoding=\"async\" width=\"1920\" height=\"1440\" src=\"https:\/\/interdesign.com.pt\/wp-content\/uploads\/2025\/05\/hotel_madrid.jpg\" class=\"attachment-full size-full wp-image-8951 wvs-archive-product-image\" alt=\"\" srcset=\"https:\/\/interdesign.com.pt\/wp-content\/uploads\/2025\/05\/hotel_madrid.jpg 1920w, https:\/\/interdesign.com.pt\/wp-content\/uploads\/2025\/05\/hotel_madrid-300x225.jpg 300w, https:\/\/interdesign.com.pt\/wp-content\/uploads\/2025\/05\/hotel_madrid-1000x750.jpg 1000w, https:\/\/interdesign.com.pt\/wp-content\/uploads\/2025\/05\/hotel_madrid-1024x768.jpg 1024w, https:\/\/interdesign.com.pt\/wp-content\/uploads\/2025\/05\/hotel_madrid-768x576.jpg 768w, https:\/\/interdesign.com.pt\/wp-content\/uploads\/2025\/05\/hotel_madrid-1536x1152.jpg 1536w, https:\/\/interdesign.com.pt\/wp-content\/uploads\/2025\/05\/hotel_madrid-16x12.jpg 16w\" sizes=\"(max-width: 1920px) 100vw, 1920px\" \/>\t\t\t\t\t\t\t\t\t\t\t\t\t\t\t<\/div>\n\t\t\t\t<\/div>\n\t\t<div class=\"elementor-element elementor-element-01bf9ff e-con-full e-flex e-con e-child\" data-id=\"01bf9ff\" data-element_type=\"container\" data-e-type=\"container\">\n\t\t\t\t<div class=\"elementor-element elementor-element-078c37a elementor-widget__width-initial elementor-widget elementor-widget-theme-post-title elementor-page-title elementor-widget-heading\" data-id=\"078c37a\" data-element_type=\"widget\" data-e-type=\"widget\" data-widget_type=\"theme-post-title.default\">\n\t\t\t\t<div class=\"elementor-widget-container\">\n\t\t\t\t\t<p class=\"elementor-heading-title elementor-size-default\">Madrid Hotel<\/p>\t\t\t\t<\/div>\n\t\t\t\t<\/div>\n\t\t\t\t<\/div>\n\t\t\t\t\t<\/div>\n\t\t\t\t<\/a>\n\t\t\t\t<\/div>\n\t\t\t\t<div data-elementor-type=\"loop-item\" data-elementor-id=\"4493\" class=\"elementor elementor-4493 e-loop-item e-loop-item-5709 post-5709 portfolio type-portfolio status-publish has-post-thumbnail hentry portfolio-category-contract portfolio-category-offices\" data-elementor-post-type=\"elementor_library\" data-custom-edit-handle=\"1\">\n\t\t\t<a class=\"elementor-element elementor-element-cf3d45d e-flex e-con-boxed e-con e-parent\" data-id=\"cf3d45d\" data-element_type=\"container\" data-e-type=\"container\" href=\"https:\/\/interdesign.com.pt\/en\/portfolio\/destak-real-estate-viseu\/\">\n\t\t\t\t\t<div class=\"e-con-inner\">\n\t\t\t\t<div class=\"elementor-element elementor-element-c967a26 elementor-widget elementor-widget-theme-post-featured-image elementor-widget-image\" data-id=\"c967a26\" data-element_type=\"widget\" data-e-type=\"widget\" data-widget_type=\"theme-post-featured-image.default\">\n\t\t\t\t<div class=\"elementor-widget-container\">\n\t\t\t\t\t\t\t\t\t\t\t\t\t\t\t<img loading=\"lazy\" decoding=\"async\" width=\"1920\" height=\"1281\" src=\"https:\/\/interdesign.com.pt\/wp-content\/uploads\/2025\/05\/destak_escritorios.jpg\" class=\"attachment-full size-full wp-image-8946 wvs-archive-product-image\" alt=\"Portf\u00f3lio | Projetos Contract | Imobili\u00e1ria Destak Viseu\" srcset=\"https:\/\/interdesign.com.pt\/wp-content\/uploads\/2025\/05\/destak_escritorios.jpg 1920w, https:\/\/interdesign.com.pt\/wp-content\/uploads\/2025\/05\/destak_escritorios-300x200.jpg 300w, https:\/\/interdesign.com.pt\/wp-content\/uploads\/2025\/05\/destak_escritorios-1000x667.jpg 1000w, https:\/\/interdesign.com.pt\/wp-content\/uploads\/2025\/05\/destak_escritorios-1024x683.jpg 1024w, https:\/\/interdesign.com.pt\/wp-content\/uploads\/2025\/05\/destak_escritorios-768x512.jpg 768w, https:\/\/interdesign.com.pt\/wp-content\/uploads\/2025\/05\/destak_escritorios-1536x1025.jpg 1536w, https:\/\/interdesign.com.pt\/wp-content\/uploads\/2025\/05\/destak_escritorios-18x12.jpg 18w\" sizes=\"(max-width: 1920px) 100vw, 1920px\" \/>\t\t\t\t\t\t\t\t\t\t\t\t\t\t\t<\/div>\n\t\t\t\t<\/div>\n\t\t<div class=\"elementor-element elementor-element-01bf9ff e-con-full e-flex e-con e-child\" data-id=\"01bf9ff\" data-element_type=\"container\" data-e-type=\"container\">\n\t\t\t\t<div class=\"elementor-element elementor-element-078c37a elementor-widget__width-initial elementor-widget elementor-widget-theme-post-title elementor-page-title elementor-widget-heading\" data-id=\"078c37a\" data-element_type=\"widget\" data-e-type=\"widget\" data-widget_type=\"theme-post-title.default\">\n\t\t\t\t<div class=\"elementor-widget-container\">\n\t\t\t\t\t<p class=\"elementor-heading-title elementor-size-default\">Destak Real Estate Viseu<\/p>\t\t\t\t<\/div>\n\t\t\t\t<\/div>\n\t\t\t\t<\/div>\n\t\t\t\t\t<\/div>\n\t\t\t\t<\/a>\n\t\t\t\t<\/div>\n\t\t\t\t<div data-elementor-type=\"loop-item\" data-elementor-id=\"4493\" class=\"elementor elementor-4493 e-loop-item e-loop-item-5932 post-5932 portfolio type-portfolio status-publish has-post-thumbnail hentry portfolio-category-contract portfolio-category-hotels\" data-elementor-post-type=\"elementor_library\" data-custom-edit-handle=\"1\">\n\t\t\t<a class=\"elementor-element elementor-element-cf3d45d e-flex e-con-boxed e-con e-parent\" data-id=\"cf3d45d\" data-element_type=\"container\" data-e-type=\"container\" href=\"https:\/\/interdesign.com.pt\/en\/portfolio\/jase-hotels\/\">\n\t\t\t\t\t<div class=\"e-con-inner\">\n\t\t\t\t<div class=\"elementor-element elementor-element-c967a26 elementor-widget elementor-widget-theme-post-featured-image elementor-widget-image\" data-id=\"c967a26\" data-element_type=\"widget\" data-e-type=\"widget\" data-widget_type=\"theme-post-featured-image.default\">\n\t\t\t\t<div class=\"elementor-widget-container\">\n\t\t\t\t\t\t\t\t\t\t\t\t\t\t\t<img loading=\"lazy\" decoding=\"async\" width=\"1920\" height=\"1080\" src=\"https:\/\/interdesign.com.pt\/wp-content\/uploads\/2025\/05\/DRV_Quartos_2021-Baixa_24-min.jpg\" class=\"attachment-full size-full wp-image-8955 wvs-archive-product-image\" alt=\"Portf\u00f3lio | Projetos Contract | Jase Hotels\" srcset=\"https:\/\/interdesign.com.pt\/wp-content\/uploads\/2025\/05\/DRV_Quartos_2021-Baixa_24-min.jpg 1920w, https:\/\/interdesign.com.pt\/wp-content\/uploads\/2025\/05\/DRV_Quartos_2021-Baixa_24-min-300x169.jpg 300w, https:\/\/interdesign.com.pt\/wp-content\/uploads\/2025\/05\/DRV_Quartos_2021-Baixa_24-min-1000x563.jpg 1000w, https:\/\/interdesign.com.pt\/wp-content\/uploads\/2025\/05\/DRV_Quartos_2021-Baixa_24-min-1024x576.jpg 1024w, https:\/\/interdesign.com.pt\/wp-content\/uploads\/2025\/05\/DRV_Quartos_2021-Baixa_24-min-768x432.jpg 768w, https:\/\/interdesign.com.pt\/wp-content\/uploads\/2025\/05\/DRV_Quartos_2021-Baixa_24-min-1536x864.jpg 1536w, https:\/\/interdesign.com.pt\/wp-content\/uploads\/2025\/05\/DRV_Quartos_2021-Baixa_24-min-18x10.jpg 18w\" sizes=\"(max-width: 1920px) 100vw, 1920px\" \/>\t\t\t\t\t\t\t\t\t\t\t\t\t\t\t<\/div>\n\t\t\t\t<\/div>\n\t\t<div class=\"elementor-element elementor-element-01bf9ff e-con-full e-flex e-con e-child\" data-id=\"01bf9ff\" data-element_type=\"container\" data-e-type=\"container\">\n\t\t\t\t<div class=\"elementor-element elementor-element-078c37a elementor-widget__width-initial elementor-widget elementor-widget-theme-post-title elementor-page-title elementor-widget-heading\" data-id=\"078c37a\" data-element_type=\"widget\" data-e-type=\"widget\" data-widget_type=\"theme-post-title.default\">\n\t\t\t\t<div class=\"elementor-widget-container\">\n\t\t\t\t\t<p class=\"elementor-heading-title elementor-size-default\">Jase Hotels<\/p>\t\t\t\t<\/div>\n\t\t\t\t<\/div>\n\t\t\t\t<\/div>\n\t\t\t\t\t<\/div>\n\t\t\t\t<\/a>\n\t\t\t\t<\/div>\n\t\t\t\t<div data-elementor-type=\"loop-item\" data-elementor-id=\"4493\" class=\"elementor elementor-4493 e-loop-item e-loop-item-5853 post-5853 portfolio type-portfolio status-publish has-post-thumbnail hentry portfolio-category-contract portfolio-category-hotels\" data-elementor-post-type=\"elementor_library\" data-custom-edit-handle=\"1\">\n\t\t\t<a class=\"elementor-element elementor-element-cf3d45d e-flex e-con-boxed e-con e-parent\" data-id=\"cf3d45d\" data-element_type=\"container\" data-e-type=\"container\" href=\"https:\/\/interdesign.com.pt\/en\/portfolio\/geres-hotel\/\">\n\t\t\t\t\t<div class=\"e-con-inner\">\n\t\t\t\t<div class=\"elementor-element elementor-element-c967a26 elementor-widget elementor-widget-theme-post-featured-image elementor-widget-image\" data-id=\"c967a26\" data-element_type=\"widget\" data-e-type=\"widget\" data-widget_type=\"theme-post-featured-image.default\">\n\t\t\t\t<div class=\"elementor-widget-container\">\n\t\t\t\t\t\t\t\t\t\t\t\t\t\t\t<img loading=\"lazy\" decoding=\"async\" width=\"1920\" height=\"1281\" src=\"https:\/\/interdesign.com.pt\/wp-content\/uploads\/2025\/05\/hotel_geres.jpg\" class=\"attachment-full size-full wp-image-8947 wvs-archive-product-image\" alt=\"Portf\u00f3lio | Projetos Contract | Hotel Ger\u00eas\" srcset=\"https:\/\/interdesign.com.pt\/wp-content\/uploads\/2025\/05\/hotel_geres.jpg 1920w, https:\/\/interdesign.com.pt\/wp-content\/uploads\/2025\/05\/hotel_geres-300x200.jpg 300w, https:\/\/interdesign.com.pt\/wp-content\/uploads\/2025\/05\/hotel_geres-1000x667.jpg 1000w, https:\/\/interdesign.com.pt\/wp-content\/uploads\/2025\/05\/hotel_geres-1024x683.jpg 1024w, https:\/\/interdesign.com.pt\/wp-content\/uploads\/2025\/05\/hotel_geres-768x512.jpg 768w, https:\/\/interdesign.com.pt\/wp-content\/uploads\/2025\/05\/hotel_geres-1536x1025.jpg 1536w, https:\/\/interdesign.com.pt\/wp-content\/uploads\/2025\/05\/hotel_geres-18x12.jpg 18w\" sizes=\"(max-width: 1920px) 100vw, 1920px\" \/>\t\t\t\t\t\t\t\t\t\t\t\t\t\t\t<\/div>\n\t\t\t\t<\/div>\n\t\t<div class=\"elementor-element elementor-element-01bf9ff e-con-full e-flex e-con e-child\" data-id=\"01bf9ff\" data-element_type=\"container\" data-e-type=\"container\">\n\t\t\t\t<div class=\"elementor-element elementor-element-078c37a elementor-widget__width-initial elementor-widget elementor-widget-theme-post-title elementor-page-title elementor-widget-heading\" data-id=\"078c37a\" data-element_type=\"widget\" data-e-type=\"widget\" data-widget_type=\"theme-post-title.default\">\n\t\t\t\t<div class=\"elementor-widget-container\">\n\t\t\t\t\t<p class=\"elementor-heading-title elementor-size-default\">Ger\u00eas Hotel<\/p>\t\t\t\t<\/div>\n\t\t\t\t<\/div>\n\t\t\t\t<\/div>\n\t\t\t\t\t<\/div>\n\t\t\t\t<\/a>\n\t\t\t\t<\/div>\n\t\t\t\t<div data-elementor-type=\"loop-item\" data-elementor-id=\"4493\" class=\"elementor elementor-4493 e-loop-item e-loop-item-6128 post-6128 portfolio type-portfolio status-publish has-post-thumbnail hentry portfolio-category-contract portfolio-category-restaurants\" data-elementor-post-type=\"elementor_library\" data-custom-edit-handle=\"1\">\n\t\t\t<a class=\"elementor-element elementor-element-cf3d45d e-flex e-con-boxed e-con e-parent\" data-id=\"cf3d45d\" data-element_type=\"container\" data-e-type=\"container\" href=\"https:\/\/interdesign.com.pt\/en\/portfolio\/portimao-restaurant\/\">\n\t\t\t\t\t<div class=\"e-con-inner\">\n\t\t\t\t<div class=\"elementor-element elementor-element-c967a26 elementor-widget elementor-widget-theme-post-featured-image elementor-widget-image\" data-id=\"c967a26\" data-element_type=\"widget\" data-e-type=\"widget\" data-widget_type=\"theme-post-featured-image.default\">\n\t\t\t\t<div class=\"elementor-widget-container\">\n\t\t\t\t\t\t\t\t\t\t\t\t\t\t\t<img loading=\"lazy\" decoding=\"async\" width=\"1800\" height=\"1200\" src=\"https:\/\/interdesign.com.pt\/wp-content\/uploads\/2025\/05\/20200714-INTERDESIGN-RESTAURANTE-PORTIMAO-041-1.jpg\" class=\"attachment-full size-full wp-image-8958 wvs-archive-product-image\" alt=\"Portf\u00f3lio | Projetos Contract | Restaurante Portim\u00e3o\" srcset=\"https:\/\/interdesign.com.pt\/wp-content\/uploads\/2025\/05\/20200714-INTERDESIGN-RESTAURANTE-PORTIMAO-041-1.jpg 1800w, https:\/\/interdesign.com.pt\/wp-content\/uploads\/2025\/05\/20200714-INTERDESIGN-RESTAURANTE-PORTIMAO-041-1-300x200.jpg 300w, https:\/\/interdesign.com.pt\/wp-content\/uploads\/2025\/05\/20200714-INTERDESIGN-RESTAURANTE-PORTIMAO-041-1-1000x667.jpg 1000w, https:\/\/interdesign.com.pt\/wp-content\/uploads\/2025\/05\/20200714-INTERDESIGN-RESTAURANTE-PORTIMAO-041-1-1024x683.jpg 1024w, https:\/\/interdesign.com.pt\/wp-content\/uploads\/2025\/05\/20200714-INTERDESIGN-RESTAURANTE-PORTIMAO-041-1-768x512.jpg 768w, https:\/\/interdesign.com.pt\/wp-content\/uploads\/2025\/05\/20200714-INTERDESIGN-RESTAURANTE-PORTIMAO-041-1-1536x1024.jpg 1536w, https:\/\/interdesign.com.pt\/wp-content\/uploads\/2025\/05\/20200714-INTERDESIGN-RESTAURANTE-PORTIMAO-041-1-18x12.jpg 18w\" sizes=\"(max-width: 1800px) 100vw, 1800px\" \/>\t\t\t\t\t\t\t\t\t\t\t\t\t\t\t<\/div>\n\t\t\t\t<\/div>\n\t\t<div class=\"elementor-element elementor-element-01bf9ff e-con-full e-flex e-con e-child\" data-id=\"01bf9ff\" data-element_type=\"container\" data-e-type=\"container\">\n\t\t\t\t<div class=\"elementor-element elementor-element-078c37a elementor-widget__width-initial elementor-widget elementor-widget-theme-post-title elementor-page-title elementor-widget-heading\" data-id=\"078c37a\" data-element_type=\"widget\" data-e-type=\"widget\" data-widget_type=\"theme-post-title.default\">\n\t\t\t\t<div class=\"elementor-widget-container\">\n\t\t\t\t\t<p class=\"elementor-heading-title elementor-size-default\">Portim\u00e3o Restaurant<\/p>\t\t\t\t<\/div>\n\t\t\t\t<\/div>\n\t\t\t\t<\/div>\n\t\t\t\t\t<\/div>\n\t\t\t\t<\/a>\n\t\t\t\t<\/div>\n\t\t\t\t<div data-elementor-type=\"loop-item\" data-elementor-id=\"4493\" class=\"elementor elementor-4493 e-loop-item e-loop-item-6172 post-6172 portfolio type-portfolio status-publish has-post-thumbnail hentry portfolio-category-contract portfolio-category-restaurants\" data-elementor-post-type=\"elementor_library\" data-custom-edit-handle=\"1\">\n\t\t\t<a class=\"elementor-element elementor-element-cf3d45d e-flex e-con-boxed e-con e-parent\" data-id=\"cf3d45d\" data-element_type=\"container\" data-e-type=\"container\" href=\"https:\/\/interdesign.com.pt\/en\/portfolio\/perth-brunch-cafe\/\">\n\t\t\t\t\t<div class=\"e-con-inner\">\n\t\t\t\t<div class=\"elementor-element elementor-element-c967a26 elementor-widget elementor-widget-theme-post-featured-image elementor-widget-image\" data-id=\"c967a26\" data-element_type=\"widget\" data-e-type=\"widget\" data-widget_type=\"theme-post-featured-image.default\">\n\t\t\t\t<div class=\"elementor-widget-container\">\n\t\t\t\t\t\t\t\t\t\t\t\t\t\t\t<img loading=\"lazy\" decoding=\"async\" width=\"1920\" height=\"1280\" src=\"https:\/\/interdesign.com.pt\/wp-content\/uploads\/2025\/05\/20200305-INTERDESIGN-PERTH-001.jpg\" class=\"attachment-full size-full wp-image-8957 wvs-archive-product-image\" alt=\"Portf\u00f3lio | Projetos Contract | Perth Brunch Caf\u00e9 | com fotografia Ivo Tavares Studio\" srcset=\"https:\/\/interdesign.com.pt\/wp-content\/uploads\/2025\/05\/20200305-INTERDESIGN-PERTH-001.jpg 1920w, https:\/\/interdesign.com.pt\/wp-content\/uploads\/2025\/05\/20200305-INTERDESIGN-PERTH-001-300x200.jpg 300w, https:\/\/interdesign.com.pt\/wp-content\/uploads\/2025\/05\/20200305-INTERDESIGN-PERTH-001-1000x667.jpg 1000w, https:\/\/interdesign.com.pt\/wp-content\/uploads\/2025\/05\/20200305-INTERDESIGN-PERTH-001-1024x683.jpg 1024w, https:\/\/interdesign.com.pt\/wp-content\/uploads\/2025\/05\/20200305-INTERDESIGN-PERTH-001-768x512.jpg 768w, https:\/\/interdesign.com.pt\/wp-content\/uploads\/2025\/05\/20200305-INTERDESIGN-PERTH-001-1536x1024.jpg 1536w, https:\/\/interdesign.com.pt\/wp-content\/uploads\/2025\/05\/20200305-INTERDESIGN-PERTH-001-18x12.jpg 18w\" sizes=\"(max-width: 1920px) 100vw, 1920px\" \/>\t\t\t\t\t\t\t\t\t\t\t\t\t\t\t<\/div>\n\t\t\t\t<\/div>\n\t\t<div class=\"elementor-element elementor-element-01bf9ff e-con-full e-flex e-con e-child\" data-id=\"01bf9ff\" data-element_type=\"container\" data-e-type=\"container\">\n\t\t\t\t<div class=\"elementor-element elementor-element-078c37a elementor-widget__width-initial elementor-widget elementor-widget-theme-post-title elementor-page-title elementor-widget-heading\" data-id=\"078c37a\" data-element_type=\"widget\" data-e-type=\"widget\" data-widget_type=\"theme-post-title.default\">\n\t\t\t\t<div class=\"elementor-widget-container\">\n\t\t\t\t\t<p class=\"elementor-heading-title elementor-size-default\">Perth Brunch Caf\u00e9<\/p>\t\t\t\t<\/div>\n\t\t\t\t<\/div>\n\t\t\t\t<\/div>\n\t\t\t\t\t<\/div>\n\t\t\t\t<\/a>\n\t\t\t\t<\/div>\n\t\t\t\t<div data-elementor-type=\"loop-item\" data-elementor-id=\"4493\" class=\"elementor elementor-4493 e-loop-item e-loop-item-6075 post-6075 portfolio type-portfolio status-publish has-post-thumbnail hentry portfolio-category-contract portfolio-category-shops\" data-elementor-post-type=\"elementor_library\" data-custom-edit-handle=\"1\">\n\t\t\t<a class=\"elementor-element elementor-element-cf3d45d e-flex e-con-boxed e-con e-parent\" data-id=\"cf3d45d\" data-element_type=\"container\" data-e-type=\"container\" href=\"https:\/\/interdesign.com.pt\/en\/portfolio\/pertutti-store-pacos-de-ferreira\/\">\n\t\t\t\t\t<div class=\"e-con-inner\">\n\t\t\t\t<div class=\"elementor-element elementor-element-c967a26 elementor-widget elementor-widget-theme-post-featured-image elementor-widget-image\" data-id=\"c967a26\" data-element_type=\"widget\" data-e-type=\"widget\" data-widget_type=\"theme-post-featured-image.default\">\n\t\t\t\t<div class=\"elementor-widget-container\">\n\t\t\t\t\t\t\t\t\t\t\t\t\t\t\t<img loading=\"lazy\" decoding=\"async\" width=\"1920\" height=\"1280\" src=\"https:\/\/interdesign.com.pt\/wp-content\/uploads\/2025\/05\/20190326-INTERDESIGN-PER-TUTTI-13.jpg\" class=\"attachment-full size-full wp-image-6076 wvs-archive-product-image\" alt=\"Stores | Interdesign | Per Tutti\" srcset=\"https:\/\/interdesign.com.pt\/wp-content\/uploads\/2025\/05\/20190326-INTERDESIGN-PER-TUTTI-13.jpg 1920w, https:\/\/interdesign.com.pt\/wp-content\/uploads\/2025\/05\/20190326-INTERDESIGN-PER-TUTTI-13-300x200.jpg 300w, https:\/\/interdesign.com.pt\/wp-content\/uploads\/2025\/05\/20190326-INTERDESIGN-PER-TUTTI-13-1000x667.jpg 1000w, https:\/\/interdesign.com.pt\/wp-content\/uploads\/2025\/05\/20190326-INTERDESIGN-PER-TUTTI-13-1024x683.jpg 1024w, https:\/\/interdesign.com.pt\/wp-content\/uploads\/2025\/05\/20190326-INTERDESIGN-PER-TUTTI-13-768x512.jpg 768w, https:\/\/interdesign.com.pt\/wp-content\/uploads\/2025\/05\/20190326-INTERDESIGN-PER-TUTTI-13-1536x1024.jpg 1536w, https:\/\/interdesign.com.pt\/wp-content\/uploads\/2025\/05\/20190326-INTERDESIGN-PER-TUTTI-13-18x12.jpg 18w\" sizes=\"(max-width: 1920px) 100vw, 1920px\" \/>\t\t\t\t\t\t\t\t\t\t\t\t\t\t\t<\/div>\n\t\t\t\t<\/div>\n\t\t<div class=\"elementor-element elementor-element-01bf9ff e-con-full e-flex e-con e-child\" data-id=\"01bf9ff\" data-element_type=\"container\" data-e-type=\"container\">\n\t\t\t\t<div class=\"elementor-element elementor-element-078c37a elementor-widget__width-initial elementor-widget elementor-widget-theme-post-title elementor-page-title elementor-widget-heading\" data-id=\"078c37a\" data-element_type=\"widget\" data-e-type=\"widget\" data-widget_type=\"theme-post-title.default\">\n\t\t\t\t<div class=\"elementor-widget-container\">\n\t\t\t\t\t<p class=\"elementor-heading-title elementor-size-default\">Pertutti Store Pa\u00e7os de Ferreira<\/p>\t\t\t\t<\/div>\n\t\t\t\t<\/div>\n\t\t\t\t<\/div>\n\t\t\t\t\t<\/div>\n\t\t\t\t<\/a>\n\t\t\t\t<\/div>\n\t\t\t\t<div data-elementor-type=\"loop-item\" data-elementor-id=\"4493\" class=\"elementor elementor-4493 e-loop-item e-loop-item-6204 post-6204 portfolio type-portfolio status-publish has-post-thumbnail hentry portfolio-category-contract portfolio-category-restaurants\" data-elementor-post-type=\"elementor_library\" data-custom-edit-handle=\"1\">\n\t\t\t<a class=\"elementor-element elementor-element-cf3d45d e-flex e-con-boxed e-con e-parent\" data-id=\"cf3d45d\" data-element_type=\"container\" data-e-type=\"container\" href=\"https:\/\/interdesign.com.pt\/en\/portfolio\/viseu-bakery\/\">\n\t\t\t\t\t<div class=\"e-con-inner\">\n\t\t\t\t<div class=\"elementor-element elementor-element-c967a26 elementor-widget elementor-widget-theme-post-featured-image elementor-widget-image\" data-id=\"c967a26\" data-element_type=\"widget\" data-e-type=\"widget\" data-widget_type=\"theme-post-featured-image.default\">\n\t\t\t\t<div class=\"elementor-widget-container\">\n\t\t\t\t\t\t\t\t\t\t\t\t\t\t\t<img loading=\"lazy\" decoding=\"async\" width=\"1920\" height=\"1280\" src=\"https:\/\/interdesign.com.pt\/wp-content\/uploads\/2025\/05\/20180616_INTERDESIGN_PASTELARIA_VISEU__027.jpg\" class=\"attachment-full size-full wp-image-8956 wvs-archive-product-image\" alt=\"Portf\u00f3lio | Projetos Contract | Pastelaria Viseu\" srcset=\"https:\/\/interdesign.com.pt\/wp-content\/uploads\/2025\/05\/20180616_INTERDESIGN_PASTELARIA_VISEU__027.jpg 1920w, https:\/\/interdesign.com.pt\/wp-content\/uploads\/2025\/05\/20180616_INTERDESIGN_PASTELARIA_VISEU__027-300x200.jpg 300w, https:\/\/interdesign.com.pt\/wp-content\/uploads\/2025\/05\/20180616_INTERDESIGN_PASTELARIA_VISEU__027-1000x667.jpg 1000w, https:\/\/interdesign.com.pt\/wp-content\/uploads\/2025\/05\/20180616_INTERDESIGN_PASTELARIA_VISEU__027-1024x683.jpg 1024w, https:\/\/interdesign.com.pt\/wp-content\/uploads\/2025\/05\/20180616_INTERDESIGN_PASTELARIA_VISEU__027-768x512.jpg 768w, https:\/\/interdesign.com.pt\/wp-content\/uploads\/2025\/05\/20180616_INTERDESIGN_PASTELARIA_VISEU__027-1536x1024.jpg 1536w, https:\/\/interdesign.com.pt\/wp-content\/uploads\/2025\/05\/20180616_INTERDESIGN_PASTELARIA_VISEU__027-18x12.jpg 18w\" sizes=\"(max-width: 1920px) 100vw, 1920px\" \/>\t\t\t\t\t\t\t\t\t\t\t\t\t\t\t<\/div>\n\t\t\t\t<\/div>\n\t\t<div class=\"elementor-element elementor-element-01bf9ff e-con-full e-flex e-con e-child\" data-id=\"01bf9ff\" data-element_type=\"container\" data-e-type=\"container\">\n\t\t\t\t<div class=\"elementor-element elementor-element-078c37a elementor-widget__width-initial elementor-widget elementor-widget-theme-post-title elementor-page-title elementor-widget-heading\" data-id=\"078c37a\" data-element_type=\"widget\" data-e-type=\"widget\" data-widget_type=\"theme-post-title.default\">\n\t\t\t\t<div class=\"elementor-widget-container\">\n\t\t\t\t\t<p class=\"elementor-heading-title elementor-size-default\">Viseu Bakery<\/p>\t\t\t\t<\/div>\n\t\t\t\t<\/div>\n\t\t\t\t<\/div>\n\t\t\t\t\t<\/div>\n\t\t\t\t<\/a>\n\t\t\t\t<\/div>\n\t\t\t\t<div data-elementor-type=\"loop-item\" data-elementor-id=\"4493\" class=\"elementor elementor-4493 e-loop-item e-loop-item-6103 post-6103 portfolio type-portfolio status-publish has-post-thumbnail hentry portfolio-category-clinics portfolio-category-contract\" data-elementor-post-type=\"elementor_library\" data-custom-edit-handle=\"1\">\n\t\t\t<a class=\"elementor-element elementor-element-cf3d45d e-flex e-con-boxed e-con e-parent\" data-id=\"cf3d45d\" data-element_type=\"container\" data-e-type=\"container\" href=\"https:\/\/interdesign.com.pt\/en\/portfolio\/canas-clinic\/\">\n\t\t\t\t\t<div class=\"e-con-inner\">\n\t\t\t\t<div class=\"elementor-element elementor-element-c967a26 elementor-widget elementor-widget-theme-post-featured-image elementor-widget-image\" data-id=\"c967a26\" data-element_type=\"widget\" data-e-type=\"widget\" data-widget_type=\"theme-post-featured-image.default\">\n\t\t\t\t<div class=\"elementor-widget-container\">\n\t\t\t\t\t\t\t\t\t\t\t\t\t\t\t<img loading=\"lazy\" decoding=\"async\" width=\"1024\" height=\"682\" src=\"https:\/\/interdesign.com.pt\/wp-content\/uploads\/2025\/11\/CLINICA_INTERDESIGN_05-1024x682.jpg.jpeg\" class=\"attachment-full size-full wp-image-67614 wvs-archive-product-image\" alt=\"Portf\u00f3lio | Projetos Contract | Clinica das Canas\" srcset=\"https:\/\/interdesign.com.pt\/wp-content\/uploads\/2025\/11\/CLINICA_INTERDESIGN_05-1024x682.jpg.jpeg 1024w, https:\/\/interdesign.com.pt\/wp-content\/uploads\/2025\/11\/CLINICA_INTERDESIGN_05-1024x682.jpg-300x200.jpeg 300w, https:\/\/interdesign.com.pt\/wp-content\/uploads\/2025\/11\/CLINICA_INTERDESIGN_05-1024x682.jpg-1000x666.jpeg 1000w, https:\/\/interdesign.com.pt\/wp-content\/uploads\/2025\/11\/CLINICA_INTERDESIGN_05-1024x682.jpg-768x512.jpeg 768w, https:\/\/interdesign.com.pt\/wp-content\/uploads\/2025\/11\/CLINICA_INTERDESIGN_05-1024x682.jpg-18x12.jpeg 18w\" sizes=\"(max-width: 1024px) 100vw, 1024px\" \/>\t\t\t\t\t\t\t\t\t\t\t\t\t\t\t<\/div>\n\t\t\t\t<\/div>\n\t\t<div class=\"elementor-element elementor-element-01bf9ff e-con-full e-flex e-con e-child\" data-id=\"01bf9ff\" data-element_type=\"container\" data-e-type=\"container\">\n\t\t\t\t<div class=\"elementor-element elementor-element-078c37a elementor-widget__width-initial elementor-widget elementor-widget-theme-post-title elementor-page-title elementor-widget-heading\" data-id=\"078c37a\" data-element_type=\"widget\" data-e-type=\"widget\" data-widget_type=\"theme-post-title.default\">\n\t\t\t\t<div class=\"elementor-widget-container\">\n\t\t\t\t\t<p class=\"elementor-heading-title elementor-size-default\">Canas Clinic<\/p>\t\t\t\t<\/div>\n\t\t\t\t<\/div>\n\t\t\t\t<\/div>\n\t\t\t\t\t<\/div>\n\t\t\t\t<\/a>\n\t\t\t\t<\/div>\n\t\t\t\t<div data-elementor-type=\"loop-item\" data-elementor-id=\"4493\" class=\"elementor elementor-4493 e-loop-item e-loop-item-6033 post-6033 portfolio type-portfolio status-publish has-post-thumbnail hentry portfolio-category-contract\" data-elementor-post-type=\"elementor_library\" data-custom-edit-handle=\"1\">\n\t\t\t<a class=\"elementor-element elementor-element-cf3d45d e-flex e-con-boxed e-con e-parent\" data-id=\"cf3d45d\" data-element_type=\"container\" data-e-type=\"container\" href=\"https:\/\/interdesign.com.pt\/en\/portfolio\/sunset-house\/\">\n\t\t\t\t\t<div class=\"e-con-inner\">\n\t\t\t\t<div class=\"elementor-element elementor-element-c967a26 elementor-widget elementor-widget-theme-post-featured-image elementor-widget-image\" data-id=\"c967a26\" data-element_type=\"widget\" data-e-type=\"widget\" data-widget_type=\"theme-post-featured-image.default\">\n\t\t\t\t<div class=\"elementor-widget-container\">\n\t\t\t\t\t\t\t\t\t\t\t\t\t\t\t<img loading=\"lazy\" decoding=\"async\" width=\"1920\" height=\"1280\" src=\"https:\/\/interdesign.com.pt\/wp-content\/uploads\/2025\/05\/20151205_INTERDESIGN_SUNSETHOUSE_004.jpg\" class=\"attachment-full size-full wp-image-6034 wvs-archive-product-image\" alt=\"Portf\u00f3lio | Projetos Contract | Sunset House\" srcset=\"https:\/\/interdesign.com.pt\/wp-content\/uploads\/2025\/05\/20151205_INTERDESIGN_SUNSETHOUSE_004.jpg 1920w, https:\/\/interdesign.com.pt\/wp-content\/uploads\/2025\/05\/20151205_INTERDESIGN_SUNSETHOUSE_004-300x200.jpg 300w, https:\/\/interdesign.com.pt\/wp-content\/uploads\/2025\/05\/20151205_INTERDESIGN_SUNSETHOUSE_004-1000x667.jpg 1000w, https:\/\/interdesign.com.pt\/wp-content\/uploads\/2025\/05\/20151205_INTERDESIGN_SUNSETHOUSE_004-1024x683.jpg 1024w, https:\/\/interdesign.com.pt\/wp-content\/uploads\/2025\/05\/20151205_INTERDESIGN_SUNSETHOUSE_004-768x512.jpg 768w, https:\/\/interdesign.com.pt\/wp-content\/uploads\/2025\/05\/20151205_INTERDESIGN_SUNSETHOUSE_004-1536x1024.jpg 1536w, https:\/\/interdesign.com.pt\/wp-content\/uploads\/2025\/05\/20151205_INTERDESIGN_SUNSETHOUSE_004-18x12.jpg 18w\" sizes=\"(max-width: 1920px) 100vw, 1920px\" \/>\t\t\t\t\t\t\t\t\t\t\t\t\t\t\t<\/div>\n\t\t\t\t<\/div>\n\t\t<div class=\"elementor-element elementor-element-01bf9ff e-con-full e-flex e-con e-child\" data-id=\"01bf9ff\" data-element_type=\"container\" data-e-type=\"container\">\n\t\t\t\t<div class=\"elementor-element elementor-element-078c37a elementor-widget__width-initial elementor-widget elementor-widget-theme-post-title elementor-page-title elementor-widget-heading\" data-id=\"078c37a\" data-element_type=\"widget\" data-e-type=\"widget\" data-widget_type=\"theme-post-title.default\">\n\t\t\t\t<div class=\"elementor-widget-container\">\n\t\t\t\t\t<p class=\"elementor-heading-title elementor-size-default\">Sunset House<\/p>\t\t\t\t<\/div>\n\t\t\t\t<\/div>\n\t\t\t\t<\/div>\n\t\t\t\t\t<\/div>\n\t\t\t\t<\/a>\n\t\t\t\t<\/div>\n\t\t\t\t<div data-elementor-type=\"loop-item\" data-elementor-id=\"4493\" class=\"elementor elementor-4493 e-loop-item e-loop-item-6002 post-6002 portfolio type-portfolio status-publish has-post-thumbnail hentry portfolio-category-contract\" data-elementor-post-type=\"elementor_library\" data-custom-edit-handle=\"1\">\n\t\t\t<a class=\"elementor-element elementor-element-cf3d45d e-flex e-con-boxed e-con e-parent\" data-id=\"cf3d45d\" data-element_type=\"container\" data-e-type=\"container\" href=\"https:\/\/interdesign.com.pt\/en\/portfolio\/discotech-freamunde\/\">\n\t\t\t\t\t<div class=\"e-con-inner\">\n\t\t\t\t<div class=\"elementor-element elementor-element-c967a26 elementor-widget elementor-widget-theme-post-featured-image elementor-widget-image\" data-id=\"c967a26\" data-element_type=\"widget\" data-e-type=\"widget\" data-widget_type=\"theme-post-featured-image.default\">\n\t\t\t\t<div class=\"elementor-widget-container\">\n\t\t\t\t\t\t\t\t\t\t\t\t\t\t\t<img loading=\"lazy\" decoding=\"async\" width=\"1920\" height=\"1280\" src=\"https:\/\/interdesign.com.pt\/wp-content\/uploads\/2025\/05\/discoteca_interdesign_43.jpg\" class=\"attachment-full size-full wp-image-6030 wvs-archive-product-image\" alt=\"Portf\u00f3lio | Projetos Contract | Discoteca Freamunde\" srcset=\"https:\/\/interdesign.com.pt\/wp-content\/uploads\/2025\/05\/discoteca_interdesign_43.jpg 1920w, https:\/\/interdesign.com.pt\/wp-content\/uploads\/2025\/05\/discoteca_interdesign_43-300x200.jpg 300w, https:\/\/interdesign.com.pt\/wp-content\/uploads\/2025\/05\/discoteca_interdesign_43-1000x667.jpg 1000w, https:\/\/interdesign.com.pt\/wp-content\/uploads\/2025\/05\/discoteca_interdesign_43-1024x683.jpg 1024w, https:\/\/interdesign.com.pt\/wp-content\/uploads\/2025\/05\/discoteca_interdesign_43-768x512.jpg 768w, https:\/\/interdesign.com.pt\/wp-content\/uploads\/2025\/05\/discoteca_interdesign_43-1536x1024.jpg 1536w, https:\/\/interdesign.com.pt\/wp-content\/uploads\/2025\/05\/discoteca_interdesign_43-18x12.jpg 18w\" sizes=\"(max-width: 1920px) 100vw, 1920px\" \/>\t\t\t\t\t\t\t\t\t\t\t\t\t\t\t<\/div>\n\t\t\t\t<\/div>\n\t\t<div class=\"elementor-element elementor-element-01bf9ff e-con-full e-flex e-con e-child\" data-id=\"01bf9ff\" data-element_type=\"container\" data-e-type=\"container\">\n\t\t\t\t<div class=\"elementor-element elementor-element-078c37a elementor-widget__width-initial elementor-widget elementor-widget-theme-post-title elementor-page-title elementor-widget-heading\" data-id=\"078c37a\" data-element_type=\"widget\" data-e-type=\"widget\" data-widget_type=\"theme-post-title.default\">\n\t\t\t\t<div class=\"elementor-widget-container\">\n\t\t\t\t\t<p class=\"elementor-heading-title elementor-size-default\">Discotech Freamunde<\/p>\t\t\t\t<\/div>\n\t\t\t\t<\/div>\n\t\t\t\t<\/div>\n\t\t\t\t\t<\/div>\n\t\t\t\t<\/a>\n\t\t\t\t<\/div>\n\t\t\t\t<\/div>\n\t\t\n\t\t\t\t\t\t<\/div>\n\t\t\t\t<\/div>\n\t\t\t\t<div class=\"elementor-element elementor-element-f551c1f elementor-widget-mobile__width-inherit elementor-widget elementor-widget-jet-smart-filters-pagination\" data-id=\"f551c1f\" data-element_type=\"widget\" data-e-type=\"widget\" data-widget_type=\"jet-smart-filters-pagination.default\">\n\t\t\t\t<div class=\"elementor-widget-container\">\n\t\t\t\t\t<div\n\t\t\t\tclass=\"jet-smart-filters-pagination jet-filter\"\n\t\t\t\tdata-apply-provider=\"epro-loop-builder\"\n\t\t\t\tdata-content-provider=\"epro-loop-builder\"\n\t\t\t\tdata-query-id=\"portfoliocontract_posts\"\n\t\t\t\tdata-controls=\"{&quot;items_enabled&quot;:false,&quot;nav_enabled&quot;:false,&quot;load_more_enabled&quot;:true,&quot;load_more_text&quot;:&quot;Load More&quot;}\"\n\t\t\t\tdata-apply-type=\"mixed\"\n\t\t\t><\/div>\t\t\t\t<\/div>\n\t\t\t\t<\/div>\n\t\t\t\t<\/div>\n\t\t\t\t\t<\/div>\n\t\t<\/div>\n\t\t\t\t\t\t<\/div>\n\t\t\t\t<\/div>\n\t\t\t\t<\/div>\n\t\t\t\t<\/div>\n\t\t\t\t<\/div>",
        "protected": false
    },
    "excerpt": {
        "rendered": "<p>Each project tells a story At Interdesign, we create spaces tailored to those who inhabit them. Each project is an extension of your identity, designed with precision, built with soul.\u00a0Each image you see here represents a unique process, where detail makes the difference and design gains purpose. Explore. Be inspired. And imagine what we can [&hellip;]<\/p>",
        "protected": false
    },
    "author": 1,
    "featured_media": 10822,
    "parent": 0,
    "menu_order": 0,
    "comment_status": "closed",
    "ping_status": "closed",
    "template": "",
    "meta": {
        "_acf_changed": false,
        "footnotes": ""
    },
    "class_list": [
        "post-4883",
        "page",
        "type-page",
        "status-publish",
        "has-post-thumbnail",
        "hentry"
    ],
    "acf": [],
    "yoast_head": "<!-- This site is optimized with the Yoast SEO plugin v27.3 - https:\/\/yoast.com\/product\/yoast-seo-wordpress\/ -->\n<title>Portfolio - Interdesign<\/title>\n<meta name=\"description\" content=\"At Interdesign, we create spaces tailored to those who inhabit them. Explore. Be inspired. And imagine what we can create together.\" \/>\n<meta name=\"robots\" content=\"index, follow, max-snippet:-1, max-image-preview:large, max-video-preview:-1\" \/>\n<link rel=\"canonical\" href=\"https:\/\/interdesign.com.pt\/en\/portfolio\/\" \/>\n<meta property=\"og:locale\" content=\"en_US\" \/>\n<meta property=\"og:type\" content=\"article\" \/>\n<meta property=\"og:title\" content=\"Portfolio - Interdesign\" \/>\n<meta property=\"og:description\" content=\"At Interdesign, we create spaces tailored to those who inhabit them. Explore. Be inspired. And imagine what we can create together.\" \/>\n<meta property=\"og:url\" content=\"https:\/\/interdesign.com.pt\/en\/portfolio\/\" \/>\n<meta property=\"og:site_name\" content=\"Interdesign\" \/>\n<meta property=\"article:modified_time\" content=\"2026-04-15T14:56:29+00:00\" \/>\n<meta property=\"og:image\" content=\"https:\/\/interdesign.com.pt\/wp-content\/uploads\/2025\/10\/interdesign-espinho4.jpg\" \/>\n\t<meta property=\"og:image:width\" content=\"1920\" \/>\n\t<meta property=\"og:image:height\" content=\"1298\" \/>\n\t<meta property=\"og:image:type\" content=\"image\/jpeg\" \/>\n<meta name=\"twitter:card\" content=\"summary_large_image\" \/>\n<meta name=\"twitter:title\" content=\"Portfolio - Interdesign\" \/>\n<meta name=\"twitter:description\" content=\"At Interdesign, we create spaces tailored to those who inhabit them. Explore. Be inspired. And imagine what we can create together.\" \/>\n<meta name=\"twitter:image\" content=\"https:\/\/interdesign.com.pt\/wp-content\/uploads\/2025\/10\/interdesign-espinho4.jpg\" \/>\n<meta name=\"twitter:label1\" content=\"Est. reading time\" \/>\n\t<meta name=\"twitter:data1\" content=\"17 minutes\" \/>\n<script type=\"application\/ld+json\" class=\"yoast-schema-graph\">{\"@context\":\"https:\\\/\\\/schema.org\",\"@graph\":[{\"@type\":\"WebPage\",\"@id\":\"https:\\\/\\\/interdesign.com.pt\\\/pt\\\/portfolio\\\/\",\"url\":\"https:\\\/\\\/interdesign.com.pt\\\/pt\\\/portfolio\\\/\",\"name\":\"Portfolio - Interdesign\",\"isPartOf\":{\"@id\":\"https:\\\/\\\/interdesign.com.pt\\\/pt\\\/#website\"},\"primaryImageOfPage\":{\"@id\":\"https:\\\/\\\/interdesign.com.pt\\\/pt\\\/portfolio\\\/#primaryimage\"},\"image\":{\"@id\":\"https:\\\/\\\/interdesign.com.pt\\\/pt\\\/portfolio\\\/#primaryimage\"},\"thumbnailUrl\":\"https:\\\/\\\/interdesign.com.pt\\\/wp-content\\\/uploads\\\/2025\\\/10\\\/interdesign-espinho4.jpg\",\"datePublished\":\"2025-05-13T10:49:53+00:00\",\"dateModified\":\"2026-04-15T14:56:29+00:00\",\"description\":\"At Interdesign, we create spaces tailored to those who inhabit them. Explore. Be inspired. And imagine what we can create together.\",\"breadcrumb\":{\"@id\":\"https:\\\/\\\/interdesign.com.pt\\\/pt\\\/portfolio\\\/#breadcrumb\"},\"inLanguage\":\"en-US\",\"potentialAction\":[{\"@type\":\"ReadAction\",\"target\":[\"https:\\\/\\\/interdesign.com.pt\\\/pt\\\/portfolio\\\/\"]}]},{\"@type\":\"ImageObject\",\"inLanguage\":\"en-US\",\"@id\":\"https:\\\/\\\/interdesign.com.pt\\\/pt\\\/portfolio\\\/#primaryimage\",\"url\":\"https:\\\/\\\/interdesign.com.pt\\\/wp-content\\\/uploads\\\/2025\\\/10\\\/interdesign-espinho4.jpg\",\"contentUrl\":\"https:\\\/\\\/interdesign.com.pt\\\/wp-content\\\/uploads\\\/2025\\\/10\\\/interdesign-espinho4.jpg\",\"width\":1920,\"height\":1298,\"caption\":\"Portf\u00f3lio | Interdesign\"},{\"@type\":\"BreadcrumbList\",\"@id\":\"https:\\\/\\\/interdesign.com.pt\\\/pt\\\/portfolio\\\/#breadcrumb\",\"itemListElement\":[{\"@type\":\"ListItem\",\"position\":1,\"name\":\"Home\",\"item\":\"https:\\\/\\\/interdesign.com.pt\\\/\"},{\"@type\":\"ListItem\",\"position\":2,\"name\":\"Portfolio\"}]},{\"@type\":\"WebSite\",\"@id\":\"https:\\\/\\\/interdesign.com.pt\\\/pt\\\/#website\",\"url\":\"https:\\\/\\\/interdesign.com.pt\\\/pt\\\/\",\"name\":\"Interdesign\",\"description\":\"Mobili\u00e1rio, Interiores &amp; Decora\u00e7\u00e3o\",\"publisher\":{\"@id\":\"https:\\\/\\\/interdesign.com.pt\\\/pt\\\/#organization\"},\"potentialAction\":[{\"@type\":\"SearchAction\",\"target\":{\"@type\":\"EntryPoint\",\"urlTemplate\":\"https:\\\/\\\/interdesign.com.pt\\\/pt\\\/?s={search_term_string}\"},\"query-input\":{\"@type\":\"PropertyValueSpecification\",\"valueRequired\":true,\"valueName\":\"search_term_string\"}}],\"inLanguage\":\"en-US\"},{\"@type\":\"Organization\",\"@id\":\"https:\\\/\\\/interdesign.com.pt\\\/pt\\\/#organization\",\"name\":\"Interdesign\",\"url\":\"https:\\\/\\\/interdesign.com.pt\\\/pt\\\/\",\"logo\":{\"@type\":\"ImageObject\",\"inLanguage\":\"en-US\",\"@id\":\"https:\\\/\\\/interdesign.com.pt\\\/pt\\\/#\\\/schema\\\/logo\\\/image\\\/\",\"url\":\"https:\\\/\\\/interdesign.com.pt\\\/wp-content\\\/uploads\\\/2025\\\/03\\\/interdesign-logo.svg\",\"contentUrl\":\"https:\\\/\\\/interdesign.com.pt\\\/wp-content\\\/uploads\\\/2025\\\/03\\\/interdesign-logo.svg\",\"caption\":\"Interdesign\"},\"image\":{\"@id\":\"https:\\\/\\\/interdesign.com.pt\\\/pt\\\/#\\\/schema\\\/logo\\\/image\\\/\"}}]}<\/script>\n<!-- \/ Yoast SEO plugin. -->",
    "yoast_head_json": {
        "title": "Portfolio - Interdesign",
        "description": "At Interdesign, we create spaces tailored to those who inhabit them. Explore. Be inspired. And imagine what we can create together.",
        "robots": {
            "index": "index",
            "follow": "follow",
            "max-snippet": "max-snippet:-1",
            "max-image-preview": "max-image-preview:large",
            "max-video-preview": "max-video-preview:-1"
        },
        "canonical": "https:\/\/interdesign.com.pt\/en\/portfolio\/",
        "og_locale": "en_US",
        "og_type": "article",
        "og_title": "Portfolio - Interdesign",
        "og_description": "At Interdesign, we create spaces tailored to those who inhabit them. Explore. Be inspired. And imagine what we can create together.",
        "og_url": "https:\/\/interdesign.com.pt\/en\/portfolio\/",
        "og_site_name": "Interdesign",
        "article_modified_time": "2026-04-15T14:56:29+00:00",
        "og_image": [
            {
                "width": 1920,
                "height": 1298,
                "url": "https:\/\/interdesign.com.pt\/wp-content\/uploads\/2025\/10\/interdesign-espinho4.jpg",
                "type": "image\/jpeg"
            }
        ],
        "twitter_card": "summary_large_image",
        "twitter_title": "Portfolio - Interdesign",
        "twitter_description": "At Interdesign, we create spaces tailored to those who inhabit them. Explore. Be inspired. And imagine what we can create together.",
        "twitter_image": "https:\/\/interdesign.com.pt\/wp-content\/uploads\/2025\/10\/interdesign-espinho4.jpg",
        "twitter_misc": {
            "Est. reading time": "17 minutes"
        },
        "schema": {
            "@context": "https:\/\/schema.org",
            "@graph": [
                {
                    "@type": "WebPage",
                    "@id": "https:\/\/interdesign.com.pt\/pt\/portfolio\/",
                    "url": "https:\/\/interdesign.com.pt\/pt\/portfolio\/",
                    "name": "Portfolio - Interdesign",
                    "isPartOf": {
                        "@id": "https:\/\/interdesign.com.pt\/pt\/#website"
                    },
                    "primaryImageOfPage": {
                        "@id": "https:\/\/interdesign.com.pt\/pt\/portfolio\/#primaryimage"
                    },
                    "image": {
                        "@id": "https:\/\/interdesign.com.pt\/pt\/portfolio\/#primaryimage"
                    },
                    "thumbnailUrl": "https:\/\/interdesign.com.pt\/wp-content\/uploads\/2025\/10\/interdesign-espinho4.jpg",
                    "datePublished": "2025-05-13T10:49:53+00:00",
                    "dateModified": "2026-04-15T14:56:29+00:00",
                    "description": "At Interdesign, we create spaces tailored to those who inhabit them. Explore. Be inspired. And imagine what we can create together.",
                    "breadcrumb": {
                        "@id": "https:\/\/interdesign.com.pt\/pt\/portfolio\/#breadcrumb"
                    },
                    "inLanguage": "en-US",
                    "potentialAction": [
                        {
                            "@type": "ReadAction",
                            "target": [
                                "https:\/\/interdesign.com.pt\/pt\/portfolio\/"
                            ]
                        }
                    ]
                },
                {
                    "@type": "ImageObject",
                    "inLanguage": "en-US",
                    "@id": "https:\/\/interdesign.com.pt\/pt\/portfolio\/#primaryimage",
                    "url": "https:\/\/interdesign.com.pt\/wp-content\/uploads\/2025\/10\/interdesign-espinho4.jpg",
                    "contentUrl": "https:\/\/interdesign.com.pt\/wp-content\/uploads\/2025\/10\/interdesign-espinho4.jpg",
                    "width": 1920,
                    "height": 1298,
                    "caption": "Portf\u00f3lio | Interdesign"
                },
                {
                    "@type": "BreadcrumbList",
                    "@id": "https:\/\/interdesign.com.pt\/pt\/portfolio\/#breadcrumb",
                    "itemListElement": [
                        {
                            "@type": "ListItem",
                            "position": 1,
                            "name": "Home",
                            "item": "https:\/\/interdesign.com.pt\/"
                        },
                        {
                            "@type": "ListItem",
                            "position": 2,
                            "name": "Portfolio"
                        }
                    ]
                },
                {
                    "@type": "WebSite",
                    "@id": "https:\/\/interdesign.com.pt\/pt\/#website",
                    "url": "https:\/\/interdesign.com.pt\/pt\/",
                    "name": "Interdesign",
                    "description": "Mobili\u00e1rio, Interiores &amp; Decora\u00e7\u00e3o",
                    "publisher": {
                        "@id": "https:\/\/interdesign.com.pt\/pt\/#organization"
                    },
                    "potentialAction": [
                        {
                            "@type": "SearchAction",
                            "target": {
                                "@type": "EntryPoint",
                                "urlTemplate": "https:\/\/interdesign.com.pt\/pt\/?s={search_term_string}"
                            },
                            "query-input": {
                                "@type": "PropertyValueSpecification",
                                "valueRequired": true,
                                "valueName": "search_term_string"
                            }
                        }
                    ],
                    "inLanguage": "en-US"
                },
                {
                    "@type": "Organization",
                    "@id": "https:\/\/interdesign.com.pt\/pt\/#organization",
                    "name": "Interdesign",
                    "url": "https:\/\/interdesign.com.pt\/pt\/",
                    "logo": {
                        "@type": "ImageObject",
                        "inLanguage": "en-US",
                        "@id": "https:\/\/interdesign.com.pt\/pt\/#\/schema\/logo\/image\/",
                        "url": "https:\/\/interdesign.com.pt\/wp-content\/uploads\/2025\/03\/interdesign-logo.svg",
                        "contentUrl": "https:\/\/interdesign.com.pt\/wp-content\/uploads\/2025\/03\/interdesign-logo.svg",
                        "caption": "Interdesign"
                    },
                    "image": {
                        "@id": "https:\/\/interdesign.com.pt\/pt\/#\/schema\/logo\/image\/"
                    }
                }
            ]
        }
    },
    "_links": {
        "self": [
            {
                "href": "https:\/\/interdesign.com.pt\/en\/wp-json\/wp\/v2\/pages\/4883",
                "targetHints": {
                    "allow": [
                        "GET"
                    ]
                }
            }
        ],
        "collection": [
            {
                "href": "https:\/\/interdesign.com.pt\/en\/wp-json\/wp\/v2\/pages"
            }
        ],
        "about": [
            {
                "href": "https:\/\/interdesign.com.pt\/en\/wp-json\/wp\/v2\/types\/page"
            }
        ],
        "author": [
            {
                "embeddable": true,
                "href": "https:\/\/interdesign.com.pt\/en\/wp-json\/wp\/v2\/users\/1"
            }
        ],
        "replies": [
            {
                "embeddable": true,
                "href": "https:\/\/interdesign.com.pt\/en\/wp-json\/wp\/v2\/comments?post=4883"
            }
        ],
        "version-history": [
            {
                "count": 155,
                "href": "https:\/\/interdesign.com.pt\/en\/wp-json\/wp\/v2\/pages\/4883\/revisions"
            }
        ],
        "predecessor-version": [
            {
                "id": 77036,
                "href": "https:\/\/interdesign.com.pt\/en\/wp-json\/wp\/v2\/pages\/4883\/revisions\/77036"
            }
        ],
        "wp:featuredmedia": [
            {
                "embeddable": true,
                "href": "https:\/\/interdesign.com.pt\/en\/wp-json\/wp\/v2\/media\/10822"
            }
        ],
        "wp:attachment": [
            {
                "href": "https:\/\/interdesign.com.pt\/en\/wp-json\/wp\/v2\/media?parent=4883"
            }
        ],
        "curies": [
            {
                "name": "wp",
                "href": "https:\/\/api.w.org\/{rel}",
                "templated": true
            }
        ]
    }
}