{
    "id": 9124,
    "date": "2025-09-15T17:10:15",
    "date_gmt": "2025-09-15T17:10:15",
    "guid": {
        "rendered": "https:\/\/interdesign.ad-pulse.com\/?page_id=9124"
    },
    "modified": "2026-03-18T17:33:26",
    "modified_gmt": "2026-03-18T17:33:26",
    "slug": "influencers",
    "status": "publish",
    "type": "page",
    "link": "https:\/\/interdesign.com.pt\/en\/influencers\/",
    "title": {
        "rendered": "Influencers"
    },
    "content": {
        "rendered": "<div data-elementor-type=\"wp-page\" data-elementor-id=\"9124\" class=\"elementor elementor-9124\" data-elementor-post-type=\"page\">\n\t\t\t\t<div class=\"elementor-element elementor-element-9732a1d e-flex e-con-boxed e-con e-parent\" data-id=\"9732a1d\" data-element_type=\"container\" data-e-type=\"container\">\n\t\t\t\t\t<div class=\"e-con-inner\">\n\t\t<div class=\"elementor-element elementor-element-ce32b61 e-con-full e-flex e-con e-child\" data-id=\"ce32b61\" data-element_type=\"container\" data-e-type=\"container\">\n\t\t\t\t<div class=\"elementor-element elementor-element-cbd8407 elementor-widget elementor-widget-heading\" data-id=\"cbd8407\" data-element_type=\"widget\" data-e-type=\"widget\" data-widget_type=\"heading.default\">\n\t\t\t\t<div class=\"elementor-widget-container\">\n\t\t\t\t\t<p class=\"elementor-heading-title elementor-size-default\">Influencers<\/p>\t\t\t\t<\/div>\n\t\t\t\t<\/div>\n\t\t\t\t<div class=\"elementor-element elementor-element-0fb21a1 elementor-widget elementor-widget-heading\" data-id=\"0fb21a1\" data-element_type=\"widget\" data-e-type=\"widget\" data-widget_type=\"heading.default\">\n\t\t\t\t<div class=\"elementor-widget-container\">\n\t\t\t\t\t<p class=\"elementor-heading-title elementor-size-default\">Celebrating creativity and collaboration<\/p>\t\t\t\t<\/div>\n\t\t\t\t<\/div>\n\t\t\t\t<\/div>\n\t\t\t\t<div class=\"elementor-element elementor-element-de613e3 elementor-widget__width-initial elementor-widget-mobile__width-inherit elementor-widget elementor-widget-text-editor\" data-id=\"de613e3\" data-element_type=\"widget\" data-e-type=\"widget\" data-widget_type=\"text-editor.default\">\n\t\t\t\t<div class=\"elementor-widget-container\">\n\t\t\t\t\t\t\t\t\t<p>Discover the inspiring projects we\u2019ve developed together with the voices that shape trends and bring our vision to life.<\/p>\t\t\t\t\t\t\t\t<\/div>\n\t\t\t\t<\/div>\n\t\t\t\t\t<\/div>\n\t\t\t\t<\/div>\n\t\t<div class=\"elementor-element elementor-element-3bd7aa4 e-flex e-con-boxed e-con e-parent\" data-id=\"3bd7aa4\" data-element_type=\"container\" data-e-type=\"container\">\n\t\t\t\t\t<div class=\"e-con-inner\">\n\t\t\t\t<div class=\"elementor-element elementor-element-e7d12e9 elementor-grid-3 elementor-grid-tablet-2 elementor-grid-mobile-1 elementor-widget elementor-widget-loop-grid\" data-id=\"e7d12e9\" data-element_type=\"widget\" data-e-type=\"widget\" data-settings=\"{&quot;template_id&quot;:&quot;9192&quot;,&quot;columns&quot;:3,&quot;row_gap&quot;:{&quot;unit&quot;:&quot;px&quot;,&quot;size&quot;:70,&quot;sizes&quot;:[]},&quot;row_gap_laptop&quot;:{&quot;unit&quot;:&quot;px&quot;,&quot;size&quot;:70,&quot;sizes&quot;:[]},&quot;row_gap_tablet&quot;:{&quot;unit&quot;:&quot;px&quot;,&quot;size&quot;:50,&quot;sizes&quot;:[]},&quot;_skin&quot;:&quot;post&quot;,&quot;columns_tablet&quot;:&quot;2&quot;,&quot;columns_mobile&quot;:&quot;1&quot;,&quot;edit_handle_selector&quot;:&quot;[data-elementor-type=\\&quot;loop-item\\&quot;]&quot;,&quot;row_gap_mobile&quot;:{&quot;unit&quot;:&quot;px&quot;,&quot;size&quot;:&quot;&quot;,&quot;sizes&quot;:[]}}\" data-widget_type=\"loop-grid.post\">\n\t\t\t\t<div class=\"elementor-widget-container\">\n\t\t\t\t\t\t\t<div class=\"elementor-loop-container elementor-grid\" role=\"list\">\n\t\t<style id=\"loop-9192\">.elementor-9192 .elementor-element.elementor-element-2691d1b6{--display:flex;--flex-direction:column;--container-widget-width:calc( ( 1 - var( --container-widget-flex-grow ) ) * 100% );--container-widget-height:initial;--container-widget-flex-grow:0;--container-widget-align-self:initial;--flex-wrap-mobile:wrap;--justify-content:flex-start;--align-items:stretch;--gap:10px 10px;--row-gap:10px;--column-gap:10px;--padding-top:0px;--padding-bottom:0px;--padding-left:0px;--padding-right:0px;}.elementor-widget-theme-post-featured-image .widget-image-caption{color:var( --e-global-color-text );font-family:var( --e-global-typography-text-font-family ), Sans-serif;font-size:var( --e-global-typography-text-font-size );font-weight:var( --e-global-typography-text-font-weight );line-height:var( --e-global-typography-text-line-height );letter-spacing:var( --e-global-typography-text-letter-spacing );}.elementor-9192 .elementor-element.elementor-element-5e21260{text-align:start;}.elementor-9192 .elementor-element.elementor-element-5e21260 img{width:100vw;max-width:100%;}.elementor-9192 .elementor-element.elementor-element-42b9408{--display:flex;--flex-direction:column;--container-widget-width:calc( ( 1 - var( --container-widget-flex-grow ) ) * 100% );--container-widget-height:initial;--container-widget-flex-grow:0;--container-widget-align-self:initial;--flex-wrap-mobile:wrap;--justify-content:space-between;--align-items:flex-start;--gap:20px 20px;--row-gap:20px;--column-gap:20px;}.elementor-widget-heading .elementor-heading-title{font-family:var( --e-global-typography-primary-font-family ), Sans-serif;font-size:var( --e-global-typography-primary-font-size );font-weight:var( --e-global-typography-primary-font-weight );line-height:var( --e-global-typography-primary-line-height );letter-spacing:var( --e-global-typography-primary-letter-spacing );color:var( --e-global-color-primary );}.elementor-9192 .elementor-element.elementor-element-e456515 .elementor-heading-title{font-family:\"SF Pro Text\", Sans-serif;font-size:17px;font-weight:600;text-transform:uppercase;line-height:1.5em;letter-spacing:0.009em;}.elementor-widget-divider{--divider-color:var( --e-global-color-secondary );}.elementor-widget-divider .elementor-divider__text{color:var( --e-global-color-secondary );font-family:var( --e-global-typography-secondary-font-family ), Sans-serif;font-size:var( --e-global-typography-secondary-font-size );font-weight:var( --e-global-typography-secondary-font-weight );line-height:var( --e-global-typography-secondary-line-height );letter-spacing:var( --e-global-typography-secondary-letter-spacing );}.elementor-widget-divider.elementor-view-stacked .elementor-icon{background-color:var( --e-global-color-secondary );}.elementor-widget-divider.elementor-view-framed .elementor-icon, .elementor-widget-divider.elementor-view-default .elementor-icon{color:var( --e-global-color-secondary );border-color:var( --e-global-color-secondary );}.elementor-widget-divider.elementor-view-framed .elementor-icon, .elementor-widget-divider.elementor-view-default .elementor-icon svg{fill:var( --e-global-color-secondary );}.elementor-9192 .elementor-element.elementor-element-74db709{--divider-border-style:solid;--divider-color:var( --e-global-color-accent );--divider-border-width:1px;}.elementor-9192 .elementor-element.elementor-element-74db709 .elementor-divider-separator{width:100px;}.elementor-9192 .elementor-element.elementor-element-74db709 .elementor-divider{padding-block-start:0px;padding-block-end:0px;}.elementor-widget-text-editor{font-family:var( --e-global-typography-text-font-family ), Sans-serif;font-size:var( --e-global-typography-text-font-size );font-weight:var( --e-global-typography-text-font-weight );line-height:var( --e-global-typography-text-line-height );letter-spacing:var( --e-global-typography-text-letter-spacing );color:var( --e-global-color-text );}.elementor-widget-text-editor.elementor-drop-cap-view-stacked .elementor-drop-cap{background-color:var( --e-global-color-primary );}.elementor-widget-text-editor.elementor-drop-cap-view-framed .elementor-drop-cap, .elementor-widget-text-editor.elementor-drop-cap-view-default .elementor-drop-cap{color:var( --e-global-color-primary );border-color:var( --e-global-color-primary );}.elementor-9192 .elementor-element.elementor-element-63de7dd{width:var( --container-widget-width, 85% );max-width:85%;--container-widget-width:85%;--container-widget-flex-grow:0;}.elementor-widget-button .elementor-button{font-family:var( --e-global-typography-accent-font-family ), Sans-serif;font-size:var( --e-global-typography-accent-font-size );font-weight:var( --e-global-typography-accent-font-weight );line-height:var( --e-global-typography-accent-line-height );letter-spacing:var( --e-global-typography-accent-letter-spacing );background-color:var( --e-global-color-accent );}.elementor-9192 .elementor-element.elementor-element-9db48f3 .elementor-button-content-wrapper{flex-direction:row-reverse;}.elementor-9192 .elementor-element.elementor-element-9db48f3 .elementor-button .elementor-button-content-wrapper{gap:10px;}.elementor-9192 .elementor-element.elementor-element-9db48f3 .elementor-button{font-family:\"SF Pro Text\", Sans-serif;font-size:12px;font-weight:700;text-transform:uppercase;line-height:1.5em;letter-spacing:0.009em;fill:var( --e-global-color-text );color:var( --e-global-color-text );background-color:#BFBFBF00;border-style:none;border-radius:0px 0px 0px 0px;padding:0px 0px 0px 0px;}.elementor-9192 .elementor-element.elementor-element-9db48f3 .elementor-button:hover, .elementor-9192 .elementor-element.elementor-element-9db48f3 .elementor-button:focus{color:var( --e-global-color-text );}.elementor-9192 .elementor-element.elementor-element-9db48f3 .elementor-button:hover svg, .elementor-9192 .elementor-element.elementor-element-9db48f3 .elementor-button:focus svg{fill:var( --e-global-color-text );}.elementor-9192 .elementor-element.elementor-element-9db48f3 > .elementor-widget-container{margin:20px 0px 0px 0px;}@media(max-width:1400px){.elementor-widget-theme-post-featured-image .widget-image-caption{font-size:var( --e-global-typography-text-font-size );line-height:var( --e-global-typography-text-line-height );letter-spacing:var( --e-global-typography-text-letter-spacing );}.elementor-widget-heading .elementor-heading-title{font-size:var( --e-global-typography-primary-font-size );line-height:var( --e-global-typography-primary-line-height );letter-spacing:var( --e-global-typography-primary-letter-spacing );}.elementor-9192 .elementor-element.elementor-element-e456515 .elementor-heading-title{font-size:16px;letter-spacing:-0.016px;}.elementor-widget-divider .elementor-divider__text{font-size:var( --e-global-typography-secondary-font-size );line-height:var( --e-global-typography-secondary-line-height );letter-spacing:var( --e-global-typography-secondary-letter-spacing );}.elementor-widget-text-editor{font-size:var( --e-global-typography-text-font-size );line-height:var( --e-global-typography-text-line-height );letter-spacing:var( --e-global-typography-text-letter-spacing );}.elementor-widget-button .elementor-button{font-size:var( --e-global-typography-accent-font-size );line-height:var( --e-global-typography-accent-line-height );letter-spacing:var( --e-global-typography-accent-letter-spacing );}.elementor-9192 .elementor-element.elementor-element-9db48f3 .elementor-button{letter-spacing:-0.016px;}}@media(max-width:1024px){.elementor-9192 .elementor-element.elementor-element-2691d1b6{--gap:10px 10px;--row-gap:10px;--column-gap:10px;}.elementor-widget-theme-post-featured-image .widget-image-caption{font-size:var( --e-global-typography-text-font-size );line-height:var( --e-global-typography-text-line-height );letter-spacing:var( --e-global-typography-text-letter-spacing );}.elementor-widget-heading .elementor-heading-title{font-size:var( --e-global-typography-primary-font-size );line-height:var( --e-global-typography-primary-line-height );letter-spacing:var( --e-global-typography-primary-letter-spacing );}.elementor-9192 .elementor-element.elementor-element-e456515 .elementor-heading-title{font-size:15px;}.elementor-widget-divider .elementor-divider__text{font-size:var( --e-global-typography-secondary-font-size );line-height:var( --e-global-typography-secondary-line-height );letter-spacing:var( --e-global-typography-secondary-letter-spacing );}.elementor-widget-text-editor{font-size:var( --e-global-typography-text-font-size );line-height:var( --e-global-typography-text-line-height );letter-spacing:var( --e-global-typography-text-letter-spacing );}.elementor-widget-button .elementor-button{font-size:var( --e-global-typography-accent-font-size );line-height:var( --e-global-typography-accent-line-height );letter-spacing:var( --e-global-typography-accent-letter-spacing );}}@media(max-width:767px){.elementor-widget-theme-post-featured-image .widget-image-caption{font-size:var( --e-global-typography-text-font-size );line-height:var( --e-global-typography-text-line-height );letter-spacing:var( --e-global-typography-text-letter-spacing );}.elementor-widget-heading .elementor-heading-title{font-size:var( --e-global-typography-primary-font-size );line-height:var( --e-global-typography-primary-line-height );letter-spacing:var( --e-global-typography-primary-letter-spacing );}.elementor-9192 .elementor-element.elementor-element-e456515 .elementor-heading-title{font-size:14px;}.elementor-widget-divider .elementor-divider__text{font-size:var( --e-global-typography-secondary-font-size );line-height:var( --e-global-typography-secondary-line-height );letter-spacing:var( --e-global-typography-secondary-letter-spacing );}.elementor-widget-text-editor{font-size:var( --e-global-typography-text-font-size );line-height:var( --e-global-typography-text-line-height );letter-spacing:var( --e-global-typography-text-letter-spacing );}.elementor-widget-button .elementor-button{font-size:var( --e-global-typography-accent-font-size );line-height:var( --e-global-typography-accent-line-height );letter-spacing:var( --e-global-typography-accent-letter-spacing );}}\/* Start custom CSS for theme-post-featured-image, class: .elementor-element-5e21260 *\/.elementor-9192 .elementor-element.elementor-element-5e21260 img {\n    aspect-ratio: 5\/6;\n    object-fit: cover;\n}\/* End custom CSS *\/<\/style>\t\t<div data-elementor-type=\"loop-item\" data-elementor-id=\"9192\" class=\"elementor elementor-9192 e-loop-item e-loop-item-75445 post-75445 influencers type-influencers status-publish has-post-thumbnail hentry category-collabs tag-influencers\" data-elementor-post-type=\"elementor_library\" data-custom-edit-handle=\"1\">\n\t\t\t<div class=\"elementor-element elementor-element-2691d1b6 e-con-full e-flex e-con e-parent\" data-id=\"2691d1b6\" data-element_type=\"container\" data-e-type=\"container\">\n\t\t\t\t<div class=\"elementor-element elementor-element-5e21260 elementor-widget elementor-widget-theme-post-featured-image elementor-widget-image\" data-id=\"5e21260\" data-element_type=\"widget\" data-e-type=\"widget\" data-widget_type=\"theme-post-featured-image.default\">\n\t\t\t\t<div class=\"elementor-widget-container\">\n\t\t\t\t\t\t\t\t\t\t\t\t\t\t\t\t<a href=\"https:\/\/interdesign.com.pt\/en\/influencers\/mariana-azevedo\/\">\n\t\t\t\t\t\t\t<img fetchpriority=\"high\" decoding=\"async\" width=\"1080\" height=\"1920\" src=\"https:\/\/interdesign.com.pt\/wp-content\/uploads\/2026\/02\/Mariana-Azevedo-Quarto.jpg\" class=\"attachment-full size-full wp-image-75456 wvs-archive-product-image\" alt=\"Colabora\u00e7\u00f5es | Influenciadora Mariana Azevedo\" srcset=\"https:\/\/interdesign.com.pt\/wp-content\/uploads\/2026\/02\/Mariana-Azevedo-Quarto.jpg 1080w, https:\/\/interdesign.com.pt\/wp-content\/uploads\/2026\/02\/Mariana-Azevedo-Quarto-169x300.jpg 169w, https:\/\/interdesign.com.pt\/wp-content\/uploads\/2026\/02\/Mariana-Azevedo-Quarto-576x1024.jpg 576w, https:\/\/interdesign.com.pt\/wp-content\/uploads\/2026\/02\/Mariana-Azevedo-Quarto-768x1365.jpg 768w, https:\/\/interdesign.com.pt\/wp-content\/uploads\/2026\/02\/Mariana-Azevedo-Quarto-864x1536.jpg 864w, https:\/\/interdesign.com.pt\/wp-content\/uploads\/2026\/02\/Mariana-Azevedo-Quarto-7x12.jpg 7w, https:\/\/interdesign.com.pt\/wp-content\/uploads\/2026\/02\/Mariana-Azevedo-Quarto-300x533.jpg 300w, https:\/\/interdesign.com.pt\/wp-content\/uploads\/2026\/02\/Mariana-Azevedo-Quarto-1000x1778.jpg 1000w\" sizes=\"(max-width: 1080px) 100vw, 1080px\" \/>\t\t\t\t\t\t\t\t<\/a>\n\t\t\t\t\t\t\t\t\t\t\t\t\t\t\t<\/div>\n\t\t\t\t<\/div>\n\t\t<div class=\"elementor-element elementor-element-42b9408 e-con-full e-flex e-con e-child\" data-id=\"42b9408\" data-element_type=\"container\" data-e-type=\"container\">\n\t\t\t\t<div class=\"elementor-element elementor-element-e456515 elementor-widget elementor-widget-heading\" data-id=\"e456515\" data-element_type=\"widget\" data-e-type=\"widget\" data-widget_type=\"heading.default\">\n\t\t\t\t<div class=\"elementor-widget-container\">\n\t\t\t\t\t<p class=\"elementor-heading-title elementor-size-default\"><a href=\"https:\/\/interdesign.com.pt\/en\/influencers\/mariana-azevedo\/\">Mariana Azevedo<\/a><\/p>\t\t\t\t<\/div>\n\t\t\t\t<\/div>\n\t\t\t\t<div class=\"elementor-element elementor-element-74db709 elementor-widget-divider--view-line elementor-widget elementor-widget-divider\" data-id=\"74db709\" data-element_type=\"widget\" data-e-type=\"widget\" data-widget_type=\"divider.default\">\n\t\t\t\t<div class=\"elementor-widget-container\">\n\t\t\t\t\t\t\t<div class=\"elementor-divider\">\n\t\t\t<span class=\"elementor-divider-separator\">\n\t\t\t\t\t\t<\/span>\n\t\t<\/div>\n\t\t\t\t\t\t<\/div>\n\t\t\t\t<\/div>\n\t\t\t\t<div class=\"elementor-element elementor-element-63de7dd elementor-widget__width-initial elementor-widget elementor-widget-text-editor\" data-id=\"63de7dd\" data-element_type=\"widget\" data-e-type=\"widget\" data-widget_type=\"text-editor.default\">\n\t\t\t\t<div class=\"elementor-widget-container\">\n\t\t\t\t\t\t\t\t\tWith Interdesign, Mariana Azevedo gave her bedroom a new life, creating a sophisticated, comfortable space full of personality.\t\t\t\t\t\t\t\t<\/div>\n\t\t\t\t<\/div>\n\t\t\t\t<div class=\"elementor-element elementor-element-9db48f3 elementor-align-left elementor-widget elementor-widget-button\" data-id=\"9db48f3\" data-element_type=\"widget\" data-e-type=\"widget\" data-widget_type=\"button.default\">\n\t\t\t\t<div class=\"elementor-widget-container\">\n\t\t\t\t\t\t\t\t\t<div class=\"elementor-button-wrapper\">\n\t\t\t\t\t<a class=\"elementor-button elementor-button-link elementor-size-sm\" href=\"https:\/\/interdesign.com.pt\/en\/influencers\/mariana-azevedo\/\">\n\t\t\t\t\t\t<span class=\"elementor-button-content-wrapper\">\n\t\t\t\t\t\t<span class=\"elementor-button-icon\">\n\t\t\t\t<svg xmlns=\"http:\/\/www.w3.org\/2000\/svg\" width=\"29.363\" height=\"22.01\" viewbox=\"0 0 29.363 22.01\"><g id=\"arrow-top\" transform=\"translate(30.863 -5.696) rotate(90)\"><path id=\"Caminho_43\" data-name=\"Caminho 43\" d=\"M6.75,10.211,16.7,2.25l9.951,7.961M16.7,2.25V30.113\" transform=\"translate(0)\" fill=\"none\" stroke=\"#000\" stroke-linecap=\"round\" stroke-linejoin=\"round\" stroke-width=\"1.5\"><\/path><\/g><\/svg>\t\t\t<\/span>\n\t\t\t\t\t\t\t\t\t<span class=\"elementor-button-text\">See project <\/span>\n\t\t\t\t\t<\/span>\n\t\t\t\t\t<\/a>\n\t\t\t\t<\/div>\n\t\t\t\t\t\t\t\t<\/div>\n\t\t\t\t<\/div>\n\t\t\t\t<\/div>\n\t\t\t\t<\/div>\n\t\t\t\t<\/div>\n\t\t\t\t<div data-elementor-type=\"loop-item\" data-elementor-id=\"9192\" class=\"elementor elementor-9192 e-loop-item e-loop-item-75420 post-75420 influencers type-influencers status-publish has-post-thumbnail hentry category-collabs tag-influencers\" data-elementor-post-type=\"elementor_library\" data-custom-edit-handle=\"1\">\n\t\t\t<div class=\"elementor-element elementor-element-2691d1b6 e-con-full e-flex e-con e-parent\" data-id=\"2691d1b6\" data-element_type=\"container\" data-e-type=\"container\">\n\t\t\t\t<div class=\"elementor-element elementor-element-5e21260 elementor-widget elementor-widget-theme-post-featured-image elementor-widget-image\" data-id=\"5e21260\" data-element_type=\"widget\" data-e-type=\"widget\" data-widget_type=\"theme-post-featured-image.default\">\n\t\t\t\t<div class=\"elementor-widget-container\">\n\t\t\t\t\t\t\t\t\t\t\t\t\t\t\t\t<a href=\"https:\/\/interdesign.com.pt\/en\/influencers\/jani-gabriel\/\">\n\t\t\t\t\t\t\t<img decoding=\"async\" width=\"1280\" height=\"1920\" src=\"https:\/\/interdesign.com.pt\/wp-content\/uploads\/2026\/02\/jani-gabriel.jpg\" class=\"attachment-full size-full wp-image-75422 wvs-archive-product-image\" alt=\"Colabora\u00e7\u00f5es | Influenciadora Jani Gabriel\" srcset=\"https:\/\/interdesign.com.pt\/wp-content\/uploads\/2026\/02\/jani-gabriel.jpg 1280w, https:\/\/interdesign.com.pt\/wp-content\/uploads\/2026\/02\/jani-gabriel-200x300.jpg 200w, https:\/\/interdesign.com.pt\/wp-content\/uploads\/2026\/02\/jani-gabriel-683x1024.jpg 683w, https:\/\/interdesign.com.pt\/wp-content\/uploads\/2026\/02\/jani-gabriel-768x1152.jpg 768w, https:\/\/interdesign.com.pt\/wp-content\/uploads\/2026\/02\/jani-gabriel-1024x1536.jpg 1024w, https:\/\/interdesign.com.pt\/wp-content\/uploads\/2026\/02\/jani-gabriel-8x12.jpg 8w, https:\/\/interdesign.com.pt\/wp-content\/uploads\/2026\/02\/jani-gabriel-300x450.jpg 300w, https:\/\/interdesign.com.pt\/wp-content\/uploads\/2026\/02\/jani-gabriel-1000x1500.jpg 1000w\" sizes=\"(max-width: 1280px) 100vw, 1280px\" \/>\t\t\t\t\t\t\t\t<\/a>\n\t\t\t\t\t\t\t\t\t\t\t\t\t\t\t<\/div>\n\t\t\t\t<\/div>\n\t\t<div class=\"elementor-element elementor-element-42b9408 e-con-full e-flex e-con e-child\" data-id=\"42b9408\" data-element_type=\"container\" data-e-type=\"container\">\n\t\t\t\t<div class=\"elementor-element elementor-element-e456515 elementor-widget elementor-widget-heading\" data-id=\"e456515\" data-element_type=\"widget\" data-e-type=\"widget\" data-widget_type=\"heading.default\">\n\t\t\t\t<div class=\"elementor-widget-container\">\n\t\t\t\t\t<p class=\"elementor-heading-title elementor-size-default\"><a href=\"https:\/\/interdesign.com.pt\/en\/influencers\/jani-gabriel\/\">Jani Gabriel<\/a><\/p>\t\t\t\t<\/div>\n\t\t\t\t<\/div>\n\t\t\t\t<div class=\"elementor-element elementor-element-74db709 elementor-widget-divider--view-line elementor-widget elementor-widget-divider\" data-id=\"74db709\" data-element_type=\"widget\" data-e-type=\"widget\" data-widget_type=\"divider.default\">\n\t\t\t\t<div class=\"elementor-widget-container\">\n\t\t\t\t\t\t\t<div class=\"elementor-divider\">\n\t\t\t<span class=\"elementor-divider-separator\">\n\t\t\t\t\t\t<\/span>\n\t\t<\/div>\n\t\t\t\t\t\t<\/div>\n\t\t\t\t<\/div>\n\t\t\t\t<div class=\"elementor-element elementor-element-63de7dd elementor-widget__width-initial elementor-widget elementor-widget-text-editor\" data-id=\"63de7dd\" data-element_type=\"widget\" data-e-type=\"widget\" data-widget_type=\"text-editor.default\">\n\t\t\t\t<div class=\"elementor-widget-container\">\n\t\t\t\t\t\t\t\t\tJani Gabriel partnered with Interdesign to transform her bedroom into an elegant, serene space designed down to the smallest detail.\t\t\t\t\t\t\t\t<\/div>\n\t\t\t\t<\/div>\n\t\t\t\t<div class=\"elementor-element elementor-element-9db48f3 elementor-align-left elementor-widget elementor-widget-button\" data-id=\"9db48f3\" data-element_type=\"widget\" data-e-type=\"widget\" data-widget_type=\"button.default\">\n\t\t\t\t<div class=\"elementor-widget-container\">\n\t\t\t\t\t\t\t\t\t<div class=\"elementor-button-wrapper\">\n\t\t\t\t\t<a class=\"elementor-button elementor-button-link elementor-size-sm\" href=\"https:\/\/interdesign.com.pt\/en\/influencers\/jani-gabriel\/\">\n\t\t\t\t\t\t<span class=\"elementor-button-content-wrapper\">\n\t\t\t\t\t\t<span class=\"elementor-button-icon\">\n\t\t\t\t<svg xmlns=\"http:\/\/www.w3.org\/2000\/svg\" width=\"29.363\" height=\"22.01\" viewbox=\"0 0 29.363 22.01\"><g id=\"arrow-top\" transform=\"translate(30.863 -5.696) rotate(90)\"><path id=\"Caminho_43\" data-name=\"Caminho 43\" d=\"M6.75,10.211,16.7,2.25l9.951,7.961M16.7,2.25V30.113\" transform=\"translate(0)\" fill=\"none\" stroke=\"#000\" stroke-linecap=\"round\" stroke-linejoin=\"round\" stroke-width=\"1.5\"><\/path><\/g><\/svg>\t\t\t<\/span>\n\t\t\t\t\t\t\t\t\t<span class=\"elementor-button-text\">See project <\/span>\n\t\t\t\t\t<\/span>\n\t\t\t\t\t<\/a>\n\t\t\t\t<\/div>\n\t\t\t\t\t\t\t\t<\/div>\n\t\t\t\t<\/div>\n\t\t\t\t<\/div>\n\t\t\t\t<\/div>\n\t\t\t\t<\/div>\n\t\t\t\t<div data-elementor-type=\"loop-item\" data-elementor-id=\"9192\" class=\"elementor elementor-9192 e-loop-item e-loop-item-9129 post-9129 influencers type-influencers status-publish has-post-thumbnail hentry category-collabs tag-influencers\" data-elementor-post-type=\"elementor_library\" data-custom-edit-handle=\"1\">\n\t\t\t<div class=\"elementor-element elementor-element-2691d1b6 e-con-full e-flex e-con e-parent\" data-id=\"2691d1b6\" data-element_type=\"container\" data-e-type=\"container\">\n\t\t\t\t<div class=\"elementor-element elementor-element-5e21260 elementor-widget elementor-widget-theme-post-featured-image elementor-widget-image\" data-id=\"5e21260\" data-element_type=\"widget\" data-e-type=\"widget\" data-widget_type=\"theme-post-featured-image.default\">\n\t\t\t\t<div class=\"elementor-widget-container\">\n\t\t\t\t\t\t\t\t\t\t\t\t\t\t\t\t<a href=\"https:\/\/interdesign.com.pt\/en\/influencers\/vanessa-martins\/\">\n\t\t\t\t\t\t\t<img decoding=\"async\" width=\"720\" height=\"1280\" src=\"https:\/\/interdesign.com.pt\/wp-content\/uploads\/2025\/09\/vanessa_martins.jpg\" class=\"attachment-full size-full wp-image-9322 wvs-archive-product-image\" alt=\"Colabora\u00e7\u00f5es | Influenciadora Vanessa Martins\" srcset=\"https:\/\/interdesign.com.pt\/wp-content\/uploads\/2025\/09\/vanessa_martins.jpg 720w, https:\/\/interdesign.com.pt\/wp-content\/uploads\/2025\/09\/vanessa_martins-300x533.jpg 300w, https:\/\/interdesign.com.pt\/wp-content\/uploads\/2025\/09\/vanessa_martins-169x300.jpg 169w, https:\/\/interdesign.com.pt\/wp-content\/uploads\/2025\/09\/vanessa_martins-576x1024.jpg 576w, https:\/\/interdesign.com.pt\/wp-content\/uploads\/2025\/09\/vanessa_martins-7x12.jpg 7w, https:\/\/interdesign.com.pt\/wp-content\/uploads\/2025\/09\/vanessa_martins-600x1067.jpg 600w\" sizes=\"(max-width: 720px) 100vw, 720px\" \/>\t\t\t\t\t\t\t\t<\/a>\n\t\t\t\t\t\t\t\t\t\t\t\t\t\t\t<\/div>\n\t\t\t\t<\/div>\n\t\t<div class=\"elementor-element elementor-element-42b9408 e-con-full e-flex e-con e-child\" data-id=\"42b9408\" data-element_type=\"container\" data-e-type=\"container\">\n\t\t\t\t<div class=\"elementor-element elementor-element-e456515 elementor-widget elementor-widget-heading\" data-id=\"e456515\" data-element_type=\"widget\" data-e-type=\"widget\" data-widget_type=\"heading.default\">\n\t\t\t\t<div class=\"elementor-widget-container\">\n\t\t\t\t\t<p class=\"elementor-heading-title elementor-size-default\"><a href=\"https:\/\/interdesign.com.pt\/en\/influencers\/vanessa-martins\/\">Vanessa Martins<\/a><\/p>\t\t\t\t<\/div>\n\t\t\t\t<\/div>\n\t\t\t\t<div class=\"elementor-element elementor-element-74db709 elementor-widget-divider--view-line elementor-widget elementor-widget-divider\" data-id=\"74db709\" data-element_type=\"widget\" data-e-type=\"widget\" data-widget_type=\"divider.default\">\n\t\t\t\t<div class=\"elementor-widget-container\">\n\t\t\t\t\t\t\t<div class=\"elementor-divider\">\n\t\t\t<span class=\"elementor-divider-separator\">\n\t\t\t\t\t\t<\/span>\n\t\t<\/div>\n\t\t\t\t\t\t<\/div>\n\t\t\t\t<\/div>\n\t\t\t\t<div class=\"elementor-element elementor-element-63de7dd elementor-widget__width-initial elementor-widget elementor-widget-text-editor\" data-id=\"63de7dd\" data-element_type=\"widget\" data-e-type=\"widget\" data-widget_type=\"text-editor.default\">\n\t\t\t\t<div class=\"elementor-widget-container\">\n\t\t\t\t\t\t\t\t\tFrom the bedroom to the home office \u2014 and the living room in between \u2014 Interdesign transformed Vanessa Martins\u2019s spaces with custom pieces, premium materials, and a touch of sophistication.\t\t\t\t\t\t\t\t<\/div>\n\t\t\t\t<\/div>\n\t\t\t\t<div class=\"elementor-element elementor-element-9db48f3 elementor-align-left elementor-widget elementor-widget-button\" data-id=\"9db48f3\" data-element_type=\"widget\" data-e-type=\"widget\" data-widget_type=\"button.default\">\n\t\t\t\t<div class=\"elementor-widget-container\">\n\t\t\t\t\t\t\t\t\t<div class=\"elementor-button-wrapper\">\n\t\t\t\t\t<a class=\"elementor-button elementor-button-link elementor-size-sm\" href=\"https:\/\/interdesign.com.pt\/en\/influencers\/vanessa-martins\/\">\n\t\t\t\t\t\t<span class=\"elementor-button-content-wrapper\">\n\t\t\t\t\t\t<span class=\"elementor-button-icon\">\n\t\t\t\t<svg xmlns=\"http:\/\/www.w3.org\/2000\/svg\" width=\"29.363\" height=\"22.01\" viewbox=\"0 0 29.363 22.01\"><g id=\"arrow-top\" transform=\"translate(30.863 -5.696) rotate(90)\"><path id=\"Caminho_43\" data-name=\"Caminho 43\" d=\"M6.75,10.211,16.7,2.25l9.951,7.961M16.7,2.25V30.113\" transform=\"translate(0)\" fill=\"none\" stroke=\"#000\" stroke-linecap=\"round\" stroke-linejoin=\"round\" stroke-width=\"1.5\"><\/path><\/g><\/svg>\t\t\t<\/span>\n\t\t\t\t\t\t\t\t\t<span class=\"elementor-button-text\">See project <\/span>\n\t\t\t\t\t<\/span>\n\t\t\t\t\t<\/a>\n\t\t\t\t<\/div>\n\t\t\t\t\t\t\t\t<\/div>\n\t\t\t\t<\/div>\n\t\t\t\t<\/div>\n\t\t\t\t<\/div>\n\t\t\t\t<\/div>\n\t\t\t\t<div data-elementor-type=\"loop-item\" data-elementor-id=\"9192\" class=\"elementor elementor-9192 e-loop-item e-loop-item-9181 post-9181 influencers type-influencers status-publish has-post-thumbnail hentry category-collabs tag-influencers\" data-elementor-post-type=\"elementor_library\" data-custom-edit-handle=\"1\">\n\t\t\t<div class=\"elementor-element elementor-element-2691d1b6 e-con-full e-flex e-con e-parent\" data-id=\"2691d1b6\" data-element_type=\"container\" data-e-type=\"container\">\n\t\t\t\t<div class=\"elementor-element elementor-element-5e21260 elementor-widget elementor-widget-theme-post-featured-image elementor-widget-image\" data-id=\"5e21260\" data-element_type=\"widget\" data-e-type=\"widget\" data-widget_type=\"theme-post-featured-image.default\">\n\t\t\t\t<div class=\"elementor-widget-container\">\n\t\t\t\t\t\t\t\t\t\t\t\t\t\t\t\t<a href=\"https:\/\/interdesign.com.pt\/en\/influencers\/belem-silva\/\">\n\t\t\t\t\t\t\t<img loading=\"lazy\" decoding=\"async\" width=\"1440\" height=\"1800\" src=\"https:\/\/interdesign.com.pt\/wp-content\/uploads\/2025\/09\/BelemSilva.jpg\" class=\"attachment-full size-full wp-image-9319 wvs-archive-product-image\" alt=\"Colabora\u00e7\u00f5es | Influenciadora Bel\u00e9m Silva\" srcset=\"https:\/\/interdesign.com.pt\/wp-content\/uploads\/2025\/09\/BelemSilva.jpg 1440w, https:\/\/interdesign.com.pt\/wp-content\/uploads\/2025\/09\/BelemSilva-300x375.jpg 300w, https:\/\/interdesign.com.pt\/wp-content\/uploads\/2025\/09\/BelemSilva-1000x1250.jpg 1000w, https:\/\/interdesign.com.pt\/wp-content\/uploads\/2025\/09\/BelemSilva-240x300.jpg 240w, https:\/\/interdesign.com.pt\/wp-content\/uploads\/2025\/09\/BelemSilva-819x1024.jpg 819w, https:\/\/interdesign.com.pt\/wp-content\/uploads\/2025\/09\/BelemSilva-768x960.jpg 768w, https:\/\/interdesign.com.pt\/wp-content\/uploads\/2025\/09\/BelemSilva-1229x1536.jpg 1229w, https:\/\/interdesign.com.pt\/wp-content\/uploads\/2025\/09\/BelemSilva-10x12.jpg 10w\" sizes=\"(max-width: 1440px) 100vw, 1440px\" \/>\t\t\t\t\t\t\t\t<\/a>\n\t\t\t\t\t\t\t\t\t\t\t\t\t\t\t<\/div>\n\t\t\t\t<\/div>\n\t\t<div class=\"elementor-element elementor-element-42b9408 e-con-full e-flex e-con e-child\" data-id=\"42b9408\" data-element_type=\"container\" data-e-type=\"container\">\n\t\t\t\t<div class=\"elementor-element elementor-element-e456515 elementor-widget elementor-widget-heading\" data-id=\"e456515\" data-element_type=\"widget\" data-e-type=\"widget\" data-widget_type=\"heading.default\">\n\t\t\t\t<div class=\"elementor-widget-container\">\n\t\t\t\t\t<p class=\"elementor-heading-title elementor-size-default\"><a href=\"https:\/\/interdesign.com.pt\/en\/influencers\/belem-silva\/\">Bel\u00e9m Silva<\/a><\/p>\t\t\t\t<\/div>\n\t\t\t\t<\/div>\n\t\t\t\t<div class=\"elementor-element elementor-element-74db709 elementor-widget-divider--view-line elementor-widget elementor-widget-divider\" data-id=\"74db709\" data-element_type=\"widget\" data-e-type=\"widget\" data-widget_type=\"divider.default\">\n\t\t\t\t<div class=\"elementor-widget-container\">\n\t\t\t\t\t\t\t<div class=\"elementor-divider\">\n\t\t\t<span class=\"elementor-divider-separator\">\n\t\t\t\t\t\t<\/span>\n\t\t<\/div>\n\t\t\t\t\t\t<\/div>\n\t\t\t\t<\/div>\n\t\t\t\t<div class=\"elementor-element elementor-element-63de7dd elementor-widget__width-initial elementor-widget elementor-widget-text-editor\" data-id=\"63de7dd\" data-element_type=\"widget\" data-e-type=\"widget\" data-widget_type=\"text-editor.default\">\n\t\t\t\t<div class=\"elementor-widget-container\">\n\t\t\t\t\t\t\t\t\tInterdesign turned Bel\u00e9m Silva\u2019s dream into reality: a closet designed to inspire everyday living.\t\t\t\t\t\t\t\t<\/div>\n\t\t\t\t<\/div>\n\t\t\t\t<div class=\"elementor-element elementor-element-9db48f3 elementor-align-left elementor-widget elementor-widget-button\" data-id=\"9db48f3\" data-element_type=\"widget\" data-e-type=\"widget\" data-widget_type=\"button.default\">\n\t\t\t\t<div class=\"elementor-widget-container\">\n\t\t\t\t\t\t\t\t\t<div class=\"elementor-button-wrapper\">\n\t\t\t\t\t<a class=\"elementor-button elementor-button-link elementor-size-sm\" href=\"https:\/\/interdesign.com.pt\/en\/influencers\/belem-silva\/\">\n\t\t\t\t\t\t<span class=\"elementor-button-content-wrapper\">\n\t\t\t\t\t\t<span class=\"elementor-button-icon\">\n\t\t\t\t<svg xmlns=\"http:\/\/www.w3.org\/2000\/svg\" width=\"29.363\" height=\"22.01\" viewbox=\"0 0 29.363 22.01\"><g id=\"arrow-top\" transform=\"translate(30.863 -5.696) rotate(90)\"><path id=\"Caminho_43\" data-name=\"Caminho 43\" d=\"M6.75,10.211,16.7,2.25l9.951,7.961M16.7,2.25V30.113\" transform=\"translate(0)\" fill=\"none\" stroke=\"#000\" stroke-linecap=\"round\" stroke-linejoin=\"round\" stroke-width=\"1.5\"><\/path><\/g><\/svg>\t\t\t<\/span>\n\t\t\t\t\t\t\t\t\t<span class=\"elementor-button-text\">See project <\/span>\n\t\t\t\t\t<\/span>\n\t\t\t\t\t<\/a>\n\t\t\t\t<\/div>\n\t\t\t\t\t\t\t\t<\/div>\n\t\t\t\t<\/div>\n\t\t\t\t<\/div>\n\t\t\t\t<\/div>\n\t\t\t\t<\/div>\n\t\t\t\t<div data-elementor-type=\"loop-item\" data-elementor-id=\"9192\" class=\"elementor elementor-9192 e-loop-item e-loop-item-9228 post-9228 influencers type-influencers status-publish has-post-thumbnail hentry category-collabs tag-influencers\" data-elementor-post-type=\"elementor_library\" data-custom-edit-handle=\"1\">\n\t\t\t<div class=\"elementor-element elementor-element-2691d1b6 e-con-full e-flex e-con e-parent\" data-id=\"2691d1b6\" data-element_type=\"container\" data-e-type=\"container\">\n\t\t\t\t<div class=\"elementor-element elementor-element-5e21260 elementor-widget elementor-widget-theme-post-featured-image elementor-widget-image\" data-id=\"5e21260\" data-element_type=\"widget\" data-e-type=\"widget\" data-widget_type=\"theme-post-featured-image.default\">\n\t\t\t\t<div class=\"elementor-widget-container\">\n\t\t\t\t\t\t\t\t\t\t\t\t\t\t\t\t<a href=\"https:\/\/interdesign.com.pt\/en\/influencers\/catarina-miranda\/\">\n\t\t\t\t\t\t\t<img loading=\"lazy\" decoding=\"async\" width=\"1371\" height=\"1920\" src=\"https:\/\/interdesign.com.pt\/wp-content\/uploads\/2025\/09\/CM-5.jpg\" class=\"attachment-full size-full wp-image-9295 wvs-archive-product-image\" alt=\"Colabora\u00e7\u00f5es | Influenciadora Catarina Miranda\" srcset=\"https:\/\/interdesign.com.pt\/wp-content\/uploads\/2025\/09\/CM-5.jpg 1371w, https:\/\/interdesign.com.pt\/wp-content\/uploads\/2025\/09\/CM-5-300x420.jpg 300w, https:\/\/interdesign.com.pt\/wp-content\/uploads\/2025\/09\/CM-5-1000x1400.jpg 1000w, https:\/\/interdesign.com.pt\/wp-content\/uploads\/2025\/09\/CM-5-214x300.jpg 214w, https:\/\/interdesign.com.pt\/wp-content\/uploads\/2025\/09\/CM-5-731x1024.jpg 731w, https:\/\/interdesign.com.pt\/wp-content\/uploads\/2025\/09\/CM-5-768x1076.jpg 768w, https:\/\/interdesign.com.pt\/wp-content\/uploads\/2025\/09\/CM-5-1097x1536.jpg 1097w, https:\/\/interdesign.com.pt\/wp-content\/uploads\/2025\/09\/CM-5-9x12.jpg 9w\" sizes=\"(max-width: 1371px) 100vw, 1371px\" \/>\t\t\t\t\t\t\t\t<\/a>\n\t\t\t\t\t\t\t\t\t\t\t\t\t\t\t<\/div>\n\t\t\t\t<\/div>\n\t\t<div class=\"elementor-element elementor-element-42b9408 e-con-full e-flex e-con e-child\" data-id=\"42b9408\" data-element_type=\"container\" data-e-type=\"container\">\n\t\t\t\t<div class=\"elementor-element elementor-element-e456515 elementor-widget elementor-widget-heading\" data-id=\"e456515\" data-element_type=\"widget\" data-e-type=\"widget\" data-widget_type=\"heading.default\">\n\t\t\t\t<div class=\"elementor-widget-container\">\n\t\t\t\t\t<p class=\"elementor-heading-title elementor-size-default\"><a href=\"https:\/\/interdesign.com.pt\/en\/influencers\/catarina-miranda\/\">Catarina Miranda<\/a><\/p>\t\t\t\t<\/div>\n\t\t\t\t<\/div>\n\t\t\t\t<div class=\"elementor-element elementor-element-74db709 elementor-widget-divider--view-line elementor-widget elementor-widget-divider\" data-id=\"74db709\" data-element_type=\"widget\" data-e-type=\"widget\" data-widget_type=\"divider.default\">\n\t\t\t\t<div class=\"elementor-widget-container\">\n\t\t\t\t\t\t\t<div class=\"elementor-divider\">\n\t\t\t<span class=\"elementor-divider-separator\">\n\t\t\t\t\t\t<\/span>\n\t\t<\/div>\n\t\t\t\t\t\t<\/div>\n\t\t\t\t<\/div>\n\t\t\t\t<div class=\"elementor-element elementor-element-63de7dd elementor-widget__width-initial elementor-widget elementor-widget-text-editor\" data-id=\"63de7dd\" data-element_type=\"widget\" data-e-type=\"widget\" data-widget_type=\"text-editor.default\">\n\t\t\t\t<div class=\"elementor-widget-container\">\n\t\t\t\t\t\t\t\t\tCatarina Miranda\u2019s dining and living rooms come to life with Interdesign\u2019s custom design \u2014 functionality, comfort, and style in perfect harmony.\t\t\t\t\t\t\t\t<\/div>\n\t\t\t\t<\/div>\n\t\t\t\t<div class=\"elementor-element elementor-element-9db48f3 elementor-align-left elementor-widget elementor-widget-button\" data-id=\"9db48f3\" data-element_type=\"widget\" data-e-type=\"widget\" data-widget_type=\"button.default\">\n\t\t\t\t<div class=\"elementor-widget-container\">\n\t\t\t\t\t\t\t\t\t<div class=\"elementor-button-wrapper\">\n\t\t\t\t\t<a class=\"elementor-button elementor-button-link elementor-size-sm\" href=\"https:\/\/interdesign.com.pt\/en\/influencers\/catarina-miranda\/\">\n\t\t\t\t\t\t<span class=\"elementor-button-content-wrapper\">\n\t\t\t\t\t\t<span class=\"elementor-button-icon\">\n\t\t\t\t<svg xmlns=\"http:\/\/www.w3.org\/2000\/svg\" width=\"29.363\" height=\"22.01\" viewbox=\"0 0 29.363 22.01\"><g id=\"arrow-top\" transform=\"translate(30.863 -5.696) rotate(90)\"><path id=\"Caminho_43\" data-name=\"Caminho 43\" d=\"M6.75,10.211,16.7,2.25l9.951,7.961M16.7,2.25V30.113\" transform=\"translate(0)\" fill=\"none\" stroke=\"#000\" stroke-linecap=\"round\" stroke-linejoin=\"round\" stroke-width=\"1.5\"><\/path><\/g><\/svg>\t\t\t<\/span>\n\t\t\t\t\t\t\t\t\t<span class=\"elementor-button-text\">See project <\/span>\n\t\t\t\t\t<\/span>\n\t\t\t\t\t<\/a>\n\t\t\t\t<\/div>\n\t\t\t\t\t\t\t\t<\/div>\n\t\t\t\t<\/div>\n\t\t\t\t<\/div>\n\t\t\t\t<\/div>\n\t\t\t\t<\/div>\n\t\t\t\t<div data-elementor-type=\"loop-item\" data-elementor-id=\"9192\" class=\"elementor elementor-9192 e-loop-item e-loop-item-9236 post-9236 influencers type-influencers status-publish has-post-thumbnail hentry category-collabs tag-influencers\" data-elementor-post-type=\"elementor_library\" data-custom-edit-handle=\"1\">\n\t\t\t<div class=\"elementor-element elementor-element-2691d1b6 e-con-full e-flex e-con e-parent\" data-id=\"2691d1b6\" data-element_type=\"container\" data-e-type=\"container\">\n\t\t\t\t<div class=\"elementor-element elementor-element-5e21260 elementor-widget elementor-widget-theme-post-featured-image elementor-widget-image\" data-id=\"5e21260\" data-element_type=\"widget\" data-e-type=\"widget\" data-widget_type=\"theme-post-featured-image.default\">\n\t\t\t\t<div class=\"elementor-widget-container\">\n\t\t\t\t\t\t\t\t\t\t\t\t\t\t\t\t<a href=\"https:\/\/interdesign.com.pt\/en\/influencers\/catarina-almeida\/\">\n\t\t\t\t\t\t\t<img loading=\"lazy\" decoding=\"async\" width=\"1080\" height=\"1920\" src=\"https:\/\/interdesign.com.pt\/wp-content\/uploads\/2025\/09\/Katawii.jpg\" class=\"attachment-full size-full wp-image-9320 wvs-archive-product-image\" alt=\"Colabora\u00e7\u00f5es | Influenciadora Catarina Almeida (Katawii)\" srcset=\"https:\/\/interdesign.com.pt\/wp-content\/uploads\/2025\/09\/Katawii.jpg 1080w, https:\/\/interdesign.com.pt\/wp-content\/uploads\/2025\/09\/Katawii-300x533.jpg 300w, https:\/\/interdesign.com.pt\/wp-content\/uploads\/2025\/09\/Katawii-1000x1778.jpg 1000w, https:\/\/interdesign.com.pt\/wp-content\/uploads\/2025\/09\/Katawii-169x300.jpg 169w, https:\/\/interdesign.com.pt\/wp-content\/uploads\/2025\/09\/Katawii-576x1024.jpg 576w, https:\/\/interdesign.com.pt\/wp-content\/uploads\/2025\/09\/Katawii-768x1365.jpg 768w, https:\/\/interdesign.com.pt\/wp-content\/uploads\/2025\/09\/Katawii-864x1536.jpg 864w, https:\/\/interdesign.com.pt\/wp-content\/uploads\/2025\/09\/Katawii-7x12.jpg 7w\" sizes=\"(max-width: 1080px) 100vw, 1080px\" \/>\t\t\t\t\t\t\t\t<\/a>\n\t\t\t\t\t\t\t\t\t\t\t\t\t\t\t<\/div>\n\t\t\t\t<\/div>\n\t\t<div class=\"elementor-element elementor-element-42b9408 e-con-full e-flex e-con e-child\" data-id=\"42b9408\" data-element_type=\"container\" data-e-type=\"container\">\n\t\t\t\t<div class=\"elementor-element elementor-element-e456515 elementor-widget elementor-widget-heading\" data-id=\"e456515\" data-element_type=\"widget\" data-e-type=\"widget\" data-widget_type=\"heading.default\">\n\t\t\t\t<div class=\"elementor-widget-container\">\n\t\t\t\t\t<p class=\"elementor-heading-title elementor-size-default\"><a href=\"https:\/\/interdesign.com.pt\/en\/influencers\/catarina-almeida\/\">Catarina Almeida (Katawii)<\/a><\/p>\t\t\t\t<\/div>\n\t\t\t\t<\/div>\n\t\t\t\t<div class=\"elementor-element elementor-element-74db709 elementor-widget-divider--view-line elementor-widget elementor-widget-divider\" data-id=\"74db709\" data-element_type=\"widget\" data-e-type=\"widget\" data-widget_type=\"divider.default\">\n\t\t\t\t<div class=\"elementor-widget-container\">\n\t\t\t\t\t\t\t<div class=\"elementor-divider\">\n\t\t\t<span class=\"elementor-divider-separator\">\n\t\t\t\t\t\t<\/span>\n\t\t<\/div>\n\t\t\t\t\t\t<\/div>\n\t\t\t\t<\/div>\n\t\t\t\t<div class=\"elementor-element elementor-element-63de7dd elementor-widget__width-initial elementor-widget elementor-widget-text-editor\" data-id=\"63de7dd\" data-element_type=\"widget\" data-e-type=\"widget\" data-widget_type=\"text-editor.default\">\n\t\t\t\t<div class=\"elementor-widget-container\">\n\t\t\t\t\t\t\t\t\tWith Interdesign\u2019s help, Catarina Almeida turned her living room into a warm, sophisticated space, tailored to her.\t\t\t\t\t\t\t\t<\/div>\n\t\t\t\t<\/div>\n\t\t\t\t<div class=\"elementor-element elementor-element-9db48f3 elementor-align-left elementor-widget elementor-widget-button\" data-id=\"9db48f3\" data-element_type=\"widget\" data-e-type=\"widget\" data-widget_type=\"button.default\">\n\t\t\t\t<div class=\"elementor-widget-container\">\n\t\t\t\t\t\t\t\t\t<div class=\"elementor-button-wrapper\">\n\t\t\t\t\t<a class=\"elementor-button elementor-button-link elementor-size-sm\" href=\"https:\/\/interdesign.com.pt\/en\/influencers\/catarina-almeida\/\">\n\t\t\t\t\t\t<span class=\"elementor-button-content-wrapper\">\n\t\t\t\t\t\t<span class=\"elementor-button-icon\">\n\t\t\t\t<svg xmlns=\"http:\/\/www.w3.org\/2000\/svg\" width=\"29.363\" height=\"22.01\" viewbox=\"0 0 29.363 22.01\"><g id=\"arrow-top\" transform=\"translate(30.863 -5.696) rotate(90)\"><path id=\"Caminho_43\" data-name=\"Caminho 43\" d=\"M6.75,10.211,16.7,2.25l9.951,7.961M16.7,2.25V30.113\" transform=\"translate(0)\" fill=\"none\" stroke=\"#000\" stroke-linecap=\"round\" stroke-linejoin=\"round\" stroke-width=\"1.5\"><\/path><\/g><\/svg>\t\t\t<\/span>\n\t\t\t\t\t\t\t\t\t<span class=\"elementor-button-text\">See project <\/span>\n\t\t\t\t\t<\/span>\n\t\t\t\t\t<\/a>\n\t\t\t\t<\/div>\n\t\t\t\t\t\t\t\t<\/div>\n\t\t\t\t<\/div>\n\t\t\t\t<\/div>\n\t\t\t\t<\/div>\n\t\t\t\t<\/div>\n\t\t\t\t<div data-elementor-type=\"loop-item\" data-elementor-id=\"9192\" class=\"elementor elementor-9192 e-loop-item e-loop-item-9183 post-9183 influencers type-influencers status-publish has-post-thumbnail hentry category-collabs tag-influencers\" data-elementor-post-type=\"elementor_library\" data-custom-edit-handle=\"1\">\n\t\t\t<div class=\"elementor-element elementor-element-2691d1b6 e-con-full e-flex e-con e-parent\" data-id=\"2691d1b6\" data-element_type=\"container\" data-e-type=\"container\">\n\t\t\t\t<div class=\"elementor-element elementor-element-5e21260 elementor-widget elementor-widget-theme-post-featured-image elementor-widget-image\" data-id=\"5e21260\" data-element_type=\"widget\" data-e-type=\"widget\" data-widget_type=\"theme-post-featured-image.default\">\n\t\t\t\t<div class=\"elementor-widget-container\">\n\t\t\t\t\t\t\t\t\t\t\t\t\t\t\t\t<a href=\"https:\/\/interdesign.com.pt\/en\/influencers\/barbara-marques\/\">\n\t\t\t\t\t\t\t<img loading=\"lazy\" decoding=\"async\" width=\"720\" height=\"1280\" src=\"https:\/\/interdesign.com.pt\/wp-content\/uploads\/2025\/09\/BarbaraMarques.jpg\" class=\"attachment-full size-full wp-image-9315 wvs-archive-product-image\" alt=\"Colabora\u00e7\u00f5es | Influenciadora Barbara Marques\" srcset=\"https:\/\/interdesign.com.pt\/wp-content\/uploads\/2025\/09\/BarbaraMarques.jpg 720w, https:\/\/interdesign.com.pt\/wp-content\/uploads\/2025\/09\/BarbaraMarques-300x533.jpg 300w, https:\/\/interdesign.com.pt\/wp-content\/uploads\/2025\/09\/BarbaraMarques-169x300.jpg 169w, https:\/\/interdesign.com.pt\/wp-content\/uploads\/2025\/09\/BarbaraMarques-576x1024.jpg 576w, https:\/\/interdesign.com.pt\/wp-content\/uploads\/2025\/09\/BarbaraMarques-7x12.jpg 7w, https:\/\/interdesign.com.pt\/wp-content\/uploads\/2025\/09\/BarbaraMarques-600x1067.jpg 600w\" sizes=\"(max-width: 720px) 100vw, 720px\" \/>\t\t\t\t\t\t\t\t<\/a>\n\t\t\t\t\t\t\t\t\t\t\t\t\t\t\t<\/div>\n\t\t\t\t<\/div>\n\t\t<div class=\"elementor-element elementor-element-42b9408 e-con-full e-flex e-con e-child\" data-id=\"42b9408\" data-element_type=\"container\" data-e-type=\"container\">\n\t\t\t\t<div class=\"elementor-element elementor-element-e456515 elementor-widget elementor-widget-heading\" data-id=\"e456515\" data-element_type=\"widget\" data-e-type=\"widget\" data-widget_type=\"heading.default\">\n\t\t\t\t<div class=\"elementor-widget-container\">\n\t\t\t\t\t<p class=\"elementor-heading-title elementor-size-default\"><a href=\"https:\/\/interdesign.com.pt\/en\/influencers\/barbara-marques\/\">B\u00e1rbara Marques<\/a><\/p>\t\t\t\t<\/div>\n\t\t\t\t<\/div>\n\t\t\t\t<div class=\"elementor-element elementor-element-74db709 elementor-widget-divider--view-line elementor-widget elementor-widget-divider\" data-id=\"74db709\" data-element_type=\"widget\" data-e-type=\"widget\" data-widget_type=\"divider.default\">\n\t\t\t\t<div class=\"elementor-widget-container\">\n\t\t\t\t\t\t\t<div class=\"elementor-divider\">\n\t\t\t<span class=\"elementor-divider-separator\">\n\t\t\t\t\t\t<\/span>\n\t\t<\/div>\n\t\t\t\t\t\t<\/div>\n\t\t\t\t<\/div>\n\t\t\t\t<div class=\"elementor-element elementor-element-63de7dd elementor-widget__width-initial elementor-widget elementor-widget-text-editor\" data-id=\"63de7dd\" data-element_type=\"widget\" data-e-type=\"widget\" data-widget_type=\"text-editor.default\">\n\t\t\t\t<div class=\"elementor-widget-container\">\n\t\t\t\t\t\t\t\t\tB\u00e1rbara Marques asked us to help her create an elegant, minimalist office space.\t\t\t\t\t\t\t\t<\/div>\n\t\t\t\t<\/div>\n\t\t\t\t<div class=\"elementor-element elementor-element-9db48f3 elementor-align-left elementor-widget elementor-widget-button\" data-id=\"9db48f3\" data-element_type=\"widget\" data-e-type=\"widget\" data-widget_type=\"button.default\">\n\t\t\t\t<div class=\"elementor-widget-container\">\n\t\t\t\t\t\t\t\t\t<div class=\"elementor-button-wrapper\">\n\t\t\t\t\t<a class=\"elementor-button elementor-button-link elementor-size-sm\" href=\"https:\/\/interdesign.com.pt\/en\/influencers\/barbara-marques\/\">\n\t\t\t\t\t\t<span class=\"elementor-button-content-wrapper\">\n\t\t\t\t\t\t<span class=\"elementor-button-icon\">\n\t\t\t\t<svg xmlns=\"http:\/\/www.w3.org\/2000\/svg\" width=\"29.363\" height=\"22.01\" viewbox=\"0 0 29.363 22.01\"><g id=\"arrow-top\" transform=\"translate(30.863 -5.696) rotate(90)\"><path id=\"Caminho_43\" data-name=\"Caminho 43\" d=\"M6.75,10.211,16.7,2.25l9.951,7.961M16.7,2.25V30.113\" transform=\"translate(0)\" fill=\"none\" stroke=\"#000\" stroke-linecap=\"round\" stroke-linejoin=\"round\" stroke-width=\"1.5\"><\/path><\/g><\/svg>\t\t\t<\/span>\n\t\t\t\t\t\t\t\t\t<span class=\"elementor-button-text\">See project <\/span>\n\t\t\t\t\t<\/span>\n\t\t\t\t\t<\/a>\n\t\t\t\t<\/div>\n\t\t\t\t\t\t\t\t<\/div>\n\t\t\t\t<\/div>\n\t\t\t\t<\/div>\n\t\t\t\t<\/div>\n\t\t\t\t<\/div>\n\t\t\t\t<div data-elementor-type=\"loop-item\" data-elementor-id=\"9192\" class=\"elementor elementor-9192 e-loop-item e-loop-item-9222 post-9222 influencers type-influencers status-publish has-post-thumbnail hentry category-collabs tag-influencers\" data-elementor-post-type=\"elementor_library\" data-custom-edit-handle=\"1\">\n\t\t\t<div class=\"elementor-element elementor-element-2691d1b6 e-con-full e-flex e-con e-parent\" data-id=\"2691d1b6\" data-element_type=\"container\" data-e-type=\"container\">\n\t\t\t\t<div class=\"elementor-element elementor-element-5e21260 elementor-widget elementor-widget-theme-post-featured-image elementor-widget-image\" data-id=\"5e21260\" data-element_type=\"widget\" data-e-type=\"widget\" data-widget_type=\"theme-post-featured-image.default\">\n\t\t\t\t<div class=\"elementor-widget-container\">\n\t\t\t\t\t\t\t\t\t\t\t\t\t\t\t\t<a href=\"https:\/\/interdesign.com.pt\/en\/influencers\/francisca-flores\/\">\n\t\t\t\t\t\t\t<img loading=\"lazy\" decoding=\"async\" width=\"1080\" height=\"1080\" src=\"https:\/\/interdesign.com.pt\/wp-content\/uploads\/2025\/09\/FranciscaFlores.jpg\" class=\"attachment-full size-full wp-image-9761 wvs-archive-product-image\" alt=\"Colabora\u00e7\u00f5es | Influ\u00eanciadora Francisca Flores\" srcset=\"https:\/\/interdesign.com.pt\/wp-content\/uploads\/2025\/09\/FranciscaFlores.jpg 1080w, https:\/\/interdesign.com.pt\/wp-content\/uploads\/2025\/09\/FranciscaFlores-300x300.jpg 300w, https:\/\/interdesign.com.pt\/wp-content\/uploads\/2025\/09\/FranciscaFlores-100x100.jpg 100w, https:\/\/interdesign.com.pt\/wp-content\/uploads\/2025\/09\/FranciscaFlores-1000x1000.jpg 1000w, https:\/\/interdesign.com.pt\/wp-content\/uploads\/2025\/09\/FranciscaFlores-1024x1024.jpg 1024w, https:\/\/interdesign.com.pt\/wp-content\/uploads\/2025\/09\/FranciscaFlores-150x150.jpg 150w, https:\/\/interdesign.com.pt\/wp-content\/uploads\/2025\/09\/FranciscaFlores-768x768.jpg 768w, https:\/\/interdesign.com.pt\/wp-content\/uploads\/2025\/09\/FranciscaFlores-12x12.jpg 12w\" sizes=\"(max-width: 1080px) 100vw, 1080px\" \/>\t\t\t\t\t\t\t\t<\/a>\n\t\t\t\t\t\t\t\t\t\t\t\t\t\t\t<\/div>\n\t\t\t\t<\/div>\n\t\t<div class=\"elementor-element elementor-element-42b9408 e-con-full e-flex e-con e-child\" data-id=\"42b9408\" data-element_type=\"container\" data-e-type=\"container\">\n\t\t\t\t<div class=\"elementor-element elementor-element-e456515 elementor-widget elementor-widget-heading\" data-id=\"e456515\" data-element_type=\"widget\" data-e-type=\"widget\" data-widget_type=\"heading.default\">\n\t\t\t\t<div class=\"elementor-widget-container\">\n\t\t\t\t\t<p class=\"elementor-heading-title elementor-size-default\"><a href=\"https:\/\/interdesign.com.pt\/en\/influencers\/francisca-flores\/\">Francisca Flores<\/a><\/p>\t\t\t\t<\/div>\n\t\t\t\t<\/div>\n\t\t\t\t<div class=\"elementor-element elementor-element-74db709 elementor-widget-divider--view-line elementor-widget elementor-widget-divider\" data-id=\"74db709\" data-element_type=\"widget\" data-e-type=\"widget\" data-widget_type=\"divider.default\">\n\t\t\t\t<div class=\"elementor-widget-container\">\n\t\t\t\t\t\t\t<div class=\"elementor-divider\">\n\t\t\t<span class=\"elementor-divider-separator\">\n\t\t\t\t\t\t<\/span>\n\t\t<\/div>\n\t\t\t\t\t\t<\/div>\n\t\t\t\t<\/div>\n\t\t\t\t<div class=\"elementor-element elementor-element-63de7dd elementor-widget__width-initial elementor-widget elementor-widget-text-editor\" data-id=\"63de7dd\" data-element_type=\"widget\" data-e-type=\"widget\" data-widget_type=\"text-editor.default\">\n\t\t\t\t<div class=\"elementor-widget-container\">\n\t\t\t\t\t\t\t\t\tPersonalised design took shape at Francisca Flores\u2019 home, with Interdesign remodeling her bedroom and crafting a one-of-a-kind living room piece.\t\t\t\t\t\t\t\t<\/div>\n\t\t\t\t<\/div>\n\t\t\t\t<div class=\"elementor-element elementor-element-9db48f3 elementor-align-left elementor-widget elementor-widget-button\" data-id=\"9db48f3\" data-element_type=\"widget\" data-e-type=\"widget\" data-widget_type=\"button.default\">\n\t\t\t\t<div class=\"elementor-widget-container\">\n\t\t\t\t\t\t\t\t\t<div class=\"elementor-button-wrapper\">\n\t\t\t\t\t<a class=\"elementor-button elementor-button-link elementor-size-sm\" href=\"https:\/\/interdesign.com.pt\/en\/influencers\/francisca-flores\/\">\n\t\t\t\t\t\t<span class=\"elementor-button-content-wrapper\">\n\t\t\t\t\t\t<span class=\"elementor-button-icon\">\n\t\t\t\t<svg xmlns=\"http:\/\/www.w3.org\/2000\/svg\" width=\"29.363\" height=\"22.01\" viewbox=\"0 0 29.363 22.01\"><g id=\"arrow-top\" transform=\"translate(30.863 -5.696) rotate(90)\"><path id=\"Caminho_43\" data-name=\"Caminho 43\" d=\"M6.75,10.211,16.7,2.25l9.951,7.961M16.7,2.25V30.113\" transform=\"translate(0)\" fill=\"none\" stroke=\"#000\" stroke-linecap=\"round\" stroke-linejoin=\"round\" stroke-width=\"1.5\"><\/path><\/g><\/svg>\t\t\t<\/span>\n\t\t\t\t\t\t\t\t\t<span class=\"elementor-button-text\">See project <\/span>\n\t\t\t\t\t<\/span>\n\t\t\t\t\t<\/a>\n\t\t\t\t<\/div>\n\t\t\t\t\t\t\t\t<\/div>\n\t\t\t\t<\/div>\n\t\t\t\t<\/div>\n\t\t\t\t<\/div>\n\t\t\t\t<\/div>\n\t\t\t\t<div data-elementor-type=\"loop-item\" data-elementor-id=\"9192\" class=\"elementor elementor-9192 e-loop-item e-loop-item-9232 post-9232 influencers type-influencers status-publish has-post-thumbnail hentry category-collabs tag-influencers\" data-elementor-post-type=\"elementor_library\" data-custom-edit-handle=\"1\">\n\t\t\t<div class=\"elementor-element elementor-element-2691d1b6 e-con-full e-flex e-con e-parent\" data-id=\"2691d1b6\" data-element_type=\"container\" data-e-type=\"container\">\n\t\t\t\t<div class=\"elementor-element elementor-element-5e21260 elementor-widget elementor-widget-theme-post-featured-image elementor-widget-image\" data-id=\"5e21260\" data-element_type=\"widget\" data-e-type=\"widget\" data-widget_type=\"theme-post-featured-image.default\">\n\t\t\t\t<div class=\"elementor-widget-container\">\n\t\t\t\t\t\t\t\t\t\t\t\t\t\t\t\t<a href=\"https:\/\/interdesign.com.pt\/en\/influencers\/sofia-ribeiro\/\">\n\t\t\t\t\t\t\t<img loading=\"lazy\" decoding=\"async\" width=\"720\" height=\"1280\" src=\"https:\/\/interdesign.com.pt\/wp-content\/uploads\/2025\/09\/SofiaRibeiro.jpg\" class=\"attachment-full size-full wp-image-9321 wvs-archive-product-image\" alt=\"Colabora\u00e7\u00f5es | Influenciadora Sofia Ribeiro\" srcset=\"https:\/\/interdesign.com.pt\/wp-content\/uploads\/2025\/09\/SofiaRibeiro.jpg 720w, https:\/\/interdesign.com.pt\/wp-content\/uploads\/2025\/09\/SofiaRibeiro-300x533.jpg 300w, https:\/\/interdesign.com.pt\/wp-content\/uploads\/2025\/09\/SofiaRibeiro-169x300.jpg 169w, https:\/\/interdesign.com.pt\/wp-content\/uploads\/2025\/09\/SofiaRibeiro-576x1024.jpg 576w, https:\/\/interdesign.com.pt\/wp-content\/uploads\/2025\/09\/SofiaRibeiro-7x12.jpg 7w, https:\/\/interdesign.com.pt\/wp-content\/uploads\/2025\/09\/SofiaRibeiro-600x1067.jpg 600w\" sizes=\"(max-width: 720px) 100vw, 720px\" \/>\t\t\t\t\t\t\t\t<\/a>\n\t\t\t\t\t\t\t\t\t\t\t\t\t\t\t<\/div>\n\t\t\t\t<\/div>\n\t\t<div class=\"elementor-element elementor-element-42b9408 e-con-full e-flex e-con e-child\" data-id=\"42b9408\" data-element_type=\"container\" data-e-type=\"container\">\n\t\t\t\t<div class=\"elementor-element elementor-element-e456515 elementor-widget elementor-widget-heading\" data-id=\"e456515\" data-element_type=\"widget\" data-e-type=\"widget\" data-widget_type=\"heading.default\">\n\t\t\t\t<div class=\"elementor-widget-container\">\n\t\t\t\t\t<p class=\"elementor-heading-title elementor-size-default\"><a href=\"https:\/\/interdesign.com.pt\/en\/influencers\/sofia-ribeiro\/\">Sofia Ribeiro<\/a><\/p>\t\t\t\t<\/div>\n\t\t\t\t<\/div>\n\t\t\t\t<div class=\"elementor-element elementor-element-74db709 elementor-widget-divider--view-line elementor-widget elementor-widget-divider\" data-id=\"74db709\" data-element_type=\"widget\" data-e-type=\"widget\" data-widget_type=\"divider.default\">\n\t\t\t\t<div class=\"elementor-widget-container\">\n\t\t\t\t\t\t\t<div class=\"elementor-divider\">\n\t\t\t<span class=\"elementor-divider-separator\">\n\t\t\t\t\t\t<\/span>\n\t\t<\/div>\n\t\t\t\t\t\t<\/div>\n\t\t\t\t<\/div>\n\t\t\t\t<div class=\"elementor-element elementor-element-63de7dd elementor-widget__width-initial elementor-widget elementor-widget-text-editor\" data-id=\"63de7dd\" data-element_type=\"widget\" data-e-type=\"widget\" data-widget_type=\"text-editor.default\">\n\t\t\t\t<div class=\"elementor-widget-container\">\n\t\t\t\t\t\t\t\t\tLife changed \u2014 and so did the home: with Interdesign, Sofia Ribeiro refreshed key spaces, created a dreamy kids\u2019 room, and a more comfortable, beautiful dining area, all tailored to her family.\t\t\t\t\t\t\t\t<\/div>\n\t\t\t\t<\/div>\n\t\t\t\t<div class=\"elementor-element elementor-element-9db48f3 elementor-align-left elementor-widget elementor-widget-button\" data-id=\"9db48f3\" data-element_type=\"widget\" data-e-type=\"widget\" data-widget_type=\"button.default\">\n\t\t\t\t<div class=\"elementor-widget-container\">\n\t\t\t\t\t\t\t\t\t<div class=\"elementor-button-wrapper\">\n\t\t\t\t\t<a class=\"elementor-button elementor-button-link elementor-size-sm\" href=\"https:\/\/interdesign.com.pt\/en\/influencers\/sofia-ribeiro\/\">\n\t\t\t\t\t\t<span class=\"elementor-button-content-wrapper\">\n\t\t\t\t\t\t<span class=\"elementor-button-icon\">\n\t\t\t\t<svg xmlns=\"http:\/\/www.w3.org\/2000\/svg\" width=\"29.363\" height=\"22.01\" viewbox=\"0 0 29.363 22.01\"><g id=\"arrow-top\" transform=\"translate(30.863 -5.696) rotate(90)\"><path id=\"Caminho_43\" data-name=\"Caminho 43\" d=\"M6.75,10.211,16.7,2.25l9.951,7.961M16.7,2.25V30.113\" transform=\"translate(0)\" fill=\"none\" stroke=\"#000\" stroke-linecap=\"round\" stroke-linejoin=\"round\" stroke-width=\"1.5\"><\/path><\/g><\/svg>\t\t\t<\/span>\n\t\t\t\t\t\t\t\t\t<span class=\"elementor-button-text\">See project <\/span>\n\t\t\t\t\t<\/span>\n\t\t\t\t\t<\/a>\n\t\t\t\t<\/div>\n\t\t\t\t\t\t\t\t<\/div>\n\t\t\t\t<\/div>\n\t\t\t\t<\/div>\n\t\t\t\t<\/div>\n\t\t\t\t<\/div>\n\t\t\t\t<div data-elementor-type=\"loop-item\" data-elementor-id=\"9192\" class=\"elementor elementor-9192 e-loop-item e-loop-item-9240 post-9240 influencers type-influencers status-publish has-post-thumbnail hentry category-collabs tag-influencers\" data-elementor-post-type=\"elementor_library\" data-custom-edit-handle=\"1\">\n\t\t\t<div class=\"elementor-element elementor-element-2691d1b6 e-con-full e-flex e-con e-parent\" data-id=\"2691d1b6\" data-element_type=\"container\" data-e-type=\"container\">\n\t\t\t\t<div class=\"elementor-element elementor-element-5e21260 elementor-widget elementor-widget-theme-post-featured-image elementor-widget-image\" data-id=\"5e21260\" data-element_type=\"widget\" data-e-type=\"widget\" data-widget_type=\"theme-post-featured-image.default\">\n\t\t\t\t<div class=\"elementor-widget-container\">\n\t\t\t\t\t\t\t\t\t\t\t\t\t\t\t\t<a href=\"https:\/\/interdesign.com.pt\/en\/influencers\/claudio-ramos\/\">\n\t\t\t\t\t\t\t<img loading=\"lazy\" decoding=\"async\" width=\"1080\" height=\"1080\" src=\"https:\/\/interdesign.com.pt\/wp-content\/uploads\/2025\/08\/ClaudioRamos.jpg\" class=\"attachment-full size-full wp-image-9762 wvs-archive-product-image\" alt=\"Colabora\u00e7\u00f5es | Influ\u00eanciador Claudio Ramos\" srcset=\"https:\/\/interdesign.com.pt\/wp-content\/uploads\/2025\/08\/ClaudioRamos.jpg 1080w, https:\/\/interdesign.com.pt\/wp-content\/uploads\/2025\/08\/ClaudioRamos-300x300.jpg 300w, https:\/\/interdesign.com.pt\/wp-content\/uploads\/2025\/08\/ClaudioRamos-100x100.jpg 100w, https:\/\/interdesign.com.pt\/wp-content\/uploads\/2025\/08\/ClaudioRamos-1000x1000.jpg 1000w, https:\/\/interdesign.com.pt\/wp-content\/uploads\/2025\/08\/ClaudioRamos-1024x1024.jpg 1024w, https:\/\/interdesign.com.pt\/wp-content\/uploads\/2025\/08\/ClaudioRamos-150x150.jpg 150w, https:\/\/interdesign.com.pt\/wp-content\/uploads\/2025\/08\/ClaudioRamos-768x768.jpg 768w, https:\/\/interdesign.com.pt\/wp-content\/uploads\/2025\/08\/ClaudioRamos-12x12.jpg 12w\" sizes=\"(max-width: 1080px) 100vw, 1080px\" \/>\t\t\t\t\t\t\t\t<\/a>\n\t\t\t\t\t\t\t\t\t\t\t\t\t\t\t<\/div>\n\t\t\t\t<\/div>\n\t\t<div class=\"elementor-element elementor-element-42b9408 e-con-full e-flex e-con e-child\" data-id=\"42b9408\" data-element_type=\"container\" data-e-type=\"container\">\n\t\t\t\t<div class=\"elementor-element elementor-element-e456515 elementor-widget elementor-widget-heading\" data-id=\"e456515\" data-element_type=\"widget\" data-e-type=\"widget\" data-widget_type=\"heading.default\">\n\t\t\t\t<div class=\"elementor-widget-container\">\n\t\t\t\t\t<p class=\"elementor-heading-title elementor-size-default\"><a href=\"https:\/\/interdesign.com.pt\/en\/influencers\/claudio-ramos\/\">Claudio Ramos<\/a><\/p>\t\t\t\t<\/div>\n\t\t\t\t<\/div>\n\t\t\t\t<div class=\"elementor-element elementor-element-74db709 elementor-widget-divider--view-line elementor-widget elementor-widget-divider\" data-id=\"74db709\" data-element_type=\"widget\" data-e-type=\"widget\" data-widget_type=\"divider.default\">\n\t\t\t\t<div class=\"elementor-widget-container\">\n\t\t\t\t\t\t\t<div class=\"elementor-divider\">\n\t\t\t<span class=\"elementor-divider-separator\">\n\t\t\t\t\t\t<\/span>\n\t\t<\/div>\n\t\t\t\t\t\t<\/div>\n\t\t\t\t<\/div>\n\t\t\t\t<div class=\"elementor-element elementor-element-63de7dd elementor-widget__width-initial elementor-widget elementor-widget-text-editor\" data-id=\"63de7dd\" data-element_type=\"widget\" data-e-type=\"widget\" data-widget_type=\"text-editor.default\">\n\t\t\t\t<div class=\"elementor-widget-container\">\n\t\t\t\t\t\t\t\t\tTV host Claudio Ramos chose Interdesign to bring his dream closet to life. Come and discover this project.\t\t\t\t\t\t\t\t<\/div>\n\t\t\t\t<\/div>\n\t\t\t\t<div class=\"elementor-element elementor-element-9db48f3 elementor-align-left elementor-widget elementor-widget-button\" data-id=\"9db48f3\" data-element_type=\"widget\" data-e-type=\"widget\" data-widget_type=\"button.default\">\n\t\t\t\t<div class=\"elementor-widget-container\">\n\t\t\t\t\t\t\t\t\t<div class=\"elementor-button-wrapper\">\n\t\t\t\t\t<a class=\"elementor-button elementor-button-link elementor-size-sm\" href=\"https:\/\/interdesign.com.pt\/en\/influencers\/claudio-ramos\/\">\n\t\t\t\t\t\t<span class=\"elementor-button-content-wrapper\">\n\t\t\t\t\t\t<span class=\"elementor-button-icon\">\n\t\t\t\t<svg xmlns=\"http:\/\/www.w3.org\/2000\/svg\" width=\"29.363\" height=\"22.01\" viewbox=\"0 0 29.363 22.01\"><g id=\"arrow-top\" transform=\"translate(30.863 -5.696) rotate(90)\"><path id=\"Caminho_43\" data-name=\"Caminho 43\" d=\"M6.75,10.211,16.7,2.25l9.951,7.961M16.7,2.25V30.113\" transform=\"translate(0)\" fill=\"none\" stroke=\"#000\" stroke-linecap=\"round\" stroke-linejoin=\"round\" stroke-width=\"1.5\"><\/path><\/g><\/svg>\t\t\t<\/span>\n\t\t\t\t\t\t\t\t\t<span class=\"elementor-button-text\">See project <\/span>\n\t\t\t\t\t<\/span>\n\t\t\t\t\t<\/a>\n\t\t\t\t<\/div>\n\t\t\t\t\t\t\t\t<\/div>\n\t\t\t\t<\/div>\n\t\t\t\t<\/div>\n\t\t\t\t<\/div>\n\t\t\t\t<\/div>\n\t\t\t\t<div data-elementor-type=\"loop-item\" data-elementor-id=\"9192\" class=\"elementor elementor-9192 e-loop-item e-loop-item-9238 post-9238 influencers type-influencers status-publish has-post-thumbnail hentry category-collabs tag-influencers\" data-elementor-post-type=\"elementor_library\" data-custom-edit-handle=\"1\">\n\t\t\t<div class=\"elementor-element elementor-element-2691d1b6 e-con-full e-flex e-con e-parent\" data-id=\"2691d1b6\" data-element_type=\"container\" data-e-type=\"container\">\n\t\t\t\t<div class=\"elementor-element elementor-element-5e21260 elementor-widget elementor-widget-theme-post-featured-image elementor-widget-image\" data-id=\"5e21260\" data-element_type=\"widget\" data-e-type=\"widget\" data-widget_type=\"theme-post-featured-image.default\">\n\t\t\t\t<div class=\"elementor-widget-container\">\n\t\t\t\t\t\t\t\t\t\t\t\t\t\t\t\t<a href=\"https:\/\/interdesign.com.pt\/en\/influencers\/liliana-filipa\/\">\n\t\t\t\t\t\t\t<img loading=\"lazy\" decoding=\"async\" width=\"720\" height=\"1280\" src=\"https:\/\/interdesign.com.pt\/wp-content\/uploads\/2025\/09\/liliana_filipa.jpg\" class=\"attachment-full size-full wp-image-9759 wvs-archive-product-image\" alt=\"Colabora\u00e7\u00f5es | Influenciadora Liliana Filipa\" srcset=\"https:\/\/interdesign.com.pt\/wp-content\/uploads\/2025\/09\/liliana_filipa.jpg 720w, https:\/\/interdesign.com.pt\/wp-content\/uploads\/2025\/09\/liliana_filipa-300x533.jpg 300w, https:\/\/interdesign.com.pt\/wp-content\/uploads\/2025\/09\/liliana_filipa-169x300.jpg 169w, https:\/\/interdesign.com.pt\/wp-content\/uploads\/2025\/09\/liliana_filipa-576x1024.jpg 576w, https:\/\/interdesign.com.pt\/wp-content\/uploads\/2025\/09\/liliana_filipa-7x12.jpg 7w, https:\/\/interdesign.com.pt\/wp-content\/uploads\/2025\/09\/liliana_filipa-600x1067.jpg 600w\" sizes=\"(max-width: 720px) 100vw, 720px\" \/>\t\t\t\t\t\t\t\t<\/a>\n\t\t\t\t\t\t\t\t\t\t\t\t\t\t\t<\/div>\n\t\t\t\t<\/div>\n\t\t<div class=\"elementor-element elementor-element-42b9408 e-con-full e-flex e-con e-child\" data-id=\"42b9408\" data-element_type=\"container\" data-e-type=\"container\">\n\t\t\t\t<div class=\"elementor-element elementor-element-e456515 elementor-widget elementor-widget-heading\" data-id=\"e456515\" data-element_type=\"widget\" data-e-type=\"widget\" data-widget_type=\"heading.default\">\n\t\t\t\t<div class=\"elementor-widget-container\">\n\t\t\t\t\t<p class=\"elementor-heading-title elementor-size-default\"><a href=\"https:\/\/interdesign.com.pt\/en\/influencers\/liliana-filipa\/\">Liliana Filipa<\/a><\/p>\t\t\t\t<\/div>\n\t\t\t\t<\/div>\n\t\t\t\t<div class=\"elementor-element elementor-element-74db709 elementor-widget-divider--view-line elementor-widget elementor-widget-divider\" data-id=\"74db709\" data-element_type=\"widget\" data-e-type=\"widget\" data-widget_type=\"divider.default\">\n\t\t\t\t<div class=\"elementor-widget-container\">\n\t\t\t\t\t\t\t<div class=\"elementor-divider\">\n\t\t\t<span class=\"elementor-divider-separator\">\n\t\t\t\t\t\t<\/span>\n\t\t<\/div>\n\t\t\t\t\t\t<\/div>\n\t\t\t\t<\/div>\n\t\t\t\t<div class=\"elementor-element elementor-element-63de7dd elementor-widget__width-initial elementor-widget elementor-widget-text-editor\" data-id=\"63de7dd\" data-element_type=\"widget\" data-e-type=\"widget\" data-widget_type=\"text-editor.default\">\n\t\t\t\t<div class=\"elementor-widget-container\">\n\t\t\t\t\t\t\t\t\tWe welcomed Liliana Filipa to our new Interdesign store in downtown Lisbon and she walked out eager to rethink her home.\t\t\t\t\t\t\t\t<\/div>\n\t\t\t\t<\/div>\n\t\t\t\t<div class=\"elementor-element elementor-element-9db48f3 elementor-align-left elementor-widget elementor-widget-button\" data-id=\"9db48f3\" data-element_type=\"widget\" data-e-type=\"widget\" data-widget_type=\"button.default\">\n\t\t\t\t<div class=\"elementor-widget-container\">\n\t\t\t\t\t\t\t\t\t<div class=\"elementor-button-wrapper\">\n\t\t\t\t\t<a class=\"elementor-button elementor-button-link elementor-size-sm\" href=\"https:\/\/interdesign.com.pt\/en\/influencers\/liliana-filipa\/\">\n\t\t\t\t\t\t<span class=\"elementor-button-content-wrapper\">\n\t\t\t\t\t\t<span class=\"elementor-button-icon\">\n\t\t\t\t<svg xmlns=\"http:\/\/www.w3.org\/2000\/svg\" width=\"29.363\" height=\"22.01\" viewbox=\"0 0 29.363 22.01\"><g id=\"arrow-top\" transform=\"translate(30.863 -5.696) rotate(90)\"><path id=\"Caminho_43\" data-name=\"Caminho 43\" d=\"M6.75,10.211,16.7,2.25l9.951,7.961M16.7,2.25V30.113\" transform=\"translate(0)\" fill=\"none\" stroke=\"#000\" stroke-linecap=\"round\" stroke-linejoin=\"round\" stroke-width=\"1.5\"><\/path><\/g><\/svg>\t\t\t<\/span>\n\t\t\t\t\t\t\t\t\t<span class=\"elementor-button-text\">See project <\/span>\n\t\t\t\t\t<\/span>\n\t\t\t\t\t<\/a>\n\t\t\t\t<\/div>\n\t\t\t\t\t\t\t\t<\/div>\n\t\t\t\t<\/div>\n\t\t\t\t<\/div>\n\t\t\t\t<\/div>\n\t\t\t\t<\/div>\n\t\t\t\t<div data-elementor-type=\"loop-item\" data-elementor-id=\"9192\" class=\"elementor elementor-9192 e-loop-item e-loop-item-9234 post-9234 influencers type-influencers status-publish has-post-thumbnail hentry category-collabs tag-influencers\" data-elementor-post-type=\"elementor_library\" data-custom-edit-handle=\"1\">\n\t\t\t<div class=\"elementor-element elementor-element-2691d1b6 e-con-full e-flex e-con e-parent\" data-id=\"2691d1b6\" data-element_type=\"container\" data-e-type=\"container\">\n\t\t\t\t<div class=\"elementor-element elementor-element-5e21260 elementor-widget elementor-widget-theme-post-featured-image elementor-widget-image\" data-id=\"5e21260\" data-element_type=\"widget\" data-e-type=\"widget\" data-widget_type=\"theme-post-featured-image.default\">\n\t\t\t\t<div class=\"elementor-widget-container\">\n\t\t\t\t\t\t\t\t\t\t\t\t\t\t\t\t<a href=\"https:\/\/interdesign.com.pt\/en\/influencers\/ines-mocho\/\">\n\t\t\t\t\t\t\t<img loading=\"lazy\" decoding=\"async\" width=\"986\" height=\"1747\" src=\"https:\/\/interdesign.com.pt\/wp-content\/uploads\/2025\/09\/InesMocho.jpg\" class=\"attachment-full size-full wp-image-9760 wvs-archive-product-image\" alt=\"Colabora\u00e7\u00f5es | Influ\u00eanciadora In\u00eas Mocho\" srcset=\"https:\/\/interdesign.com.pt\/wp-content\/uploads\/2025\/09\/InesMocho.jpg 986w, https:\/\/interdesign.com.pt\/wp-content\/uploads\/2025\/09\/InesMocho-300x532.jpg 300w, https:\/\/interdesign.com.pt\/wp-content\/uploads\/2025\/09\/InesMocho-169x300.jpg 169w, https:\/\/interdesign.com.pt\/wp-content\/uploads\/2025\/09\/InesMocho-578x1024.jpg 578w, https:\/\/interdesign.com.pt\/wp-content\/uploads\/2025\/09\/InesMocho-768x1361.jpg 768w, https:\/\/interdesign.com.pt\/wp-content\/uploads\/2025\/09\/InesMocho-867x1536.jpg 867w, https:\/\/interdesign.com.pt\/wp-content\/uploads\/2025\/09\/InesMocho-7x12.jpg 7w, https:\/\/interdesign.com.pt\/wp-content\/uploads\/2025\/09\/InesMocho-600x1063.jpg 600w\" sizes=\"(max-width: 986px) 100vw, 986px\" \/>\t\t\t\t\t\t\t\t<\/a>\n\t\t\t\t\t\t\t\t\t\t\t\t\t\t\t<\/div>\n\t\t\t\t<\/div>\n\t\t<div class=\"elementor-element elementor-element-42b9408 e-con-full e-flex e-con e-child\" data-id=\"42b9408\" data-element_type=\"container\" data-e-type=\"container\">\n\t\t\t\t<div class=\"elementor-element elementor-element-e456515 elementor-widget elementor-widget-heading\" data-id=\"e456515\" data-element_type=\"widget\" data-e-type=\"widget\" data-widget_type=\"heading.default\">\n\t\t\t\t<div class=\"elementor-widget-container\">\n\t\t\t\t\t<p class=\"elementor-heading-title elementor-size-default\"><a href=\"https:\/\/interdesign.com.pt\/en\/influencers\/ines-mocho\/\">In\u00eas Mocho<\/a><\/p>\t\t\t\t<\/div>\n\t\t\t\t<\/div>\n\t\t\t\t<div class=\"elementor-element elementor-element-74db709 elementor-widget-divider--view-line elementor-widget elementor-widget-divider\" data-id=\"74db709\" data-element_type=\"widget\" data-e-type=\"widget\" data-widget_type=\"divider.default\">\n\t\t\t\t<div class=\"elementor-widget-container\">\n\t\t\t\t\t\t\t<div class=\"elementor-divider\">\n\t\t\t<span class=\"elementor-divider-separator\">\n\t\t\t\t\t\t<\/span>\n\t\t<\/div>\n\t\t\t\t\t\t<\/div>\n\t\t\t\t<\/div>\n\t\t\t\t<div class=\"elementor-element elementor-element-63de7dd elementor-widget__width-initial elementor-widget elementor-widget-text-editor\" data-id=\"63de7dd\" data-element_type=\"widget\" data-e-type=\"widget\" data-widget_type=\"text-editor.default\">\n\t\t\t\t<div class=\"elementor-widget-container\">\n\t\t\t\t\t\t\t\t\t\u201cI wanted a living room with personality and elegance.\u201d Interdesign made In\u00eas Mocho\u2019s vision a reality, with quality materials and made-to-measure craftsmanship.\t\t\t\t\t\t\t\t<\/div>\n\t\t\t\t<\/div>\n\t\t\t\t<div class=\"elementor-element elementor-element-9db48f3 elementor-align-left elementor-widget elementor-widget-button\" data-id=\"9db48f3\" data-element_type=\"widget\" data-e-type=\"widget\" data-widget_type=\"button.default\">\n\t\t\t\t<div class=\"elementor-widget-container\">\n\t\t\t\t\t\t\t\t\t<div class=\"elementor-button-wrapper\">\n\t\t\t\t\t<a class=\"elementor-button elementor-button-link elementor-size-sm\" href=\"https:\/\/interdesign.com.pt\/en\/influencers\/ines-mocho\/\">\n\t\t\t\t\t\t<span class=\"elementor-button-content-wrapper\">\n\t\t\t\t\t\t<span class=\"elementor-button-icon\">\n\t\t\t\t<svg xmlns=\"http:\/\/www.w3.org\/2000\/svg\" width=\"29.363\" height=\"22.01\" viewbox=\"0 0 29.363 22.01\"><g id=\"arrow-top\" transform=\"translate(30.863 -5.696) rotate(90)\"><path id=\"Caminho_43\" data-name=\"Caminho 43\" d=\"M6.75,10.211,16.7,2.25l9.951,7.961M16.7,2.25V30.113\" transform=\"translate(0)\" fill=\"none\" stroke=\"#000\" stroke-linecap=\"round\" stroke-linejoin=\"round\" stroke-width=\"1.5\"><\/path><\/g><\/svg>\t\t\t<\/span>\n\t\t\t\t\t\t\t\t\t<span class=\"elementor-button-text\">See project <\/span>\n\t\t\t\t\t<\/span>\n\t\t\t\t\t<\/a>\n\t\t\t\t<\/div>\n\t\t\t\t\t\t\t\t<\/div>\n\t\t\t\t<\/div>\n\t\t\t\t<\/div>\n\t\t\t\t<\/div>\n\t\t\t\t<\/div>\n\t\t\t\t<div data-elementor-type=\"loop-item\" data-elementor-id=\"9192\" class=\"elementor elementor-9192 e-loop-item e-loop-item-9226 post-9226 influencers type-influencers status-publish has-post-thumbnail hentry category-collabs tag-influencers\" data-elementor-post-type=\"elementor_library\" data-custom-edit-handle=\"1\">\n\t\t\t<div class=\"elementor-element elementor-element-2691d1b6 e-con-full e-flex e-con e-parent\" data-id=\"2691d1b6\" data-element_type=\"container\" data-e-type=\"container\">\n\t\t\t\t<div class=\"elementor-element elementor-element-5e21260 elementor-widget elementor-widget-theme-post-featured-image elementor-widget-image\" data-id=\"5e21260\" data-element_type=\"widget\" data-e-type=\"widget\" data-widget_type=\"theme-post-featured-image.default\">\n\t\t\t\t<div class=\"elementor-widget-container\">\n\t\t\t\t\t\t\t\t\t\t\t\t\t\t\t\t<a href=\"https:\/\/interdesign.com.pt\/en\/influencers\/andreia-paes-de-vasconcellos\/\">\n\t\t\t\t\t\t\t<img loading=\"lazy\" decoding=\"async\" width=\"480\" height=\"600\" src=\"https:\/\/interdesign.com.pt\/wp-content\/uploads\/2025\/09\/tomas_my_special_baby.jpg\" class=\"attachment-full size-full wp-image-9323 wvs-archive-product-image\" alt=\"Colabora\u00e7\u00f5es | Influenciadora Andreia Paes De Vasconcellos\" srcset=\"https:\/\/interdesign.com.pt\/wp-content\/uploads\/2025\/09\/tomas_my_special_baby.jpg 480w, https:\/\/interdesign.com.pt\/wp-content\/uploads\/2025\/09\/tomas_my_special_baby-300x375.jpg 300w, https:\/\/interdesign.com.pt\/wp-content\/uploads\/2025\/09\/tomas_my_special_baby-240x300.jpg 240w, https:\/\/interdesign.com.pt\/wp-content\/uploads\/2025\/09\/tomas_my_special_baby-10x12.jpg 10w\" sizes=\"(max-width: 480px) 100vw, 480px\" \/>\t\t\t\t\t\t\t\t<\/a>\n\t\t\t\t\t\t\t\t\t\t\t\t\t\t\t<\/div>\n\t\t\t\t<\/div>\n\t\t<div class=\"elementor-element elementor-element-42b9408 e-con-full e-flex e-con e-child\" data-id=\"42b9408\" data-element_type=\"container\" data-e-type=\"container\">\n\t\t\t\t<div class=\"elementor-element elementor-element-e456515 elementor-widget elementor-widget-heading\" data-id=\"e456515\" data-element_type=\"widget\" data-e-type=\"widget\" data-widget_type=\"heading.default\">\n\t\t\t\t<div class=\"elementor-widget-container\">\n\t\t\t\t\t<p class=\"elementor-heading-title elementor-size-default\"><a href=\"https:\/\/interdesign.com.pt\/en\/influencers\/andreia-paes-de-vasconcellos\/\">Andreia Paes De Vasconcellos<\/a><\/p>\t\t\t\t<\/div>\n\t\t\t\t<\/div>\n\t\t\t\t<div class=\"elementor-element elementor-element-74db709 elementor-widget-divider--view-line elementor-widget elementor-widget-divider\" data-id=\"74db709\" data-element_type=\"widget\" data-e-type=\"widget\" data-widget_type=\"divider.default\">\n\t\t\t\t<div class=\"elementor-widget-container\">\n\t\t\t\t\t\t\t<div class=\"elementor-divider\">\n\t\t\t<span class=\"elementor-divider-separator\">\n\t\t\t\t\t\t<\/span>\n\t\t<\/div>\n\t\t\t\t\t\t<\/div>\n\t\t\t\t<\/div>\n\t\t\t\t<div class=\"elementor-element elementor-element-63de7dd elementor-widget__width-initial elementor-widget elementor-widget-text-editor\" data-id=\"63de7dd\" data-element_type=\"widget\" data-e-type=\"widget\" data-widget_type=\"text-editor.default\">\n\t\t\t\t<div class=\"elementor-widget-container\">\n\t\t\t\t\t\t\t\t\tDifferent yet true to what matters. Interdesign crafted a bedroom for Andreia Paes de Vasconcellos built on comfort, elegance, and a touch of romance.\t\t\t\t\t\t\t\t<\/div>\n\t\t\t\t<\/div>\n\t\t\t\t<div class=\"elementor-element elementor-element-9db48f3 elementor-align-left elementor-widget elementor-widget-button\" data-id=\"9db48f3\" data-element_type=\"widget\" data-e-type=\"widget\" data-widget_type=\"button.default\">\n\t\t\t\t<div class=\"elementor-widget-container\">\n\t\t\t\t\t\t\t\t\t<div class=\"elementor-button-wrapper\">\n\t\t\t\t\t<a class=\"elementor-button elementor-button-link elementor-size-sm\" href=\"https:\/\/interdesign.com.pt\/en\/influencers\/andreia-paes-de-vasconcellos\/\">\n\t\t\t\t\t\t<span class=\"elementor-button-content-wrapper\">\n\t\t\t\t\t\t<span class=\"elementor-button-icon\">\n\t\t\t\t<svg xmlns=\"http:\/\/www.w3.org\/2000\/svg\" width=\"29.363\" height=\"22.01\" viewbox=\"0 0 29.363 22.01\"><g id=\"arrow-top\" transform=\"translate(30.863 -5.696) rotate(90)\"><path id=\"Caminho_43\" data-name=\"Caminho 43\" d=\"M6.75,10.211,16.7,2.25l9.951,7.961M16.7,2.25V30.113\" transform=\"translate(0)\" fill=\"none\" stroke=\"#000\" stroke-linecap=\"round\" stroke-linejoin=\"round\" stroke-width=\"1.5\"><\/path><\/g><\/svg>\t\t\t<\/span>\n\t\t\t\t\t\t\t\t\t<span class=\"elementor-button-text\">See project <\/span>\n\t\t\t\t\t<\/span>\n\t\t\t\t\t<\/a>\n\t\t\t\t<\/div>\n\t\t\t\t\t\t\t\t<\/div>\n\t\t\t\t<\/div>\n\t\t\t\t<\/div>\n\t\t\t\t<\/div>\n\t\t\t\t<\/div>\n\t\t\t\t<\/div>\n\t\t\n\t\t\t\t\t\t<\/div>\n\t\t\t\t<\/div>\n\t\t\t\t\t<\/div>\n\t\t\t\t<\/div>\n\t\t\t\t<\/div>",
        "protected": false
    },
    "excerpt": {
        "rendered": "<p>Influencers Celebrating creativity and collaboration Discover the inspiring projects we\u2019ve developed together with the voices that shape trends and bring our vision to life.<\/p>",
        "protected": false
    },
    "author": 1,
    "featured_media": 9322,
    "parent": 0,
    "menu_order": 0,
    "comment_status": "closed",
    "ping_status": "closed",
    "template": "",
    "meta": {
        "_acf_changed": false,
        "footnotes": ""
    },
    "class_list": [
        "post-9124",
        "page",
        "type-page",
        "status-publish",
        "has-post-thumbnail",
        "hentry"
    ],
    "acf": [],
    "yoast_head": "<!-- This site is optimized with the Yoast SEO plugin v27.3 - https:\/\/yoast.com\/product\/yoast-seo-wordpress\/ -->\n<title>Influencers - Interdesign<\/title>\n<meta name=\"description\" content=\"Discover the inspiring projects we\u2019ve developed together with the voices that shape trends and bring our vision to life.\" \/>\n<meta name=\"robots\" content=\"index, follow, max-snippet:-1, max-image-preview:large, max-video-preview:-1\" \/>\n<link rel=\"canonical\" href=\"https:\/\/interdesign.com.pt\/en\/influencers\/\" \/>\n<meta property=\"og:locale\" content=\"en_US\" \/>\n<meta property=\"og:type\" content=\"article\" \/>\n<meta property=\"og:title\" content=\"Influencers - Interdesign\" \/>\n<meta property=\"og:description\" content=\"Discover the inspiring projects we\u2019ve developed together with the voices that shape trends and bring our vision to life.\" \/>\n<meta property=\"og:url\" content=\"https:\/\/interdesign.com.pt\/en\/influencers\/\" \/>\n<meta property=\"og:site_name\" content=\"Interdesign\" \/>\n<meta property=\"article:modified_time\" content=\"2026-03-18T17:33:26+00:00\" \/>\n<meta property=\"og:image\" content=\"https:\/\/interdesign.com.pt\/wp-content\/uploads\/2025\/09\/vanessa_martins.jpg\" \/>\n\t<meta property=\"og:image:width\" content=\"720\" \/>\n\t<meta property=\"og:image:height\" content=\"1280\" \/>\n\t<meta property=\"og:image:type\" content=\"image\/jpeg\" \/>\n<meta name=\"twitter:card\" content=\"summary_large_image\" \/>\n<meta name=\"twitter:title\" content=\"Influencers - Interdesign\" \/>\n<meta name=\"twitter:description\" content=\"Discover the inspiring projects we\u2019ve developed together with the voices that shape trends and bring our vision to life.\" \/>\n<meta name=\"twitter:image\" content=\"https:\/\/interdesign.com.pt\/wp-content\/uploads\/2025\/09\/vanessa_martins.jpg\" \/>\n<meta name=\"twitter:label1\" content=\"Est. reading time\" \/>\n\t<meta name=\"twitter:data1\" content=\"8 minutes\" \/>\n<script type=\"application\/ld+json\" class=\"yoast-schema-graph\">{\"@context\":\"https:\\\/\\\/schema.org\",\"@graph\":[{\"@type\":\"WebPage\",\"@id\":\"https:\\\/\\\/interdesign.com.pt\\\/en\\\/influencers\\\/\",\"url\":\"https:\\\/\\\/interdesign.com.pt\\\/en\\\/influencers\\\/\",\"name\":\"Influencers - Interdesign\",\"isPartOf\":{\"@id\":\"https:\\\/\\\/interdesign.com.pt\\\/pt\\\/#website\"},\"primaryImageOfPage\":{\"@id\":\"https:\\\/\\\/interdesign.com.pt\\\/en\\\/influencers\\\/#primaryimage\"},\"image\":{\"@id\":\"https:\\\/\\\/interdesign.com.pt\\\/en\\\/influencers\\\/#primaryimage\"},\"thumbnailUrl\":\"https:\\\/\\\/interdesign.com.pt\\\/wp-content\\\/uploads\\\/2025\\\/09\\\/vanessa_martins.jpg\",\"datePublished\":\"2025-09-15T17:10:15+00:00\",\"dateModified\":\"2026-03-18T17:33:26+00:00\",\"description\":\"Discover the inspiring projects we\u2019ve developed together with the voices that shape trends and bring our vision to life.\",\"breadcrumb\":{\"@id\":\"https:\\\/\\\/interdesign.com.pt\\\/en\\\/influencers\\\/#breadcrumb\"},\"inLanguage\":\"en-US\",\"potentialAction\":[{\"@type\":\"ReadAction\",\"target\":[\"https:\\\/\\\/interdesign.com.pt\\\/en\\\/influencers\\\/\"]}]},{\"@type\":\"ImageObject\",\"inLanguage\":\"en-US\",\"@id\":\"https:\\\/\\\/interdesign.com.pt\\\/en\\\/influencers\\\/#primaryimage\",\"url\":\"https:\\\/\\\/interdesign.com.pt\\\/wp-content\\\/uploads\\\/2025\\\/09\\\/vanessa_martins.jpg\",\"contentUrl\":\"https:\\\/\\\/interdesign.com.pt\\\/wp-content\\\/uploads\\\/2025\\\/09\\\/vanessa_martins.jpg\",\"width\":720,\"height\":1280,\"caption\":\"Colabora\u00e7\u00f5es | Influenciadora Vanessa Martins\"},{\"@type\":\"BreadcrumbList\",\"@id\":\"https:\\\/\\\/interdesign.com.pt\\\/en\\\/influencers\\\/#breadcrumb\",\"itemListElement\":[{\"@type\":\"ListItem\",\"position\":1,\"name\":\"Home\",\"item\":\"https:\\\/\\\/interdesign.com.pt\\\/\"},{\"@type\":\"ListItem\",\"position\":2,\"name\":\"Influencers\"}]},{\"@type\":\"WebSite\",\"@id\":\"https:\\\/\\\/interdesign.com.pt\\\/pt\\\/#website\",\"url\":\"https:\\\/\\\/interdesign.com.pt\\\/pt\\\/\",\"name\":\"Interdesign\",\"description\":\"Mobili\u00e1rio, Interiores &amp; Decora\u00e7\u00e3o\",\"publisher\":{\"@id\":\"https:\\\/\\\/interdesign.com.pt\\\/pt\\\/#organization\"},\"potentialAction\":[{\"@type\":\"SearchAction\",\"target\":{\"@type\":\"EntryPoint\",\"urlTemplate\":\"https:\\\/\\\/interdesign.com.pt\\\/pt\\\/?s={search_term_string}\"},\"query-input\":{\"@type\":\"PropertyValueSpecification\",\"valueRequired\":true,\"valueName\":\"search_term_string\"}}],\"inLanguage\":\"en-US\"},{\"@type\":\"Organization\",\"@id\":\"https:\\\/\\\/interdesign.com.pt\\\/pt\\\/#organization\",\"name\":\"Interdesign\",\"url\":\"https:\\\/\\\/interdesign.com.pt\\\/pt\\\/\",\"logo\":{\"@type\":\"ImageObject\",\"inLanguage\":\"en-US\",\"@id\":\"https:\\\/\\\/interdesign.com.pt\\\/pt\\\/#\\\/schema\\\/logo\\\/image\\\/\",\"url\":\"https:\\\/\\\/interdesign.com.pt\\\/wp-content\\\/uploads\\\/2025\\\/03\\\/interdesign-logo.svg\",\"contentUrl\":\"https:\\\/\\\/interdesign.com.pt\\\/wp-content\\\/uploads\\\/2025\\\/03\\\/interdesign-logo.svg\",\"caption\":\"Interdesign\"},\"image\":{\"@id\":\"https:\\\/\\\/interdesign.com.pt\\\/pt\\\/#\\\/schema\\\/logo\\\/image\\\/\"}}]}<\/script>\n<!-- \/ Yoast SEO plugin. -->",
    "yoast_head_json": {
        "title": "Influencers - Interdesign",
        "description": "Discover the inspiring projects we\u2019ve developed together with the voices that shape trends and bring our vision to life.",
        "robots": {
            "index": "index",
            "follow": "follow",
            "max-snippet": "max-snippet:-1",
            "max-image-preview": "max-image-preview:large",
            "max-video-preview": "max-video-preview:-1"
        },
        "canonical": "https:\/\/interdesign.com.pt\/en\/influencers\/",
        "og_locale": "en_US",
        "og_type": "article",
        "og_title": "Influencers - Interdesign",
        "og_description": "Discover the inspiring projects we\u2019ve developed together with the voices that shape trends and bring our vision to life.",
        "og_url": "https:\/\/interdesign.com.pt\/en\/influencers\/",
        "og_site_name": "Interdesign",
        "article_modified_time": "2026-03-18T17:33:26+00:00",
        "og_image": [
            {
                "width": 720,
                "height": 1280,
                "url": "https:\/\/interdesign.com.pt\/wp-content\/uploads\/2025\/09\/vanessa_martins.jpg",
                "type": "image\/jpeg"
            }
        ],
        "twitter_card": "summary_large_image",
        "twitter_title": "Influencers - Interdesign",
        "twitter_description": "Discover the inspiring projects we\u2019ve developed together with the voices that shape trends and bring our vision to life.",
        "twitter_image": "https:\/\/interdesign.com.pt\/wp-content\/uploads\/2025\/09\/vanessa_martins.jpg",
        "twitter_misc": {
            "Est. reading time": "8 minutes"
        },
        "schema": {
            "@context": "https:\/\/schema.org",
            "@graph": [
                {
                    "@type": "WebPage",
                    "@id": "https:\/\/interdesign.com.pt\/en\/influencers\/",
                    "url": "https:\/\/interdesign.com.pt\/en\/influencers\/",
                    "name": "Influencers - Interdesign",
                    "isPartOf": {
                        "@id": "https:\/\/interdesign.com.pt\/pt\/#website"
                    },
                    "primaryImageOfPage": {
                        "@id": "https:\/\/interdesign.com.pt\/en\/influencers\/#primaryimage"
                    },
                    "image": {
                        "@id": "https:\/\/interdesign.com.pt\/en\/influencers\/#primaryimage"
                    },
                    "thumbnailUrl": "https:\/\/interdesign.com.pt\/wp-content\/uploads\/2025\/09\/vanessa_martins.jpg",
                    "datePublished": "2025-09-15T17:10:15+00:00",
                    "dateModified": "2026-03-18T17:33:26+00:00",
                    "description": "Discover the inspiring projects we\u2019ve developed together with the voices that shape trends and bring our vision to life.",
                    "breadcrumb": {
                        "@id": "https:\/\/interdesign.com.pt\/en\/influencers\/#breadcrumb"
                    },
                    "inLanguage": "en-US",
                    "potentialAction": [
                        {
                            "@type": "ReadAction",
                            "target": [
                                "https:\/\/interdesign.com.pt\/en\/influencers\/"
                            ]
                        }
                    ]
                },
                {
                    "@type": "ImageObject",
                    "inLanguage": "en-US",
                    "@id": "https:\/\/interdesign.com.pt\/en\/influencers\/#primaryimage",
                    "url": "https:\/\/interdesign.com.pt\/wp-content\/uploads\/2025\/09\/vanessa_martins.jpg",
                    "contentUrl": "https:\/\/interdesign.com.pt\/wp-content\/uploads\/2025\/09\/vanessa_martins.jpg",
                    "width": 720,
                    "height": 1280,
                    "caption": "Colabora\u00e7\u00f5es | Influenciadora Vanessa Martins"
                },
                {
                    "@type": "BreadcrumbList",
                    "@id": "https:\/\/interdesign.com.pt\/en\/influencers\/#breadcrumb",
                    "itemListElement": [
                        {
                            "@type": "ListItem",
                            "position": 1,
                            "name": "Home",
                            "item": "https:\/\/interdesign.com.pt\/"
                        },
                        {
                            "@type": "ListItem",
                            "position": 2,
                            "name": "Influencers"
                        }
                    ]
                },
                {
                    "@type": "WebSite",
                    "@id": "https:\/\/interdesign.com.pt\/pt\/#website",
                    "url": "https:\/\/interdesign.com.pt\/pt\/",
                    "name": "Interdesign",
                    "description": "Mobili\u00e1rio, Interiores &amp; Decora\u00e7\u00e3o",
                    "publisher": {
                        "@id": "https:\/\/interdesign.com.pt\/pt\/#organization"
                    },
                    "potentialAction": [
                        {
                            "@type": "SearchAction",
                            "target": {
                                "@type": "EntryPoint",
                                "urlTemplate": "https:\/\/interdesign.com.pt\/pt\/?s={search_term_string}"
                            },
                            "query-input": {
                                "@type": "PropertyValueSpecification",
                                "valueRequired": true,
                                "valueName": "search_term_string"
                            }
                        }
                    ],
                    "inLanguage": "en-US"
                },
                {
                    "@type": "Organization",
                    "@id": "https:\/\/interdesign.com.pt\/pt\/#organization",
                    "name": "Interdesign",
                    "url": "https:\/\/interdesign.com.pt\/pt\/",
                    "logo": {
                        "@type": "ImageObject",
                        "inLanguage": "en-US",
                        "@id": "https:\/\/interdesign.com.pt\/pt\/#\/schema\/logo\/image\/",
                        "url": "https:\/\/interdesign.com.pt\/wp-content\/uploads\/2025\/03\/interdesign-logo.svg",
                        "contentUrl": "https:\/\/interdesign.com.pt\/wp-content\/uploads\/2025\/03\/interdesign-logo.svg",
                        "caption": "Interdesign"
                    },
                    "image": {
                        "@id": "https:\/\/interdesign.com.pt\/pt\/#\/schema\/logo\/image\/"
                    }
                }
            ]
        }
    },
    "_links": {
        "self": [
            {
                "href": "https:\/\/interdesign.com.pt\/en\/wp-json\/wp\/v2\/pages\/9124",
                "targetHints": {
                    "allow": [
                        "GET"
                    ]
                }
            }
        ],
        "collection": [
            {
                "href": "https:\/\/interdesign.com.pt\/en\/wp-json\/wp\/v2\/pages"
            }
        ],
        "about": [
            {
                "href": "https:\/\/interdesign.com.pt\/en\/wp-json\/wp\/v2\/types\/page"
            }
        ],
        "author": [
            {
                "embeddable": true,
                "href": "https:\/\/interdesign.com.pt\/en\/wp-json\/wp\/v2\/users\/1"
            }
        ],
        "replies": [
            {
                "embeddable": true,
                "href": "https:\/\/interdesign.com.pt\/en\/wp-json\/wp\/v2\/comments?post=9124"
            }
        ],
        "version-history": [
            {
                "count": 61,
                "href": "https:\/\/interdesign.com.pt\/en\/wp-json\/wp\/v2\/pages\/9124\/revisions"
            }
        ],
        "predecessor-version": [
            {
                "id": 75928,
                "href": "https:\/\/interdesign.com.pt\/en\/wp-json\/wp\/v2\/pages\/9124\/revisions\/75928"
            }
        ],
        "wp:featuredmedia": [
            {
                "embeddable": true,
                "href": "https:\/\/interdesign.com.pt\/en\/wp-json\/wp\/v2\/media\/9322"
            }
        ],
        "wp:attachment": [
            {
                "href": "https:\/\/interdesign.com.pt\/en\/wp-json\/wp\/v2\/media?parent=9124"
            }
        ],
        "curies": [
            {
                "name": "wp",
                "href": "https:\/\/api.w.org\/{rel}",
                "templated": true
            }
        ]
    }
}