{
    "id": 5900,
    "date": "2018-05-10T16:46:34",
    "date_gmt": "2018-05-10T16:46:34",
    "guid": {
        "rendered": "https:\/\/interdesign.ad-pulse.com\/?post_type=contract&#038;p=5900"
    },
    "modified": "2026-04-13T11:40:04",
    "modified_gmt": "2026-04-13T11:40:04",
    "slug": "greece-hotel",
    "status": "publish",
    "type": "portfolio",
    "link": "https:\/\/interdesign.com.pt\/en\/portfolio\/greece-hotel\/",
    "title": {
        "rendered": "Greece Hotel"
    },
    "content": {
        "rendered": "<div data-elementor-type=\"wp-post\" data-elementor-id=\"5900\" class=\"elementor elementor-5900\" data-elementor-post-type=\"portfolio\">\n\t\t\t\t<div class=\"elementor-element elementor-element-af9f122 e-con-full e-flex e-con e-parent\" data-id=\"af9f122\" data-element_type=\"container\" data-e-type=\"container\">\n\t\t\t\t<div class=\"elementor-element elementor-element-035db2e elementor-widget elementor-widget-gallery\" data-id=\"035db2e\" data-element_type=\"widget\" data-e-type=\"widget\" data-settings=\"{&quot;gallery_layout&quot;:&quot;masonry&quot;,&quot;columns&quot;:3,&quot;gap&quot;:{&quot;unit&quot;:&quot;px&quot;,&quot;size&quot;:15,&quot;sizes&quot;:[]},&quot;columns_mobile&quot;:2,&quot;lazyload&quot;:&quot;yes&quot;,&quot;columns_tablet&quot;:2,&quot;gap_laptop&quot;:{&quot;unit&quot;:&quot;px&quot;,&quot;size&quot;:10,&quot;sizes&quot;:[]},&quot;gap_tablet&quot;:{&quot;unit&quot;:&quot;px&quot;,&quot;size&quot;:10,&quot;sizes&quot;:[]},&quot;gap_mobile&quot;:{&quot;unit&quot;:&quot;px&quot;,&quot;size&quot;:10,&quot;sizes&quot;:[]},&quot;link_to&quot;:&quot;file&quot;,&quot;content_hover_animation&quot;:&quot;fade-in&quot;}\" data-widget_type=\"gallery.default\">\n\t\t\t\t<div class=\"elementor-widget-container\">\n\t\t\t\t\t\t\t<div class=\"elementor-gallery__container\">\n\t\t\t\t\t\t\t<a class=\"e-gallery-item elementor-gallery-item elementor-animated-content\" href=\"https:\/\/interdesign.com.pt\/wp-content\/uploads\/2025\/11\/1-1024x768.jpg.jpeg\" data-elementor-open-lightbox=\"yes\" data-elementor-lightbox-slideshow=\"035db2e\" data-e-action-hash=\"#elementor-action%3Aaction%3Dlightbox%26settings%3DeyJpZCI6NjgwNzEsInVybCI6Imh0dHBzOlwvXC9pbnRlcmRlc2lnbi5jb20ucHRcL3dwLWNvbnRlbnRcL3VwbG9hZHNcLzIwMjVcLzExXC8xLTEwMjR4NzY4LmpwZy5qcGVnIiwic2xpZGVzaG93IjoiMDM1ZGIyZSJ9\">\n\t\t\t\t\t<div class=\"e-gallery-image elementor-gallery-item__image\" data-thumbnail=\"https:\/\/interdesign.com.pt\/wp-content\/uploads\/2025\/11\/1-1024x768.jpg.jpeg\" data-width=\"1024\" data-height=\"768\" aria-label=\"\" role=\"img\" ><\/div>\n\t\t\t\t\t\t\t\t\t\t\t\t\t\t<\/a>\n\t\t\t\t\t\t\t<a class=\"e-gallery-item elementor-gallery-item elementor-animated-content\" href=\"https:\/\/interdesign.com.pt\/wp-content\/uploads\/2025\/11\/2-1024x768.jpg.jpeg\" data-elementor-open-lightbox=\"yes\" data-elementor-lightbox-slideshow=\"035db2e\" data-e-action-hash=\"#elementor-action%3Aaction%3Dlightbox%26settings%3DeyJpZCI6NjgwNzIsInVybCI6Imh0dHBzOlwvXC9pbnRlcmRlc2lnbi5jb20ucHRcL3dwLWNvbnRlbnRcL3VwbG9hZHNcLzIwMjVcLzExXC8yLTEwMjR4NzY4LmpwZy5qcGVnIiwic2xpZGVzaG93IjoiMDM1ZGIyZSJ9\">\n\t\t\t\t\t<div class=\"e-gallery-image elementor-gallery-item__image\" data-thumbnail=\"https:\/\/interdesign.com.pt\/wp-content\/uploads\/2025\/11\/2-1024x768.jpg.jpeg\" data-width=\"1024\" data-height=\"768\" aria-label=\"\" role=\"img\" ><\/div>\n\t\t\t\t\t\t\t\t\t\t\t\t\t\t<\/a>\n\t\t\t\t\t\t\t<a class=\"e-gallery-item elementor-gallery-item elementor-animated-content\" href=\"https:\/\/interdesign.com.pt\/wp-content\/uploads\/2025\/11\/3-1024x768.jpg.jpeg\" data-elementor-open-lightbox=\"yes\" data-elementor-lightbox-slideshow=\"035db2e\" data-e-action-hash=\"#elementor-action%3Aaction%3Dlightbox%26settings%3DeyJpZCI6NjgwNzMsInVybCI6Imh0dHBzOlwvXC9pbnRlcmRlc2lnbi5jb20ucHRcL3dwLWNvbnRlbnRcL3VwbG9hZHNcLzIwMjVcLzExXC8zLTEwMjR4NzY4LmpwZy5qcGVnIiwic2xpZGVzaG93IjoiMDM1ZGIyZSJ9\">\n\t\t\t\t\t<div class=\"e-gallery-image elementor-gallery-item__image\" data-thumbnail=\"https:\/\/interdesign.com.pt\/wp-content\/uploads\/2025\/11\/3-1024x768.jpg.jpeg\" data-width=\"1024\" data-height=\"768\" aria-label=\"\" role=\"img\" ><\/div>\n\t\t\t\t\t\t\t\t\t\t\t\t\t\t<\/a>\n\t\t\t\t\t\t\t<a class=\"e-gallery-item elementor-gallery-item elementor-animated-content\" href=\"https:\/\/interdesign.com.pt\/wp-content\/uploads\/2025\/11\/4-1024x768.jpg.jpeg\" data-elementor-open-lightbox=\"yes\" data-elementor-lightbox-slideshow=\"035db2e\" data-e-action-hash=\"#elementor-action%3Aaction%3Dlightbox%26settings%3DeyJpZCI6NjgwNzQsInVybCI6Imh0dHBzOlwvXC9pbnRlcmRlc2lnbi5jb20ucHRcL3dwLWNvbnRlbnRcL3VwbG9hZHNcLzIwMjVcLzExXC80LTEwMjR4NzY4LmpwZy5qcGVnIiwic2xpZGVzaG93IjoiMDM1ZGIyZSJ9\">\n\t\t\t\t\t<div class=\"e-gallery-image elementor-gallery-item__image\" data-thumbnail=\"https:\/\/interdesign.com.pt\/wp-content\/uploads\/2025\/11\/4-1024x768.jpg.jpeg\" data-width=\"1024\" data-height=\"768\" aria-label=\"\" role=\"img\" ><\/div>\n\t\t\t\t\t\t\t\t\t\t\t\t\t\t<\/a>\n\t\t\t\t\t\t\t<a class=\"e-gallery-item elementor-gallery-item elementor-animated-content\" href=\"https:\/\/interdesign.com.pt\/wp-content\/uploads\/2025\/11\/5-1.jpg.jpeg\" data-elementor-open-lightbox=\"yes\" data-elementor-lightbox-slideshow=\"035db2e\" data-e-action-hash=\"#elementor-action%3Aaction%3Dlightbox%26settings%3DeyJpZCI6NjgwNzUsInVybCI6Imh0dHBzOlwvXC9pbnRlcmRlc2lnbi5jb20ucHRcL3dwLWNvbnRlbnRcL3VwbG9hZHNcLzIwMjVcLzExXC81LTEuanBnLmpwZWciLCJzbGlkZXNob3ciOiIwMzVkYjJlIn0%3D\">\n\t\t\t\t\t<div class=\"e-gallery-image elementor-gallery-item__image\" data-thumbnail=\"https:\/\/interdesign.com.pt\/wp-content\/uploads\/2025\/11\/5-1.jpg.jpeg\" data-width=\"1920\" data-height=\"1440\" aria-label=\"\" role=\"img\" ><\/div>\n\t\t\t\t\t\t\t\t\t\t\t\t\t\t<\/a>\n\t\t\t\t\t\t\t<a class=\"e-gallery-item elementor-gallery-item elementor-animated-content\" href=\"https:\/\/interdesign.com.pt\/wp-content\/uploads\/2025\/11\/6-2-1024x768.jpg.jpeg\" data-elementor-open-lightbox=\"yes\" data-elementor-lightbox-slideshow=\"035db2e\" data-e-action-hash=\"#elementor-action%3Aaction%3Dlightbox%26settings%3DeyJpZCI6NjgwNzYsInVybCI6Imh0dHBzOlwvXC9pbnRlcmRlc2lnbi5jb20ucHRcL3dwLWNvbnRlbnRcL3VwbG9hZHNcLzIwMjVcLzExXC82LTItMTAyNHg3NjguanBnLmpwZWciLCJzbGlkZXNob3ciOiIwMzVkYjJlIn0%3D\">\n\t\t\t\t\t<div class=\"e-gallery-image elementor-gallery-item__image\" data-thumbnail=\"https:\/\/interdesign.com.pt\/wp-content\/uploads\/2025\/11\/6-2-1024x768.jpg.jpeg\" data-width=\"1024\" data-height=\"768\" aria-label=\"\" role=\"img\" ><\/div>\n\t\t\t\t\t\t\t\t\t\t\t\t\t\t<\/a>\n\t\t\t\t\t\t\t<a class=\"e-gallery-item elementor-gallery-item elementor-animated-content\" href=\"https:\/\/interdesign.com.pt\/wp-content\/uploads\/2025\/11\/7-1024x768.jpg.jpeg\" data-elementor-open-lightbox=\"yes\" data-elementor-lightbox-slideshow=\"035db2e\" data-e-action-hash=\"#elementor-action%3Aaction%3Dlightbox%26settings%3DeyJpZCI6NjgwNzcsInVybCI6Imh0dHBzOlwvXC9pbnRlcmRlc2lnbi5jb20ucHRcL3dwLWNvbnRlbnRcL3VwbG9hZHNcLzIwMjVcLzExXC83LTEwMjR4NzY4LmpwZy5qcGVnIiwic2xpZGVzaG93IjoiMDM1ZGIyZSJ9\">\n\t\t\t\t\t<div class=\"e-gallery-image elementor-gallery-item__image\" data-thumbnail=\"https:\/\/interdesign.com.pt\/wp-content\/uploads\/2025\/11\/7-1024x768.jpg.jpeg\" data-width=\"1024\" data-height=\"768\" aria-label=\"\" role=\"img\" ><\/div>\n\t\t\t\t\t\t\t\t\t\t\t\t\t\t<\/a>\n\t\t\t\t\t\t\t<a class=\"e-gallery-item elementor-gallery-item elementor-animated-content\" href=\"https:\/\/interdesign.com.pt\/wp-content\/uploads\/2025\/11\/8-1-1024x768.jpg.jpeg\" data-elementor-open-lightbox=\"yes\" data-elementor-lightbox-slideshow=\"035db2e\" data-e-action-hash=\"#elementor-action%3Aaction%3Dlightbox%26settings%3DeyJpZCI6NjgwNzgsInVybCI6Imh0dHBzOlwvXC9pbnRlcmRlc2lnbi5jb20ucHRcL3dwLWNvbnRlbnRcL3VwbG9hZHNcLzIwMjVcLzExXC84LTEtMTAyNHg3NjguanBnLmpwZWciLCJzbGlkZXNob3ciOiIwMzVkYjJlIn0%3D\">\n\t\t\t\t\t<div class=\"e-gallery-image elementor-gallery-item__image\" data-thumbnail=\"https:\/\/interdesign.com.pt\/wp-content\/uploads\/2025\/11\/8-1-1024x768.jpg.jpeg\" data-width=\"1024\" data-height=\"768\" aria-label=\"\" role=\"img\" ><\/div>\n\t\t\t\t\t\t\t\t\t\t\t\t\t\t<\/a>\n\t\t\t\t\t<\/div>\n\t\t\t\t\t<\/div>\n\t\t\t\t<\/div>\n\t\t\t\t<\/div>\n\t\t\t\t<\/div>",
        "protected": false
    },
    "excerpt": {
        "rendered": "",
        "protected": false
    },
    "author": 1,
    "featured_media": 8948,
    "parent": 0,
    "template": "",
    "meta": {
        "_acf_changed": false,
        "footnotes": ""
    },
    "portfolio-category": [
        136,
        164
    ],
    "class_list": [
        "post-5900",
        "portfolio",
        "type-portfolio",
        "status-publish",
        "has-post-thumbnail",
        "hentry",
        "portfolio-category-contract",
        "portfolio-category-hotels"
    ],
    "acf": [],
    "yoast_head": "<!-- This site is optimized with the Yoast SEO plugin v27.3 - https:\/\/yoast.com\/product\/yoast-seo-wordpress\/ -->\n<title>Greece Hotel - Interdesign<\/title>\n<meta name=\"description\" content=\"Greece Hotel is part of the Interdesign portfolio, a project combining creativity, precision, and tailored design.\" \/>\n<meta name=\"robots\" content=\"noindex, follow\" \/>\n<meta property=\"og:locale\" content=\"en_US\" \/>\n<meta property=\"og:type\" content=\"article\" \/>\n<meta property=\"og:title\" content=\"Greece Hotel - Interdesign\" \/>\n<meta property=\"og:description\" content=\"Greece Hotel is part of the Interdesign portfolio, a project combining creativity, precision, and tailored design.\" \/>\n<meta property=\"og:url\" content=\"https:\/\/interdesign.com.pt\/en\/portfolio\/greece-hotel\/\" \/>\n<meta property=\"og:site_name\" content=\"Interdesign\" \/>\n<meta property=\"article:modified_time\" content=\"2026-04-13T11:40:04+00:00\" \/>\n<meta property=\"og:image\" content=\"https:\/\/interdesign.com.pt\/wp-content\/uploads\/2025\/05\/hotel_grecia.jpg\" \/>\n\t<meta property=\"og:image:width\" content=\"1920\" \/>\n\t<meta property=\"og:image:height\" content=\"1440\" \/>\n\t<meta property=\"og:image:type\" content=\"image\/jpeg\" \/>\n<meta name=\"twitter:card\" content=\"summary_large_image\" \/>\n<meta name=\"twitter:title\" content=\"Greece Hotel - Interdesign\" \/>\n<meta name=\"twitter:image\" content=\"https:\/\/interdesign.com.pt\/wp-content\/uploads\/2025\/05\/hotel_grecia.jpg\" \/>\n<meta name=\"twitter:label1\" content=\"Est. reading time\" \/>\n\t<meta name=\"twitter:data1\" content=\"1 minute\" \/>\n<script type=\"application\/ld+json\" class=\"yoast-schema-graph\">{\"@context\":\"https:\\\/\\\/schema.org\",\"@graph\":[{\"@type\":\"WebPage\",\"@id\":\"https:\\\/\\\/interdesign.com.pt\\\/en\\\/portfolio\\\/greece-hotel\\\/\",\"url\":\"https:\\\/\\\/interdesign.com.pt\\\/en\\\/portfolio\\\/greece-hotel\\\/\",\"name\":\"Greece Hotel - Interdesign\",\"isPartOf\":{\"@id\":\"https:\\\/\\\/interdesign.com.pt\\\/pt\\\/#website\"},\"primaryImageOfPage\":{\"@id\":\"https:\\\/\\\/interdesign.com.pt\\\/en\\\/portfolio\\\/greece-hotel\\\/#primaryimage\"},\"image\":{\"@id\":\"https:\\\/\\\/interdesign.com.pt\\\/en\\\/portfolio\\\/greece-hotel\\\/#primaryimage\"},\"thumbnailUrl\":\"https:\\\/\\\/interdesign.com.pt\\\/wp-content\\\/uploads\\\/2025\\\/05\\\/hotel_grecia.jpg\",\"datePublished\":\"2018-05-10T16:46:34+00:00\",\"dateModified\":\"2026-04-13T11:40:04+00:00\",\"description\":\"Greece Hotel is part of the Interdesign portfolio, a project combining creativity, precision, and tailored design.\",\"breadcrumb\":{\"@id\":\"https:\\\/\\\/interdesign.com.pt\\\/en\\\/portfolio\\\/greece-hotel\\\/#breadcrumb\"},\"inLanguage\":\"en-US\",\"potentialAction\":[{\"@type\":\"ReadAction\",\"target\":[\"https:\\\/\\\/interdesign.com.pt\\\/en\\\/portfolio\\\/greece-hotel\\\/\"]}]},{\"@type\":\"ImageObject\",\"inLanguage\":\"en-US\",\"@id\":\"https:\\\/\\\/interdesign.com.pt\\\/en\\\/portfolio\\\/greece-hotel\\\/#primaryimage\",\"url\":\"https:\\\/\\\/interdesign.com.pt\\\/wp-content\\\/uploads\\\/2025\\\/05\\\/hotel_grecia.jpg\",\"contentUrl\":\"https:\\\/\\\/interdesign.com.pt\\\/wp-content\\\/uploads\\\/2025\\\/05\\\/hotel_grecia.jpg\",\"width\":1920,\"height\":1440,\"caption\":\"Portf\u00f3lio | Projetos Contract | Hotel Grecia\"},{\"@type\":\"BreadcrumbList\",\"@id\":\"https:\\\/\\\/interdesign.com.pt\\\/en\\\/portfolio\\\/greece-hotel\\\/#breadcrumb\",\"itemListElement\":[{\"@type\":\"ListItem\",\"position\":1,\"name\":\"Home\",\"item\":\"https:\\\/\\\/interdesign.com.pt\\\/\"},{\"@type\":\"ListItem\",\"position\":2,\"name\":\"Greece Hotel\"}]},{\"@type\":\"WebSite\",\"@id\":\"https:\\\/\\\/interdesign.com.pt\\\/pt\\\/#website\",\"url\":\"https:\\\/\\\/interdesign.com.pt\\\/pt\\\/\",\"name\":\"Interdesign\",\"description\":\"Mobili\u00e1rio, Interiores &amp; Decora\u00e7\u00e3o\",\"publisher\":{\"@id\":\"https:\\\/\\\/interdesign.com.pt\\\/pt\\\/#organization\"},\"potentialAction\":[{\"@type\":\"SearchAction\",\"target\":{\"@type\":\"EntryPoint\",\"urlTemplate\":\"https:\\\/\\\/interdesign.com.pt\\\/pt\\\/?s={search_term_string}\"},\"query-input\":{\"@type\":\"PropertyValueSpecification\",\"valueRequired\":true,\"valueName\":\"search_term_string\"}}],\"inLanguage\":\"en-US\"},{\"@type\":\"Organization\",\"@id\":\"https:\\\/\\\/interdesign.com.pt\\\/pt\\\/#organization\",\"name\":\"Interdesign\",\"url\":\"https:\\\/\\\/interdesign.com.pt\\\/pt\\\/\",\"logo\":{\"@type\":\"ImageObject\",\"inLanguage\":\"en-US\",\"@id\":\"https:\\\/\\\/interdesign.com.pt\\\/pt\\\/#\\\/schema\\\/logo\\\/image\\\/\",\"url\":\"https:\\\/\\\/interdesign.com.pt\\\/wp-content\\\/uploads\\\/2025\\\/03\\\/interdesign-logo.svg\",\"contentUrl\":\"https:\\\/\\\/interdesign.com.pt\\\/wp-content\\\/uploads\\\/2025\\\/03\\\/interdesign-logo.svg\",\"caption\":\"Interdesign\"},\"image\":{\"@id\":\"https:\\\/\\\/interdesign.com.pt\\\/pt\\\/#\\\/schema\\\/logo\\\/image\\\/\"}}]}<\/script>\n<!-- \/ Yoast SEO plugin. -->",
    "yoast_head_json": {
        "title": "Greece Hotel - Interdesign",
        "description": "Greece Hotel is part of the Interdesign portfolio, a project combining creativity, precision, and tailored design.",
        "robots": {
            "index": "noindex",
            "follow": "follow"
        },
        "og_locale": "en_US",
        "og_type": "article",
        "og_title": "Greece Hotel - Interdesign",
        "og_description": "Greece Hotel is part of the Interdesign portfolio, a project combining creativity, precision, and tailored design.",
        "og_url": "https:\/\/interdesign.com.pt\/en\/portfolio\/greece-hotel\/",
        "og_site_name": "Interdesign",
        "article_modified_time": "2026-04-13T11:40:04+00:00",
        "og_image": [
            {
                "width": 1920,
                "height": 1440,
                "url": "https:\/\/interdesign.com.pt\/wp-content\/uploads\/2025\/05\/hotel_grecia.jpg",
                "type": "image\/jpeg"
            }
        ],
        "twitter_card": "summary_large_image",
        "twitter_title": "Greece Hotel - Interdesign",
        "twitter_image": "https:\/\/interdesign.com.pt\/wp-content\/uploads\/2025\/05\/hotel_grecia.jpg",
        "twitter_misc": {
            "Est. reading time": "1 minute"
        },
        "schema": {
            "@context": "https:\/\/schema.org",
            "@graph": [
                {
                    "@type": "WebPage",
                    "@id": "https:\/\/interdesign.com.pt\/en\/portfolio\/greece-hotel\/",
                    "url": "https:\/\/interdesign.com.pt\/en\/portfolio\/greece-hotel\/",
                    "name": "Greece Hotel - Interdesign",
                    "isPartOf": {
                        "@id": "https:\/\/interdesign.com.pt\/pt\/#website"
                    },
                    "primaryImageOfPage": {
                        "@id": "https:\/\/interdesign.com.pt\/en\/portfolio\/greece-hotel\/#primaryimage"
                    },
                    "image": {
                        "@id": "https:\/\/interdesign.com.pt\/en\/portfolio\/greece-hotel\/#primaryimage"
                    },
                    "thumbnailUrl": "https:\/\/interdesign.com.pt\/wp-content\/uploads\/2025\/05\/hotel_grecia.jpg",
                    "datePublished": "2018-05-10T16:46:34+00:00",
                    "dateModified": "2026-04-13T11:40:04+00:00",
                    "description": "Greece Hotel is part of the Interdesign portfolio, a project combining creativity, precision, and tailored design.",
                    "breadcrumb": {
                        "@id": "https:\/\/interdesign.com.pt\/en\/portfolio\/greece-hotel\/#breadcrumb"
                    },
                    "inLanguage": "en-US",
                    "potentialAction": [
                        {
                            "@type": "ReadAction",
                            "target": [
                                "https:\/\/interdesign.com.pt\/en\/portfolio\/greece-hotel\/"
                            ]
                        }
                    ]
                },
                {
                    "@type": "ImageObject",
                    "inLanguage": "en-US",
                    "@id": "https:\/\/interdesign.com.pt\/en\/portfolio\/greece-hotel\/#primaryimage",
                    "url": "https:\/\/interdesign.com.pt\/wp-content\/uploads\/2025\/05\/hotel_grecia.jpg",
                    "contentUrl": "https:\/\/interdesign.com.pt\/wp-content\/uploads\/2025\/05\/hotel_grecia.jpg",
                    "width": 1920,
                    "height": 1440,
                    "caption": "Portf\u00f3lio | Projetos Contract | Hotel Grecia"
                },
                {
                    "@type": "BreadcrumbList",
                    "@id": "https:\/\/interdesign.com.pt\/en\/portfolio\/greece-hotel\/#breadcrumb",
                    "itemListElement": [
                        {
                            "@type": "ListItem",
                            "position": 1,
                            "name": "Home",
                            "item": "https:\/\/interdesign.com.pt\/"
                        },
                        {
                            "@type": "ListItem",
                            "position": 2,
                            "name": "Greece Hotel"
                        }
                    ]
                },
                {
                    "@type": "WebSite",
                    "@id": "https:\/\/interdesign.com.pt\/pt\/#website",
                    "url": "https:\/\/interdesign.com.pt\/pt\/",
                    "name": "Interdesign",
                    "description": "Mobili\u00e1rio, Interiores &amp; Decora\u00e7\u00e3o",
                    "publisher": {
                        "@id": "https:\/\/interdesign.com.pt\/pt\/#organization"
                    },
                    "potentialAction": [
                        {
                            "@type": "SearchAction",
                            "target": {
                                "@type": "EntryPoint",
                                "urlTemplate": "https:\/\/interdesign.com.pt\/pt\/?s={search_term_string}"
                            },
                            "query-input": {
                                "@type": "PropertyValueSpecification",
                                "valueRequired": true,
                                "valueName": "search_term_string"
                            }
                        }
                    ],
                    "inLanguage": "en-US"
                },
                {
                    "@type": "Organization",
                    "@id": "https:\/\/interdesign.com.pt\/pt\/#organization",
                    "name": "Interdesign",
                    "url": "https:\/\/interdesign.com.pt\/pt\/",
                    "logo": {
                        "@type": "ImageObject",
                        "inLanguage": "en-US",
                        "@id": "https:\/\/interdesign.com.pt\/pt\/#\/schema\/logo\/image\/",
                        "url": "https:\/\/interdesign.com.pt\/wp-content\/uploads\/2025\/03\/interdesign-logo.svg",
                        "contentUrl": "https:\/\/interdesign.com.pt\/wp-content\/uploads\/2025\/03\/interdesign-logo.svg",
                        "caption": "Interdesign"
                    },
                    "image": {
                        "@id": "https:\/\/interdesign.com.pt\/pt\/#\/schema\/logo\/image\/"
                    }
                }
            ]
        }
    },
    "_links": {
        "self": [
            {
                "href": "https:\/\/interdesign.com.pt\/en\/wp-json\/wp\/v2\/portfolio\/5900",
                "targetHints": {
                    "allow": [
                        "GET"
                    ]
                }
            }
        ],
        "collection": [
            {
                "href": "https:\/\/interdesign.com.pt\/en\/wp-json\/wp\/v2\/portfolio"
            }
        ],
        "about": [
            {
                "href": "https:\/\/interdesign.com.pt\/en\/wp-json\/wp\/v2\/types\/portfolio"
            }
        ],
        "author": [
            {
                "embeddable": true,
                "href": "https:\/\/interdesign.com.pt\/en\/wp-json\/wp\/v2\/users\/1"
            }
        ],
        "version-history": [
            {
                "count": 19,
                "href": "https:\/\/interdesign.com.pt\/en\/wp-json\/wp\/v2\/portfolio\/5900\/revisions"
            }
        ],
        "predecessor-version": [
            {
                "id": 69187,
                "href": "https:\/\/interdesign.com.pt\/en\/wp-json\/wp\/v2\/portfolio\/5900\/revisions\/69187"
            }
        ],
        "wp:featuredmedia": [
            {
                "embeddable": true,
                "href": "https:\/\/interdesign.com.pt\/en\/wp-json\/wp\/v2\/media\/8948"
            }
        ],
        "wp:attachment": [
            {
                "href": "https:\/\/interdesign.com.pt\/en\/wp-json\/wp\/v2\/media?parent=5900"
            }
        ],
        "wp:term": [
            {
                "taxonomy": "portfolio-category",
                "embeddable": true,
                "href": "https:\/\/interdesign.com.pt\/en\/wp-json\/wp\/v2\/portfolio-category?post=5900"
            }
        ],
        "curies": [
            {
                "name": "wp",
                "href": "https:\/\/api.w.org\/{rel}",
                "templated": true
            }
        ]
    }
}