{
    "id": 6265,
    "date": "2018-05-10T16:43:34",
    "date_gmt": "2018-05-10T16:43:34",
    "guid": {
        "rendered": "https:\/\/interdesign.ad-pulse.com\/?post_type=contract&#038;p=6265"
    },
    "modified": "2026-04-13T11:39:41",
    "modified_gmt": "2026-04-13T11:39:41",
    "slug": "sao-joao-da-madeira-tea-salon",
    "status": "publish",
    "type": "portfolio",
    "link": "https:\/\/interdesign.com.pt\/en\/portfolio\/sao-joao-da-madeira-tea-salon\/",
    "title": {
        "rendered": "S\u00e3o Jo\u00e3o da Madeira Tea Salon"
    },
    "content": {
        "rendered": "<div data-elementor-type=\"wp-post\" data-elementor-id=\"6265\" class=\"elementor elementor-6265\" data-elementor-post-type=\"portfolio\">\n\t\t\t\t<div class=\"elementor-element elementor-element-b8467fc e-con-full e-flex e-con e-parent\" data-id=\"b8467fc\" data-element_type=\"container\" data-e-type=\"container\">\n\t\t\t\t<div class=\"elementor-element elementor-element-0b9d115 elementor-widget elementor-widget-gallery\" data-id=\"0b9d115\" data-element_type=\"widget\" data-e-type=\"widget\" data-settings=\"{&quot;gallery_layout&quot;:&quot;masonry&quot;,&quot;columns&quot;:3,&quot;gap&quot;:{&quot;unit&quot;:&quot;px&quot;,&quot;size&quot;:15,&quot;sizes&quot;:[]},&quot;columns_mobile&quot;:2,&quot;lazyload&quot;:&quot;yes&quot;,&quot;columns_tablet&quot;:2,&quot;gap_laptop&quot;:{&quot;unit&quot;:&quot;px&quot;,&quot;size&quot;:10,&quot;sizes&quot;:[]},&quot;gap_tablet&quot;:{&quot;unit&quot;:&quot;px&quot;,&quot;size&quot;:10,&quot;sizes&quot;:[]},&quot;gap_mobile&quot;:{&quot;unit&quot;:&quot;px&quot;,&quot;size&quot;:10,&quot;sizes&quot;:[]},&quot;link_to&quot;:&quot;file&quot;,&quot;content_hover_animation&quot;:&quot;fade-in&quot;}\" data-widget_type=\"gallery.default\">\n\t\t\t\t<div class=\"elementor-widget-container\">\n\t\t\t\t\t\t\t<div class=\"elementor-gallery__container\">\n\t\t\t\t\t\t\t<a class=\"e-gallery-item elementor-gallery-item elementor-animated-content\" href=\"https:\/\/interdesign.com.pt\/wp-content\/uploads\/2025\/11\/SALAO_DE_CHA_INTERDESIGN_1-1024x682.jpg.jpeg\" data-elementor-open-lightbox=\"yes\" data-elementor-lightbox-slideshow=\"0b9d115\" data-e-action-hash=\"#elementor-action%3Aaction%3Dlightbox%26settings%3DeyJpZCI6Njc3MzMsInVybCI6Imh0dHBzOlwvXC9pbnRlcmRlc2lnbi5jb20ucHRcL3dwLWNvbnRlbnRcL3VwbG9hZHNcLzIwMjVcLzExXC9TQUxBT19ERV9DSEFfSU5URVJERVNJR05fMS0xMDI0eDY4Mi5qcGcuanBlZyIsInNsaWRlc2hvdyI6IjBiOWQxMTUifQ%3D%3D\">\n\t\t\t\t\t<div class=\"e-gallery-image elementor-gallery-item__image\" data-thumbnail=\"https:\/\/interdesign.com.pt\/wp-content\/uploads\/2025\/11\/SALAO_DE_CHA_INTERDESIGN_1-1024x682.jpg.jpeg\" data-width=\"1024\" data-height=\"682\" aria-label=\"Portfolio | S\u00e3o Jo\u00e3o da Madeira Tea Salon\" role=\"img\" ><\/div>\n\t\t\t\t\t\t\t\t\t\t\t\t\t\t<\/a>\n\t\t\t\t\t\t\t<a class=\"e-gallery-item elementor-gallery-item elementor-animated-content\" href=\"https:\/\/interdesign.com.pt\/wp-content\/uploads\/2025\/11\/SALAO_DE_CHA_INTERDESIGN_4-1024x682.jpg.jpeg\" data-elementor-open-lightbox=\"yes\" data-elementor-lightbox-slideshow=\"0b9d115\" data-e-action-hash=\"#elementor-action%3Aaction%3Dlightbox%26settings%3DeyJpZCI6Njc3MzYsInVybCI6Imh0dHBzOlwvXC9pbnRlcmRlc2lnbi5jb20ucHRcL3dwLWNvbnRlbnRcL3VwbG9hZHNcLzIwMjVcLzExXC9TQUxBT19ERV9DSEFfSU5URVJERVNJR05fNC0xMDI0eDY4Mi5qcGcuanBlZyIsInNsaWRlc2hvdyI6IjBiOWQxMTUifQ%3D%3D\">\n\t\t\t\t\t<div class=\"e-gallery-image elementor-gallery-item__image\" data-thumbnail=\"https:\/\/interdesign.com.pt\/wp-content\/uploads\/2025\/11\/SALAO_DE_CHA_INTERDESIGN_4-1024x682.jpg.jpeg\" data-width=\"1024\" data-height=\"682\" aria-label=\"Portfolio | S\u00e3o Jo\u00e3o da Madeira Tea Salon\" role=\"img\" ><\/div>\n\t\t\t\t\t\t\t\t\t\t\t\t\t\t<\/a>\n\t\t\t\t\t\t\t<a class=\"e-gallery-item elementor-gallery-item elementor-animated-content\" href=\"https:\/\/interdesign.com.pt\/wp-content\/uploads\/2025\/11\/SALAO_DE_CHA_INTERDESIGN_5-1024x687.jpg.jpeg\" data-elementor-open-lightbox=\"yes\" data-elementor-lightbox-slideshow=\"0b9d115\" data-e-action-hash=\"#elementor-action%3Aaction%3Dlightbox%26settings%3DeyJpZCI6Njc3MzcsInVybCI6Imh0dHBzOlwvXC9pbnRlcmRlc2lnbi5jb20ucHRcL3dwLWNvbnRlbnRcL3VwbG9hZHNcLzIwMjVcLzExXC9TQUxBT19ERV9DSEFfSU5URVJERVNJR05fNS0xMDI0eDY4Ny5qcGcuanBlZyIsInNsaWRlc2hvdyI6IjBiOWQxMTUifQ%3D%3D\">\n\t\t\t\t\t<div class=\"e-gallery-image elementor-gallery-item__image\" data-thumbnail=\"https:\/\/interdesign.com.pt\/wp-content\/uploads\/2025\/11\/SALAO_DE_CHA_INTERDESIGN_5-1024x687.jpg.jpeg\" data-width=\"1024\" data-height=\"687\" aria-label=\"Portfolio | S\u00e3o Jo\u00e3o da Madeira Tea Salon\" role=\"img\" ><\/div>\n\t\t\t\t\t\t\t\t\t\t\t\t\t\t<\/a>\n\t\t\t\t\t\t\t<a class=\"e-gallery-item elementor-gallery-item elementor-animated-content\" href=\"https:\/\/interdesign.com.pt\/wp-content\/uploads\/2025\/11\/SALAO_DE_CHA_INTERDESIGN_6-1024x682.jpg.jpeg\" data-elementor-open-lightbox=\"yes\" data-elementor-lightbox-slideshow=\"0b9d115\" data-e-action-hash=\"#elementor-action%3Aaction%3Dlightbox%26settings%3DeyJpZCI6Njc3MzgsInVybCI6Imh0dHBzOlwvXC9pbnRlcmRlc2lnbi5jb20ucHRcL3dwLWNvbnRlbnRcL3VwbG9hZHNcLzIwMjVcLzExXC9TQUxBT19ERV9DSEFfSU5URVJERVNJR05fNi0xMDI0eDY4Mi5qcGcuanBlZyIsInNsaWRlc2hvdyI6IjBiOWQxMTUifQ%3D%3D\">\n\t\t\t\t\t<div class=\"e-gallery-image elementor-gallery-item__image\" data-thumbnail=\"https:\/\/interdesign.com.pt\/wp-content\/uploads\/2025\/11\/SALAO_DE_CHA_INTERDESIGN_6-1024x682.jpg.jpeg\" data-width=\"1024\" data-height=\"682\" aria-label=\"Portfolio | S\u00e3o Jo\u00e3o da Madeira Tea Salon\" role=\"img\" ><\/div>\n\t\t\t\t\t\t\t\t\t\t\t\t\t\t<\/a>\n\t\t\t\t\t\t\t<a class=\"e-gallery-item elementor-gallery-item elementor-animated-content\" href=\"https:\/\/interdesign.com.pt\/wp-content\/uploads\/2025\/11\/SALAO_DE_CHA_INTERDESIGN_7.jpg.jpeg\" data-elementor-open-lightbox=\"yes\" data-elementor-lightbox-slideshow=\"0b9d115\" data-e-action-hash=\"#elementor-action%3Aaction%3Dlightbox%26settings%3DeyJpZCI6Njc3MzksInVybCI6Imh0dHBzOlwvXC9pbnRlcmRlc2lnbi5jb20ucHRcL3dwLWNvbnRlbnRcL3VwbG9hZHNcLzIwMjVcLzExXC9TQUxBT19ERV9DSEFfSU5URVJERVNJR05fNy5qcGcuanBlZyIsInNsaWRlc2hvdyI6IjBiOWQxMTUifQ%3D%3D\">\n\t\t\t\t\t<div class=\"e-gallery-image elementor-gallery-item__image\" data-thumbnail=\"https:\/\/interdesign.com.pt\/wp-content\/uploads\/2025\/11\/SALAO_DE_CHA_INTERDESIGN_7.jpg.jpeg\" data-width=\"1280\" data-height=\"1920\" aria-label=\"Portfolio | S\u00e3o Jo\u00e3o da Madeira Tea Salon\" role=\"img\" ><\/div>\n\t\t\t\t\t\t\t\t\t\t\t\t\t\t<\/a>\n\t\t\t\t\t\t\t<a class=\"e-gallery-item elementor-gallery-item elementor-animated-content\" href=\"https:\/\/interdesign.com.pt\/wp-content\/uploads\/2025\/11\/SALAO_DE_CHA_INTERDESIGN_8.jpg.jpeg\" data-elementor-open-lightbox=\"yes\" data-elementor-lightbox-slideshow=\"0b9d115\" data-e-action-hash=\"#elementor-action%3Aaction%3Dlightbox%26settings%3DeyJpZCI6Njc3NDAsInVybCI6Imh0dHBzOlwvXC9pbnRlcmRlc2lnbi5jb20ucHRcL3dwLWNvbnRlbnRcL3VwbG9hZHNcLzIwMjVcLzExXC9TQUxBT19ERV9DSEFfSU5URVJERVNJR05fOC5qcGcuanBlZyIsInNsaWRlc2hvdyI6IjBiOWQxMTUifQ%3D%3D\">\n\t\t\t\t\t<div class=\"e-gallery-image elementor-gallery-item__image\" data-thumbnail=\"https:\/\/interdesign.com.pt\/wp-content\/uploads\/2025\/11\/SALAO_DE_CHA_INTERDESIGN_8.jpg.jpeg\" data-width=\"1280\" data-height=\"1920\" aria-label=\"Portfolio | S\u00e3o Jo\u00e3o da Madeira Tea Salon\" role=\"img\" ><\/div>\n\t\t\t\t\t\t\t\t\t\t\t\t\t\t<\/a>\n\t\t\t\t\t\t\t<a class=\"e-gallery-item elementor-gallery-item elementor-animated-content\" href=\"https:\/\/interdesign.com.pt\/wp-content\/uploads\/2025\/11\/SALAO_DE_CHA_INTERDESIGN_9-1024x682.jpg.jpeg\" data-elementor-open-lightbox=\"yes\" data-elementor-lightbox-slideshow=\"0b9d115\" data-e-action-hash=\"#elementor-action%3Aaction%3Dlightbox%26settings%3DeyJpZCI6Njc3NDEsInVybCI6Imh0dHBzOlwvXC9pbnRlcmRlc2lnbi5jb20ucHRcL3dwLWNvbnRlbnRcL3VwbG9hZHNcLzIwMjVcLzExXC9TQUxBT19ERV9DSEFfSU5URVJERVNJR05fOS0xMDI0eDY4Mi5qcGcuanBlZyIsInNsaWRlc2hvdyI6IjBiOWQxMTUifQ%3D%3D\">\n\t\t\t\t\t<div class=\"e-gallery-image elementor-gallery-item__image\" data-thumbnail=\"https:\/\/interdesign.com.pt\/wp-content\/uploads\/2025\/11\/SALAO_DE_CHA_INTERDESIGN_9-1024x682.jpg.jpeg\" data-width=\"1024\" data-height=\"682\" aria-label=\"Portfolio | S\u00e3o Jo\u00e3o da Madeira Tea Salon\" role=\"img\" ><\/div>\n\t\t\t\t\t\t\t\t\t\t\t\t\t\t<\/a>\n\t\t\t\t\t\t\t<a class=\"e-gallery-item elementor-gallery-item elementor-animated-content\" href=\"https:\/\/interdesign.com.pt\/wp-content\/uploads\/2025\/11\/SALAO_DE_CHA_INTERDESIGN_10-1024x682.jpg.jpeg\" data-elementor-open-lightbox=\"yes\" data-elementor-lightbox-slideshow=\"0b9d115\" data-e-action-hash=\"#elementor-action%3Aaction%3Dlightbox%26settings%3DeyJpZCI6Njc3NDIsInVybCI6Imh0dHBzOlwvXC9pbnRlcmRlc2lnbi5jb20ucHRcL3dwLWNvbnRlbnRcL3VwbG9hZHNcLzIwMjVcLzExXC9TQUxBT19ERV9DSEFfSU5URVJERVNJR05fMTAtMTAyNHg2ODIuanBnLmpwZWciLCJzbGlkZXNob3ciOiIwYjlkMTE1In0%3D\">\n\t\t\t\t\t<div class=\"e-gallery-image elementor-gallery-item__image\" data-thumbnail=\"https:\/\/interdesign.com.pt\/wp-content\/uploads\/2025\/11\/SALAO_DE_CHA_INTERDESIGN_10-1024x682.jpg.jpeg\" data-width=\"1024\" data-height=\"682\" aria-label=\"Portfolio | S\u00e3o Jo\u00e3o da Madeira Tea Salon\" role=\"img\" ><\/div>\n\t\t\t\t\t\t\t\t\t\t\t\t\t\t<\/a>\n\t\t\t\t\t\t\t<a class=\"e-gallery-item elementor-gallery-item elementor-animated-content\" href=\"https:\/\/interdesign.com.pt\/wp-content\/uploads\/2025\/11\/SALAO_DE_CHA_INTERDESIGN_11-1024x682.jpg.jpeg\" data-elementor-open-lightbox=\"yes\" data-elementor-lightbox-slideshow=\"0b9d115\" data-e-action-hash=\"#elementor-action%3Aaction%3Dlightbox%26settings%3DeyJpZCI6Njc3NDMsInVybCI6Imh0dHBzOlwvXC9pbnRlcmRlc2lnbi5jb20ucHRcL3dwLWNvbnRlbnRcL3VwbG9hZHNcLzIwMjVcLzExXC9TQUxBT19ERV9DSEFfSU5URVJERVNJR05fMTEtMTAyNHg2ODIuanBnLmpwZWciLCJzbGlkZXNob3ciOiIwYjlkMTE1In0%3D\">\n\t\t\t\t\t<div class=\"e-gallery-image elementor-gallery-item__image\" data-thumbnail=\"https:\/\/interdesign.com.pt\/wp-content\/uploads\/2025\/11\/SALAO_DE_CHA_INTERDESIGN_11-1024x682.jpg.jpeg\" data-width=\"1024\" data-height=\"682\" aria-label=\"Portfolio | S\u00e3o Jo\u00e3o da Madeira Tea Salon\" role=\"img\" ><\/div>\n\t\t\t\t\t\t\t\t\t\t\t\t\t\t<\/a>\n\t\t\t\t\t\t\t<a class=\"e-gallery-item elementor-gallery-item elementor-animated-content\" href=\"https:\/\/interdesign.com.pt\/wp-content\/uploads\/2025\/11\/SALAO_DE_CHA_INTERDESIGN_12.jpg.jpeg\" data-elementor-open-lightbox=\"yes\" data-elementor-lightbox-slideshow=\"0b9d115\" data-e-action-hash=\"#elementor-action%3Aaction%3Dlightbox%26settings%3DeyJpZCI6Njc3NDQsInVybCI6Imh0dHBzOlwvXC9pbnRlcmRlc2lnbi5jb20ucHRcL3dwLWNvbnRlbnRcL3VwbG9hZHNcLzIwMjVcLzExXC9TQUxBT19ERV9DSEFfSU5URVJERVNJR05fMTIuanBnLmpwZWciLCJzbGlkZXNob3ciOiIwYjlkMTE1In0%3D\">\n\t\t\t\t\t<div class=\"e-gallery-image elementor-gallery-item__image\" data-thumbnail=\"https:\/\/interdesign.com.pt\/wp-content\/uploads\/2025\/11\/SALAO_DE_CHA_INTERDESIGN_12.jpg.jpeg\" data-width=\"1280\" data-height=\"1920\" aria-label=\"\" role=\"img\" ><\/div>\n\t\t\t\t\t\t\t\t\t\t\t\t\t\t<\/a>\n\t\t\t\t\t\t\t<a class=\"e-gallery-item elementor-gallery-item elementor-animated-content\" href=\"https:\/\/interdesign.com.pt\/wp-content\/uploads\/2025\/11\/SALAO_DE_CHA_INTERDESIGN_13-1024x688.jpg.jpeg\" data-elementor-open-lightbox=\"yes\" data-elementor-lightbox-slideshow=\"0b9d115\" data-e-action-hash=\"#elementor-action%3Aaction%3Dlightbox%26settings%3DeyJpZCI6Njc3NDUsInVybCI6Imh0dHBzOlwvXC9pbnRlcmRlc2lnbi5jb20ucHRcL3dwLWNvbnRlbnRcL3VwbG9hZHNcLzIwMjVcLzExXC9TQUxBT19ERV9DSEFfSU5URVJERVNJR05fMTMtMTAyNHg2ODguanBnLmpwZWciLCJzbGlkZXNob3ciOiIwYjlkMTE1In0%3D\">\n\t\t\t\t\t<div class=\"e-gallery-image elementor-gallery-item__image\" data-thumbnail=\"https:\/\/interdesign.com.pt\/wp-content\/uploads\/2025\/11\/SALAO_DE_CHA_INTERDESIGN_13-1024x688.jpg.jpeg\" data-width=\"1024\" data-height=\"688\" aria-label=\"\" role=\"img\" ><\/div>\n\t\t\t\t\t\t\t\t\t\t\t\t\t\t<\/a>\n\t\t\t\t\t\t\t<a class=\"e-gallery-item elementor-gallery-item elementor-animated-content\" href=\"https:\/\/interdesign.com.pt\/wp-content\/uploads\/2025\/11\/SALAO_DE_CHA_INTERDESIGN_14-1024x682.jpg.jpeg\" data-elementor-open-lightbox=\"yes\" data-elementor-lightbox-slideshow=\"0b9d115\" data-e-action-hash=\"#elementor-action%3Aaction%3Dlightbox%26settings%3DeyJpZCI6Njc3NDYsInVybCI6Imh0dHBzOlwvXC9pbnRlcmRlc2lnbi5jb20ucHRcL3dwLWNvbnRlbnRcL3VwbG9hZHNcLzIwMjVcLzExXC9TQUxBT19ERV9DSEFfSU5URVJERVNJR05fMTQtMTAyNHg2ODIuanBnLmpwZWciLCJzbGlkZXNob3ciOiIwYjlkMTE1In0%3D\">\n\t\t\t\t\t<div class=\"e-gallery-image elementor-gallery-item__image\" data-thumbnail=\"https:\/\/interdesign.com.pt\/wp-content\/uploads\/2025\/11\/SALAO_DE_CHA_INTERDESIGN_14-1024x682.jpg.jpeg\" data-width=\"1024\" data-height=\"682\" aria-label=\"\" role=\"img\" ><\/div>\n\t\t\t\t\t\t\t\t\t\t\t\t\t\t<\/a>\n\t\t\t\t\t\t\t<a class=\"e-gallery-item elementor-gallery-item elementor-animated-content\" href=\"https:\/\/interdesign.com.pt\/wp-content\/uploads\/2025\/11\/SALAO_DE_CHA_INTERDESIGN_15-1024x682.jpg.jpeg\" data-elementor-open-lightbox=\"yes\" data-elementor-lightbox-slideshow=\"0b9d115\" data-e-action-hash=\"#elementor-action%3Aaction%3Dlightbox%26settings%3DeyJpZCI6Njc3NDcsInVybCI6Imh0dHBzOlwvXC9pbnRlcmRlc2lnbi5jb20ucHRcL3dwLWNvbnRlbnRcL3VwbG9hZHNcLzIwMjVcLzExXC9TQUxBT19ERV9DSEFfSU5URVJERVNJR05fMTUtMTAyNHg2ODIuanBnLmpwZWciLCJzbGlkZXNob3ciOiIwYjlkMTE1In0%3D\">\n\t\t\t\t\t<div class=\"e-gallery-image elementor-gallery-item__image\" data-thumbnail=\"https:\/\/interdesign.com.pt\/wp-content\/uploads\/2025\/11\/SALAO_DE_CHA_INTERDESIGN_15-1024x682.jpg.jpeg\" data-width=\"1024\" data-height=\"682\" aria-label=\"\" role=\"img\" ><\/div>\n\t\t\t\t\t\t\t\t\t\t\t\t\t\t<\/a>\n\t\t\t\t\t\t\t<a class=\"e-gallery-item elementor-gallery-item elementor-animated-content\" href=\"https:\/\/interdesign.com.pt\/wp-content\/uploads\/2025\/11\/SALAO_DE_CHA_INTERDESIGN_16-1024x682.jpg.jpeg\" data-elementor-open-lightbox=\"yes\" data-elementor-lightbox-slideshow=\"0b9d115\" data-e-action-hash=\"#elementor-action%3Aaction%3Dlightbox%26settings%3DeyJpZCI6Njc3NDgsInVybCI6Imh0dHBzOlwvXC9pbnRlcmRlc2lnbi5jb20ucHRcL3dwLWNvbnRlbnRcL3VwbG9hZHNcLzIwMjVcLzExXC9TQUxBT19ERV9DSEFfSU5URVJERVNJR05fMTYtMTAyNHg2ODIuanBnLmpwZWciLCJzbGlkZXNob3ciOiIwYjlkMTE1In0%3D\">\n\t\t\t\t\t<div class=\"e-gallery-image elementor-gallery-item__image\" data-thumbnail=\"https:\/\/interdesign.com.pt\/wp-content\/uploads\/2025\/11\/SALAO_DE_CHA_INTERDESIGN_16-1024x682.jpg.jpeg\" data-width=\"1024\" data-height=\"682\" aria-label=\"\" role=\"img\" ><\/div>\n\t\t\t\t\t\t\t\t\t\t\t\t\t\t<\/a>\n\t\t\t\t\t\t\t<a class=\"e-gallery-item elementor-gallery-item elementor-animated-content\" href=\"https:\/\/interdesign.com.pt\/wp-content\/uploads\/2025\/11\/SALAO_DE_CHA_INTERDESIGN_17-682x1024.jpg.jpeg\" data-elementor-open-lightbox=\"yes\" data-elementor-lightbox-slideshow=\"0b9d115\" data-e-action-hash=\"#elementor-action%3Aaction%3Dlightbox%26settings%3DeyJpZCI6Njc3NDksInVybCI6Imh0dHBzOlwvXC9pbnRlcmRlc2lnbi5jb20ucHRcL3dwLWNvbnRlbnRcL3VwbG9hZHNcLzIwMjVcLzExXC9TQUxBT19ERV9DSEFfSU5URVJERVNJR05fMTctNjgyeDEwMjQuanBnLmpwZWciLCJzbGlkZXNob3ciOiIwYjlkMTE1In0%3D\">\n\t\t\t\t\t<div class=\"e-gallery-image elementor-gallery-item__image\" data-thumbnail=\"https:\/\/interdesign.com.pt\/wp-content\/uploads\/2025\/11\/SALAO_DE_CHA_INTERDESIGN_17-682x1024.jpg.jpeg\" data-width=\"682\" data-height=\"1024\" aria-label=\"\" role=\"img\" ><\/div>\n\t\t\t\t\t\t\t\t\t\t\t\t\t\t<\/a>\n\t\t\t\t\t\t\t<a class=\"e-gallery-item elementor-gallery-item elementor-animated-content\" href=\"https:\/\/interdesign.com.pt\/wp-content\/uploads\/2025\/11\/SALAO_DE_CHA_INTERDESIGN_18-1024x682.jpg.jpeg\" data-elementor-open-lightbox=\"yes\" data-elementor-lightbox-slideshow=\"0b9d115\" data-e-action-hash=\"#elementor-action%3Aaction%3Dlightbox%26settings%3DeyJpZCI6Njc3NTAsInVybCI6Imh0dHBzOlwvXC9pbnRlcmRlc2lnbi5jb20ucHRcL3dwLWNvbnRlbnRcL3VwbG9hZHNcLzIwMjVcLzExXC9TQUxBT19ERV9DSEFfSU5URVJERVNJR05fMTgtMTAyNHg2ODIuanBnLmpwZWciLCJzbGlkZXNob3ciOiIwYjlkMTE1In0%3D\">\n\t\t\t\t\t<div class=\"e-gallery-image elementor-gallery-item__image\" data-thumbnail=\"https:\/\/interdesign.com.pt\/wp-content\/uploads\/2025\/11\/SALAO_DE_CHA_INTERDESIGN_18-1024x682.jpg.jpeg\" data-width=\"1024\" data-height=\"682\" aria-label=\"\" role=\"img\" ><\/div>\n\t\t\t\t\t\t\t\t\t\t\t\t\t\t<\/a>\n\t\t\t\t\t\t\t<a class=\"e-gallery-item elementor-gallery-item elementor-animated-content\" href=\"https:\/\/interdesign.com.pt\/wp-content\/uploads\/2025\/11\/SALAO_DE_CHA_INTERDESIGN_19-1024x682.jpg.jpeg\" data-elementor-open-lightbox=\"yes\" data-elementor-lightbox-slideshow=\"0b9d115\" data-e-action-hash=\"#elementor-action%3Aaction%3Dlightbox%26settings%3DeyJpZCI6Njc3NTEsInVybCI6Imh0dHBzOlwvXC9pbnRlcmRlc2lnbi5jb20ucHRcL3dwLWNvbnRlbnRcL3VwbG9hZHNcLzIwMjVcLzExXC9TQUxBT19ERV9DSEFfSU5URVJERVNJR05fMTktMTAyNHg2ODIuanBnLmpwZWciLCJzbGlkZXNob3ciOiIwYjlkMTE1In0%3D\">\n\t\t\t\t\t<div class=\"e-gallery-image elementor-gallery-item__image\" data-thumbnail=\"https:\/\/interdesign.com.pt\/wp-content\/uploads\/2025\/11\/SALAO_DE_CHA_INTERDESIGN_19-1024x682.jpg.jpeg\" data-width=\"1024\" data-height=\"682\" aria-label=\"\" role=\"img\" ><\/div>\n\t\t\t\t\t\t\t\t\t\t\t\t\t\t<\/a>\n\t\t\t\t\t\t\t<a class=\"e-gallery-item elementor-gallery-item elementor-animated-content\" href=\"https:\/\/interdesign.com.pt\/wp-content\/uploads\/2025\/11\/SALAO_DE_CHA_INTERDESIGN_20-1024x682.jpg.jpeg\" data-elementor-open-lightbox=\"yes\" data-elementor-lightbox-slideshow=\"0b9d115\" data-e-action-hash=\"#elementor-action%3Aaction%3Dlightbox%26settings%3DeyJpZCI6Njc3NTIsInVybCI6Imh0dHBzOlwvXC9pbnRlcmRlc2lnbi5jb20ucHRcL3dwLWNvbnRlbnRcL3VwbG9hZHNcLzIwMjVcLzExXC9TQUxBT19ERV9DSEFfSU5URVJERVNJR05fMjAtMTAyNHg2ODIuanBnLmpwZWciLCJzbGlkZXNob3ciOiIwYjlkMTE1In0%3D\">\n\t\t\t\t\t<div class=\"e-gallery-image elementor-gallery-item__image\" data-thumbnail=\"https:\/\/interdesign.com.pt\/wp-content\/uploads\/2025\/11\/SALAO_DE_CHA_INTERDESIGN_20-1024x682.jpg.jpeg\" data-width=\"1024\" data-height=\"682\" aria-label=\"\" role=\"img\" ><\/div>\n\t\t\t\t\t\t\t\t\t\t\t\t\t\t<\/a>\n\t\t\t\t\t\t\t<a class=\"e-gallery-item elementor-gallery-item elementor-animated-content\" href=\"https:\/\/interdesign.com.pt\/wp-content\/uploads\/2025\/11\/SALAO_DE_CHA_INTERDESIGN_21-682x1024.jpg.jpeg\" data-elementor-open-lightbox=\"yes\" data-elementor-lightbox-slideshow=\"0b9d115\" data-e-action-hash=\"#elementor-action%3Aaction%3Dlightbox%26settings%3DeyJpZCI6Njc3NTMsInVybCI6Imh0dHBzOlwvXC9pbnRlcmRlc2lnbi5jb20ucHRcL3dwLWNvbnRlbnRcL3VwbG9hZHNcLzIwMjVcLzExXC9TQUxBT19ERV9DSEFfSU5URVJERVNJR05fMjEtNjgyeDEwMjQuanBnLmpwZWciLCJzbGlkZXNob3ciOiIwYjlkMTE1In0%3D\">\n\t\t\t\t\t<div class=\"e-gallery-image elementor-gallery-item__image\" data-thumbnail=\"https:\/\/interdesign.com.pt\/wp-content\/uploads\/2025\/11\/SALAO_DE_CHA_INTERDESIGN_21-682x1024.jpg.jpeg\" data-width=\"682\" data-height=\"1024\" aria-label=\"\" role=\"img\" ><\/div>\n\t\t\t\t\t\t\t\t\t\t\t\t\t\t<\/a>\n\t\t\t\t\t\t\t<a class=\"e-gallery-item elementor-gallery-item elementor-animated-content\" href=\"https:\/\/interdesign.com.pt\/wp-content\/uploads\/2025\/11\/SALAO_DE_CHA_INTERDESIGN_22-1024x682.jpg.jpeg\" data-elementor-open-lightbox=\"yes\" data-elementor-lightbox-slideshow=\"0b9d115\" data-e-action-hash=\"#elementor-action%3Aaction%3Dlightbox%26settings%3DeyJpZCI6Njc3NTQsInVybCI6Imh0dHBzOlwvXC9pbnRlcmRlc2lnbi5jb20ucHRcL3dwLWNvbnRlbnRcL3VwbG9hZHNcLzIwMjVcLzExXC9TQUxBT19ERV9DSEFfSU5URVJERVNJR05fMjItMTAyNHg2ODIuanBnLmpwZWciLCJzbGlkZXNob3ciOiIwYjlkMTE1In0%3D\">\n\t\t\t\t\t<div class=\"e-gallery-image elementor-gallery-item__image\" data-thumbnail=\"https:\/\/interdesign.com.pt\/wp-content\/uploads\/2025\/11\/SALAO_DE_CHA_INTERDESIGN_22-1024x682.jpg.jpeg\" data-width=\"1024\" data-height=\"682\" aria-label=\"Portfolio | S\u00e3o Jo\u00e3o da Madeira Tea Salon\" role=\"img\" ><\/div>\n\t\t\t\t\t\t\t\t\t\t\t\t\t\t<\/a>\n\t\t\t\t\t\t\t<a class=\"e-gallery-item elementor-gallery-item elementor-animated-content\" href=\"https:\/\/interdesign.com.pt\/wp-content\/uploads\/2025\/11\/SALAO_DE_CHA_INTERDESIGN_23-1024x682.jpg.jpeg\" data-elementor-open-lightbox=\"yes\" data-elementor-lightbox-slideshow=\"0b9d115\" data-e-action-hash=\"#elementor-action%3Aaction%3Dlightbox%26settings%3DeyJpZCI6Njc3NTUsInVybCI6Imh0dHBzOlwvXC9pbnRlcmRlc2lnbi5jb20ucHRcL3dwLWNvbnRlbnRcL3VwbG9hZHNcLzIwMjVcLzExXC9TQUxBT19ERV9DSEFfSU5URVJERVNJR05fMjMtMTAyNHg2ODIuanBnLmpwZWciLCJzbGlkZXNob3ciOiIwYjlkMTE1In0%3D\">\n\t\t\t\t\t<div class=\"e-gallery-image elementor-gallery-item__image\" data-thumbnail=\"https:\/\/interdesign.com.pt\/wp-content\/uploads\/2025\/11\/SALAO_DE_CHA_INTERDESIGN_23-1024x682.jpg.jpeg\" data-width=\"1024\" data-height=\"682\" aria-label=\"Portfolio | S\u00e3o Jo\u00e3o da Madeira Tea Salon\" role=\"img\" ><\/div>\n\t\t\t\t\t\t\t\t\t\t\t\t\t\t<\/a>\n\t\t\t\t\t\t\t<a class=\"e-gallery-item elementor-gallery-item elementor-animated-content\" href=\"https:\/\/interdesign.com.pt\/wp-content\/uploads\/2025\/11\/SALAO_DE_CHA_INTERDESIGN_24-1024x682.jpg.jpeg\" data-elementor-open-lightbox=\"yes\" data-elementor-lightbox-slideshow=\"0b9d115\" data-e-action-hash=\"#elementor-action%3Aaction%3Dlightbox%26settings%3DeyJpZCI6Njc3NTYsInVybCI6Imh0dHBzOlwvXC9pbnRlcmRlc2lnbi5jb20ucHRcL3dwLWNvbnRlbnRcL3VwbG9hZHNcLzIwMjVcLzExXC9TQUxBT19ERV9DSEFfSU5URVJERVNJR05fMjQtMTAyNHg2ODIuanBnLmpwZWciLCJzbGlkZXNob3ciOiIwYjlkMTE1In0%3D\">\n\t\t\t\t\t<div class=\"e-gallery-image elementor-gallery-item__image\" data-thumbnail=\"https:\/\/interdesign.com.pt\/wp-content\/uploads\/2025\/11\/SALAO_DE_CHA_INTERDESIGN_24-1024x682.jpg.jpeg\" data-width=\"1024\" data-height=\"682\" aria-label=\"Portfolio | S\u00e3o Jo\u00e3o da Madeira Tea Salon\" role=\"img\" ><\/div>\n\t\t\t\t\t\t\t\t\t\t\t\t\t\t<\/a>\n\t\t\t\t\t\t\t<a class=\"e-gallery-item elementor-gallery-item elementor-animated-content\" href=\"https:\/\/interdesign.com.pt\/wp-content\/uploads\/2025\/11\/SALAO_DE_CHA_INTERDESIGN_25.jpg.jpeg\" data-elementor-open-lightbox=\"yes\" data-elementor-lightbox-slideshow=\"0b9d115\" data-e-action-hash=\"#elementor-action%3Aaction%3Dlightbox%26settings%3DeyJpZCI6Njc3NTcsInVybCI6Imh0dHBzOlwvXC9pbnRlcmRlc2lnbi5jb20ucHRcL3dwLWNvbnRlbnRcL3VwbG9hZHNcLzIwMjVcLzExXC9TQUxBT19ERV9DSEFfSU5URVJERVNJR05fMjUuanBnLmpwZWciLCJzbGlkZXNob3ciOiIwYjlkMTE1In0%3D\">\n\t\t\t\t\t<div class=\"e-gallery-image elementor-gallery-item__image\" data-thumbnail=\"https:\/\/interdesign.com.pt\/wp-content\/uploads\/2025\/11\/SALAO_DE_CHA_INTERDESIGN_25.jpg.jpeg\" data-width=\"1280\" data-height=\"1920\" aria-label=\"\" role=\"img\" ><\/div>\n\t\t\t\t\t\t\t\t\t\t\t\t\t\t<\/a>\n\t\t\t\t\t\t\t<a class=\"e-gallery-item elementor-gallery-item elementor-animated-content\" href=\"https:\/\/interdesign.com.pt\/wp-content\/uploads\/2025\/11\/SALAO_DE_CHA_INTERDESIGN_26.jpg.jpeg\" data-elementor-open-lightbox=\"yes\" data-elementor-lightbox-slideshow=\"0b9d115\" data-e-action-hash=\"#elementor-action%3Aaction%3Dlightbox%26settings%3DeyJpZCI6Njc3NTgsInVybCI6Imh0dHBzOlwvXC9pbnRlcmRlc2lnbi5jb20ucHRcL3dwLWNvbnRlbnRcL3VwbG9hZHNcLzIwMjVcLzExXC9TQUxBT19ERV9DSEFfSU5URVJERVNJR05fMjYuanBnLmpwZWciLCJzbGlkZXNob3ciOiIwYjlkMTE1In0%3D\">\n\t\t\t\t\t<div class=\"e-gallery-image elementor-gallery-item__image\" data-thumbnail=\"https:\/\/interdesign.com.pt\/wp-content\/uploads\/2025\/11\/SALAO_DE_CHA_INTERDESIGN_26.jpg.jpeg\" data-width=\"1920\" data-height=\"1280\" aria-label=\"\" role=\"img\" ><\/div>\n\t\t\t\t\t\t\t\t\t\t\t\t\t\t<\/a>\n\t\t\t\t\t\t\t<a class=\"e-gallery-item elementor-gallery-item elementor-animated-content\" href=\"https:\/\/interdesign.com.pt\/wp-content\/uploads\/2025\/11\/SALAO_DE_CHA_INTERDESIGN_2-1024x682.jpg.jpeg\" data-elementor-open-lightbox=\"yes\" data-elementor-lightbox-slideshow=\"0b9d115\" data-e-action-hash=\"#elementor-action%3Aaction%3Dlightbox%26settings%3DeyJpZCI6Njc3MzQsInVybCI6Imh0dHBzOlwvXC9pbnRlcmRlc2lnbi5jb20ucHRcL3dwLWNvbnRlbnRcL3VwbG9hZHNcLzIwMjVcLzExXC9TQUxBT19ERV9DSEFfSU5URVJERVNJR05fMi0xMDI0eDY4Mi5qcGcuanBlZyIsInNsaWRlc2hvdyI6IjBiOWQxMTUifQ%3D%3D\">\n\t\t\t\t\t<div class=\"e-gallery-image elementor-gallery-item__image\" data-thumbnail=\"https:\/\/interdesign.com.pt\/wp-content\/uploads\/2025\/11\/SALAO_DE_CHA_INTERDESIGN_2-1024x682.jpg.jpeg\" data-width=\"1024\" data-height=\"682\" aria-label=\"Portfolio | S\u00e3o Jo\u00e3o da Madeira Tea Salon\" role=\"img\" ><\/div>\n\t\t\t\t\t\t\t\t\t\t\t\t\t\t<\/a>\n\t\t\t\t\t\t\t<a class=\"e-gallery-item elementor-gallery-item elementor-animated-content\" href=\"https:\/\/interdesign.com.pt\/wp-content\/uploads\/2025\/11\/SALAO_DE_CHA_INTERDESIGN_3-1024x682.jpg.jpeg\" data-elementor-open-lightbox=\"yes\" data-elementor-lightbox-slideshow=\"0b9d115\" data-e-action-hash=\"#elementor-action%3Aaction%3Dlightbox%26settings%3DeyJpZCI6Njc3MzUsInVybCI6Imh0dHBzOlwvXC9pbnRlcmRlc2lnbi5jb20ucHRcL3dwLWNvbnRlbnRcL3VwbG9hZHNcLzIwMjVcLzExXC9TQUxBT19ERV9DSEFfSU5URVJERVNJR05fMy0xMDI0eDY4Mi5qcGcuanBlZyIsInNsaWRlc2hvdyI6IjBiOWQxMTUifQ%3D%3D\">\n\t\t\t\t\t<div class=\"e-gallery-image elementor-gallery-item__image\" data-thumbnail=\"https:\/\/interdesign.com.pt\/wp-content\/uploads\/2025\/11\/SALAO_DE_CHA_INTERDESIGN_3-1024x682.jpg.jpeg\" data-width=\"1024\" data-height=\"682\" aria-label=\"Portfolio | S\u00e3o Jo\u00e3o da Madeira Tea Salon\" role=\"img\" ><\/div>\n\t\t\t\t\t\t\t\t\t\t\t\t\t\t<\/a>\n\t\t\t\t\t<\/div>\n\t\t\t\t\t<\/div>\n\t\t\t\t<\/div>\n\t\t\t\t<\/div>\n\t\t\t\t<\/div>",
        "protected": false
    },
    "excerpt": {
        "rendered": "",
        "protected": false
    },
    "author": 1,
    "featured_media": 8963,
    "parent": 0,
    "template": "",
    "meta": {
        "_acf_changed": false,
        "footnotes": ""
    },
    "portfolio-category": [
        136,
        166
    ],
    "class_list": [
        "post-6265",
        "portfolio",
        "type-portfolio",
        "status-publish",
        "has-post-thumbnail",
        "hentry",
        "portfolio-category-contract",
        "portfolio-category-restaurants"
    ],
    "acf": [],
    "yoast_head": "<!-- This site is optimized with the Yoast SEO plugin v27.3 - https:\/\/yoast.com\/product\/yoast-seo-wordpress\/ -->\n<title>S\u00e3o Jo\u00e3o da Madeira Tea Salon - Interdesign<\/title>\n<meta name=\"description\" content=\"S\u00e3o Jo\u00e3o da Madeira Tea Salon is part of the Interdesign portfolio, a project combining creativity, precision, and tailored design.\" \/>\n<meta name=\"robots\" content=\"noindex, follow\" \/>\n<meta property=\"og:locale\" content=\"en_US\" \/>\n<meta property=\"og:type\" content=\"article\" \/>\n<meta property=\"og:title\" content=\"S\u00e3o Jo\u00e3o da Madeira Tea Salon - Interdesign\" \/>\n<meta property=\"og:description\" content=\"S\u00e3o Jo\u00e3o da Madeira Tea Salon is part of the Interdesign portfolio, a project combining creativity, precision, and tailored design.\" \/>\n<meta property=\"og:url\" content=\"https:\/\/interdesign.com.pt\/en\/portfolio\/sao-joao-da-madeira-tea-salon\/\" \/>\n<meta property=\"og:site_name\" content=\"Interdesign\" \/>\n<meta property=\"article:modified_time\" content=\"2026-04-13T11:39:41+00:00\" \/>\n<meta property=\"og:image\" content=\"https:\/\/interdesign.com.pt\/wp-content\/uploads\/2025\/05\/SALAO_DE_CHA_INTERDESIGN_26.jpg\" \/>\n\t<meta property=\"og:image:width\" content=\"1920\" \/>\n\t<meta property=\"og:image:height\" content=\"1280\" \/>\n\t<meta property=\"og:image:type\" content=\"image\/jpeg\" \/>\n<meta name=\"twitter:card\" content=\"summary_large_image\" \/>\n<meta name=\"twitter:title\" content=\"S\u00e3o Jo\u00e3o da Madeira Tea Salon - Interdesign\" \/>\n<meta name=\"twitter:image\" content=\"https:\/\/interdesign.com.pt\/wp-content\/uploads\/2025\/05\/SALAO_DE_CHA_INTERDESIGN_26.jpg\" \/>\n<meta name=\"twitter:label1\" content=\"Est. reading time\" \/>\n\t<meta name=\"twitter:data1\" content=\"1 minute\" \/>\n<script type=\"application\/ld+json\" class=\"yoast-schema-graph\">{\"@context\":\"https:\\\/\\\/schema.org\",\"@graph\":[{\"@type\":\"WebPage\",\"@id\":\"https:\\\/\\\/interdesign.com.pt\\\/en\\\/portfolio\\\/sao-joao-da-madeira-tea-salon\\\/\",\"url\":\"https:\\\/\\\/interdesign.com.pt\\\/en\\\/portfolio\\\/sao-joao-da-madeira-tea-salon\\\/\",\"name\":\"S\u00e3o Jo\u00e3o da Madeira Tea Salon - Interdesign\",\"isPartOf\":{\"@id\":\"https:\\\/\\\/interdesign.com.pt\\\/pt\\\/#website\"},\"primaryImageOfPage\":{\"@id\":\"https:\\\/\\\/interdesign.com.pt\\\/en\\\/portfolio\\\/sao-joao-da-madeira-tea-salon\\\/#primaryimage\"},\"image\":{\"@id\":\"https:\\\/\\\/interdesign.com.pt\\\/en\\\/portfolio\\\/sao-joao-da-madeira-tea-salon\\\/#primaryimage\"},\"thumbnailUrl\":\"https:\\\/\\\/interdesign.com.pt\\\/wp-content\\\/uploads\\\/2025\\\/05\\\/SALAO_DE_CHA_INTERDESIGN_26.jpg\",\"datePublished\":\"2018-05-10T16:43:34+00:00\",\"dateModified\":\"2026-04-13T11:39:41+00:00\",\"description\":\"S\u00e3o Jo\u00e3o da Madeira Tea Salon is part of the Interdesign portfolio, a project combining creativity, precision, and tailored design.\",\"breadcrumb\":{\"@id\":\"https:\\\/\\\/interdesign.com.pt\\\/en\\\/portfolio\\\/sao-joao-da-madeira-tea-salon\\\/#breadcrumb\"},\"inLanguage\":\"en-US\",\"potentialAction\":[{\"@type\":\"ReadAction\",\"target\":[\"https:\\\/\\\/interdesign.com.pt\\\/en\\\/portfolio\\\/sao-joao-da-madeira-tea-salon\\\/\"]}]},{\"@type\":\"ImageObject\",\"inLanguage\":\"en-US\",\"@id\":\"https:\\\/\\\/interdesign.com.pt\\\/en\\\/portfolio\\\/sao-joao-da-madeira-tea-salon\\\/#primaryimage\",\"url\":\"https:\\\/\\\/interdesign.com.pt\\\/wp-content\\\/uploads\\\/2025\\\/05\\\/SALAO_DE_CHA_INTERDESIGN_26.jpg\",\"contentUrl\":\"https:\\\/\\\/interdesign.com.pt\\\/wp-content\\\/uploads\\\/2025\\\/05\\\/SALAO_DE_CHA_INTERDESIGN_26.jpg\",\"width\":1920,\"height\":1280,\"caption\":\"Portf\u00f3lio | Projetos Contract | Sal\u00e3o de Ch\u00e1 S\u00e3o Jo\u00e3o da Madeira\"},{\"@type\":\"BreadcrumbList\",\"@id\":\"https:\\\/\\\/interdesign.com.pt\\\/en\\\/portfolio\\\/sao-joao-da-madeira-tea-salon\\\/#breadcrumb\",\"itemListElement\":[{\"@type\":\"ListItem\",\"position\":1,\"name\":\"Home\",\"item\":\"https:\\\/\\\/interdesign.com.pt\\\/\"},{\"@type\":\"ListItem\",\"position\":2,\"name\":\"S\u00e3o Jo\u00e3o da Madeira Tea Salon\"}]},{\"@type\":\"WebSite\",\"@id\":\"https:\\\/\\\/interdesign.com.pt\\\/pt\\\/#website\",\"url\":\"https:\\\/\\\/interdesign.com.pt\\\/pt\\\/\",\"name\":\"Interdesign\",\"description\":\"Mobili\u00e1rio, Interiores &amp; Decora\u00e7\u00e3o\",\"publisher\":{\"@id\":\"https:\\\/\\\/interdesign.com.pt\\\/pt\\\/#organization\"},\"potentialAction\":[{\"@type\":\"SearchAction\",\"target\":{\"@type\":\"EntryPoint\",\"urlTemplate\":\"https:\\\/\\\/interdesign.com.pt\\\/pt\\\/?s={search_term_string}\"},\"query-input\":{\"@type\":\"PropertyValueSpecification\",\"valueRequired\":true,\"valueName\":\"search_term_string\"}}],\"inLanguage\":\"en-US\"},{\"@type\":\"Organization\",\"@id\":\"https:\\\/\\\/interdesign.com.pt\\\/pt\\\/#organization\",\"name\":\"Interdesign\",\"url\":\"https:\\\/\\\/interdesign.com.pt\\\/pt\\\/\",\"logo\":{\"@type\":\"ImageObject\",\"inLanguage\":\"en-US\",\"@id\":\"https:\\\/\\\/interdesign.com.pt\\\/pt\\\/#\\\/schema\\\/logo\\\/image\\\/\",\"url\":\"https:\\\/\\\/interdesign.com.pt\\\/wp-content\\\/uploads\\\/2025\\\/03\\\/interdesign-logo.svg\",\"contentUrl\":\"https:\\\/\\\/interdesign.com.pt\\\/wp-content\\\/uploads\\\/2025\\\/03\\\/interdesign-logo.svg\",\"caption\":\"Interdesign\"},\"image\":{\"@id\":\"https:\\\/\\\/interdesign.com.pt\\\/pt\\\/#\\\/schema\\\/logo\\\/image\\\/\"}}]}<\/script>\n<!-- \/ Yoast SEO plugin. -->",
    "yoast_head_json": {
        "title": "S\u00e3o Jo\u00e3o da Madeira Tea Salon - Interdesign",
        "description": "S\u00e3o Jo\u00e3o da Madeira Tea Salon is part of the Interdesign portfolio, a project combining creativity, precision, and tailored design.",
        "robots": {
            "index": "noindex",
            "follow": "follow"
        },
        "og_locale": "en_US",
        "og_type": "article",
        "og_title": "S\u00e3o Jo\u00e3o da Madeira Tea Salon - Interdesign",
        "og_description": "S\u00e3o Jo\u00e3o da Madeira Tea Salon is part of the Interdesign portfolio, a project combining creativity, precision, and tailored design.",
        "og_url": "https:\/\/interdesign.com.pt\/en\/portfolio\/sao-joao-da-madeira-tea-salon\/",
        "og_site_name": "Interdesign",
        "article_modified_time": "2026-04-13T11:39:41+00:00",
        "og_image": [
            {
                "width": 1920,
                "height": 1280,
                "url": "https:\/\/interdesign.com.pt\/wp-content\/uploads\/2025\/05\/SALAO_DE_CHA_INTERDESIGN_26.jpg",
                "type": "image\/jpeg"
            }
        ],
        "twitter_card": "summary_large_image",
        "twitter_title": "S\u00e3o Jo\u00e3o da Madeira Tea Salon - Interdesign",
        "twitter_image": "https:\/\/interdesign.com.pt\/wp-content\/uploads\/2025\/05\/SALAO_DE_CHA_INTERDESIGN_26.jpg",
        "twitter_misc": {
            "Est. reading time": "1 minute"
        },
        "schema": {
            "@context": "https:\/\/schema.org",
            "@graph": [
                {
                    "@type": "WebPage",
                    "@id": "https:\/\/interdesign.com.pt\/en\/portfolio\/sao-joao-da-madeira-tea-salon\/",
                    "url": "https:\/\/interdesign.com.pt\/en\/portfolio\/sao-joao-da-madeira-tea-salon\/",
                    "name": "S\u00e3o Jo\u00e3o da Madeira Tea Salon - Interdesign",
                    "isPartOf": {
                        "@id": "https:\/\/interdesign.com.pt\/pt\/#website"
                    },
                    "primaryImageOfPage": {
                        "@id": "https:\/\/interdesign.com.pt\/en\/portfolio\/sao-joao-da-madeira-tea-salon\/#primaryimage"
                    },
                    "image": {
                        "@id": "https:\/\/interdesign.com.pt\/en\/portfolio\/sao-joao-da-madeira-tea-salon\/#primaryimage"
                    },
                    "thumbnailUrl": "https:\/\/interdesign.com.pt\/wp-content\/uploads\/2025\/05\/SALAO_DE_CHA_INTERDESIGN_26.jpg",
                    "datePublished": "2018-05-10T16:43:34+00:00",
                    "dateModified": "2026-04-13T11:39:41+00:00",
                    "description": "S\u00e3o Jo\u00e3o da Madeira Tea Salon is part of the Interdesign portfolio, a project combining creativity, precision, and tailored design.",
                    "breadcrumb": {
                        "@id": "https:\/\/interdesign.com.pt\/en\/portfolio\/sao-joao-da-madeira-tea-salon\/#breadcrumb"
                    },
                    "inLanguage": "en-US",
                    "potentialAction": [
                        {
                            "@type": "ReadAction",
                            "target": [
                                "https:\/\/interdesign.com.pt\/en\/portfolio\/sao-joao-da-madeira-tea-salon\/"
                            ]
                        }
                    ]
                },
                {
                    "@type": "ImageObject",
                    "inLanguage": "en-US",
                    "@id": "https:\/\/interdesign.com.pt\/en\/portfolio\/sao-joao-da-madeira-tea-salon\/#primaryimage",
                    "url": "https:\/\/interdesign.com.pt\/wp-content\/uploads\/2025\/05\/SALAO_DE_CHA_INTERDESIGN_26.jpg",
                    "contentUrl": "https:\/\/interdesign.com.pt\/wp-content\/uploads\/2025\/05\/SALAO_DE_CHA_INTERDESIGN_26.jpg",
                    "width": 1920,
                    "height": 1280,
                    "caption": "Portf\u00f3lio | Projetos Contract | Sal\u00e3o de Ch\u00e1 S\u00e3o Jo\u00e3o da Madeira"
                },
                {
                    "@type": "BreadcrumbList",
                    "@id": "https:\/\/interdesign.com.pt\/en\/portfolio\/sao-joao-da-madeira-tea-salon\/#breadcrumb",
                    "itemListElement": [
                        {
                            "@type": "ListItem",
                            "position": 1,
                            "name": "Home",
                            "item": "https:\/\/interdesign.com.pt\/"
                        },
                        {
                            "@type": "ListItem",
                            "position": 2,
                            "name": "S\u00e3o Jo\u00e3o da Madeira Tea Salon"
                        }
                    ]
                },
                {
                    "@type": "WebSite",
                    "@id": "https:\/\/interdesign.com.pt\/pt\/#website",
                    "url": "https:\/\/interdesign.com.pt\/pt\/",
                    "name": "Interdesign",
                    "description": "Mobili\u00e1rio, Interiores &amp; Decora\u00e7\u00e3o",
                    "publisher": {
                        "@id": "https:\/\/interdesign.com.pt\/pt\/#organization"
                    },
                    "potentialAction": [
                        {
                            "@type": "SearchAction",
                            "target": {
                                "@type": "EntryPoint",
                                "urlTemplate": "https:\/\/interdesign.com.pt\/pt\/?s={search_term_string}"
                            },
                            "query-input": {
                                "@type": "PropertyValueSpecification",
                                "valueRequired": true,
                                "valueName": "search_term_string"
                            }
                        }
                    ],
                    "inLanguage": "en-US"
                },
                {
                    "@type": "Organization",
                    "@id": "https:\/\/interdesign.com.pt\/pt\/#organization",
                    "name": "Interdesign",
                    "url": "https:\/\/interdesign.com.pt\/pt\/",
                    "logo": {
                        "@type": "ImageObject",
                        "inLanguage": "en-US",
                        "@id": "https:\/\/interdesign.com.pt\/pt\/#\/schema\/logo\/image\/",
                        "url": "https:\/\/interdesign.com.pt\/wp-content\/uploads\/2025\/03\/interdesign-logo.svg",
                        "contentUrl": "https:\/\/interdesign.com.pt\/wp-content\/uploads\/2025\/03\/interdesign-logo.svg",
                        "caption": "Interdesign"
                    },
                    "image": {
                        "@id": "https:\/\/interdesign.com.pt\/pt\/#\/schema\/logo\/image\/"
                    }
                }
            ]
        }
    },
    "_links": {
        "self": [
            {
                "href": "https:\/\/interdesign.com.pt\/en\/wp-json\/wp\/v2\/portfolio\/6265",
                "targetHints": {
                    "allow": [
                        "GET"
                    ]
                }
            }
        ],
        "collection": [
            {
                "href": "https:\/\/interdesign.com.pt\/en\/wp-json\/wp\/v2\/portfolio"
            }
        ],
        "about": [
            {
                "href": "https:\/\/interdesign.com.pt\/en\/wp-json\/wp\/v2\/types\/portfolio"
            }
        ],
        "author": [
            {
                "embeddable": true,
                "href": "https:\/\/interdesign.com.pt\/en\/wp-json\/wp\/v2\/users\/1"
            }
        ],
        "version-history": [
            {
                "count": 20,
                "href": "https:\/\/interdesign.com.pt\/en\/wp-json\/wp\/v2\/portfolio\/6265\/revisions"
            }
        ],
        "predecessor-version": [
            {
                "id": 69151,
                "href": "https:\/\/interdesign.com.pt\/en\/wp-json\/wp\/v2\/portfolio\/6265\/revisions\/69151"
            }
        ],
        "wp:featuredmedia": [
            {
                "embeddable": true,
                "href": "https:\/\/interdesign.com.pt\/en\/wp-json\/wp\/v2\/media\/8963"
            }
        ],
        "wp:attachment": [
            {
                "href": "https:\/\/interdesign.com.pt\/en\/wp-json\/wp\/v2\/media?parent=6265"
            }
        ],
        "wp:term": [
            {
                "taxonomy": "portfolio-category",
                "embeddable": true,
                "href": "https:\/\/interdesign.com.pt\/en\/wp-json\/wp\/v2\/portfolio-category?post=6265"
            }
        ],
        "curies": [
            {
                "name": "wp",
                "href": "https:\/\/api.w.org\/{rel}",
                "templated": true
            }
        ]
    }
}