{
    "id": 9563,
    "date": "2025-08-09T13:50:25",
    "date_gmt": "2025-08-09T13:50:25",
    "guid": {
        "rendered": "https:\/\/interdesign.ad-pulse.com\/?p=9563"
    },
    "modified": "2026-01-09T15:13:45",
    "modified_gmt": "2026-01-09T15:13:45",
    "slug": "destak-real-estate-an-interdesign-project",
    "status": "publish",
    "type": "post",
    "link": "https:\/\/interdesign.com.pt\/en\/destak-real-estate-an-interdesign-project\/",
    "title": {
        "rendered": "Destak Real Estate, an Interdesign Project"
    },
    "content": {
        "rendered": "<div data-elementor-type=\"wp-post\" data-elementor-id=\"9563\" class=\"elementor elementor-9563\" data-elementor-post-type=\"post\">\n\t\t\t\t<div class=\"elementor-element elementor-element-62f24cc e-con-full e-flex e-con e-parent\" data-id=\"62f24cc\" data-element_type=\"container\" data-e-type=\"container\">\n\t\t\t\t<div class=\"elementor-element elementor-element-c7d590c elementor-pagination-position-outside elementor-widget elementor-widget-image-carousel\" data-id=\"c7d590c\" data-element_type=\"widget\" data-e-type=\"widget\" data-settings=\"{&quot;navigation&quot;:&quot;dots&quot;,&quot;lazyload&quot;:&quot;yes&quot;,&quot;slides_to_show&quot;:&quot;2&quot;,&quot;slides_to_show_laptop&quot;:&quot;2&quot;,&quot;infinite&quot;:&quot;yes&quot;,&quot;speed&quot;:500,&quot;image_spacing_custom&quot;:{&quot;unit&quot;:&quot;px&quot;,&quot;size&quot;:20,&quot;sizes&quot;:[]},&quot;image_spacing_custom_laptop&quot;:{&quot;unit&quot;:&quot;px&quot;,&quot;size&quot;:&quot;&quot;,&quot;sizes&quot;:[]},&quot;image_spacing_custom_tablet&quot;:{&quot;unit&quot;:&quot;px&quot;,&quot;size&quot;:&quot;&quot;,&quot;sizes&quot;:[]},&quot;image_spacing_custom_mobile&quot;:{&quot;unit&quot;:&quot;px&quot;,&quot;size&quot;:&quot;&quot;,&quot;sizes&quot;:[]}}\" data-widget_type=\"image-carousel.default\">\n\t\t\t\t<div class=\"elementor-widget-container\">\n\t\t\t\t\t\t\t<div class=\"elementor-image-carousel-wrapper swiper\" role=\"region\" aria-roledescription=\"carousel\" aria-label=\"Image Carousel\" dir=\"ltr\">\n\t\t\t<div class=\"elementor-image-carousel swiper-wrapper swiper-image-stretch\" aria-live=\"polite\">\n\t\t\t\t\t\t\t\t<div class=\"swiper-slide\" role=\"group\" aria-roledescription=\"slide\" aria-label=\"1 of 4\"><a data-elementor-open-lightbox=\"yes\" data-elementor-lightbox-slideshow=\"c7d590c\" data-e-action-hash=\"#elementor-action%3Aaction%3Dlightbox%26settings%3DeyJpZCI6OTU2NywidXJsIjoiaHR0cHM6XC9cL2ludGVyZGVzaWduLmNvbS5wdFwvd3AtY29udGVudFwvdXBsb2Fkc1wvMjAyNVwvMDlcL2ltb2JpbGlhcmlhX2Rlc3Rha19pbnRlcmRlc2lnbl8xLmpwZyIsInNsaWRlc2hvdyI6ImM3ZDU5MGMifQ%3D%3D\" href=\"https:\/\/interdesign.com.pt\/wp-content\/uploads\/2025\/09\/imobiliaria_destak_interdesign_1.jpg\"><figure class=\"swiper-slide-inner\"><img class=\"swiper-slide-image swiper-lazy\" data-src=\"https:\/\/interdesign.com.pt\/wp-content\/uploads\/2025\/09\/imobiliaria_destak_interdesign_1.jpg\" alt=\"imobiliaria_destak_interdesign_1\" \/><div class=\"swiper-lazy-preloader\"><\/div><\/figure><\/a><\/div><div class=\"swiper-slide\" role=\"group\" aria-roledescription=\"slide\" aria-label=\"2 of 4\"><a data-elementor-open-lightbox=\"yes\" data-elementor-lightbox-slideshow=\"c7d590c\" data-e-action-hash=\"#elementor-action%3Aaction%3Dlightbox%26settings%3DeyJpZCI6OTU3MCwidXJsIjoiaHR0cHM6XC9cL2ludGVyZGVzaWduLmNvbS5wdFwvd3AtY29udGVudFwvdXBsb2Fkc1wvMjAyNVwvMDlcL2ltb2JpbGlhcmlhX2Rlc3Rha19pbnRlcmRlc2lnbl8yLmpwZyIsInNsaWRlc2hvdyI6ImM3ZDU5MGMifQ%3D%3D\" href=\"https:\/\/interdesign.com.pt\/wp-content\/uploads\/2025\/09\/imobiliaria_destak_interdesign_2.jpg\"><figure class=\"swiper-slide-inner\"><img class=\"swiper-slide-image swiper-lazy\" data-src=\"https:\/\/interdesign.com.pt\/wp-content\/uploads\/2025\/09\/imobiliaria_destak_interdesign_2.jpg\" alt=\"imobiliaria_destak_interdesign_2\" \/><div class=\"swiper-lazy-preloader\"><\/div><\/figure><\/a><\/div><div class=\"swiper-slide\" role=\"group\" aria-roledescription=\"slide\" aria-label=\"3 of 4\"><a data-elementor-open-lightbox=\"yes\" data-elementor-lightbox-slideshow=\"c7d590c\" data-e-action-hash=\"#elementor-action%3Aaction%3Dlightbox%26settings%3DeyJpZCI6OTU3NCwidXJsIjoiaHR0cHM6XC9cL2ludGVyZGVzaWduLmNvbS5wdFwvd3AtY29udGVudFwvdXBsb2Fkc1wvMjAyNVwvMDlcL2ltb2JpbGlhcmlhX2Rlc3Rha19pbnRlcmRlc2lnbl8zLmpwZyIsInNsaWRlc2hvdyI6ImM3ZDU5MGMifQ%3D%3D\" href=\"https:\/\/interdesign.com.pt\/wp-content\/uploads\/2025\/09\/imobiliaria_destak_interdesign_3.jpg\"><figure class=\"swiper-slide-inner\"><img class=\"swiper-slide-image swiper-lazy\" data-src=\"https:\/\/interdesign.com.pt\/wp-content\/uploads\/2025\/09\/imobiliaria_destak_interdesign_3.jpg\" alt=\"Offices | Interdesign\" \/><div class=\"swiper-lazy-preloader\"><\/div><\/figure><\/a><\/div><div class=\"swiper-slide\" role=\"group\" aria-roledescription=\"slide\" aria-label=\"4 of 4\"><a data-elementor-open-lightbox=\"yes\" data-elementor-lightbox-slideshow=\"c7d590c\" data-e-action-hash=\"#elementor-action%3Aaction%3Dlightbox%26settings%3DeyJpZCI6ODQyNywidXJsIjoiaHR0cHM6XC9cL2ludGVyZGVzaWduLmNvbS5wdFwvd3AtY29udGVudFwvdXBsb2Fkc1wvMjAyNVwvMDdcLzIwMjIwOTA1LUlOVEVSREVTSUdOLUVTQ1JJVE9SSU8tREVTVEFLLVZJU0VVLTAyMC02ODN4MTAyNC0xLmpwZyIsInNsaWRlc2hvdyI6ImM3ZDU5MGMifQ%3D%3D\" href=\"https:\/\/interdesign.com.pt\/wp-content\/uploads\/2025\/07\/20220905-INTERDESIGN-ESCRITORIO-DESTAK-VISEU-020-683x1024-1.jpg\"><figure class=\"swiper-slide-inner\"><img class=\"swiper-slide-image swiper-lazy\" data-src=\"https:\/\/interdesign.com.pt\/wp-content\/uploads\/2025\/07\/20220905-INTERDESIGN-ESCRITORIO-DESTAK-VISEU-020-683x1024-1.jpg\" alt=\"Escritorios Imobiliaria Destak em Viseu com Interiores de Interdesign e fotografias de Ivo Tavares Studio\" \/><div class=\"swiper-lazy-preloader\"><\/div><\/figure><\/a><\/div>\t\t\t<\/div>\n\t\t\t\t\t\t\t\n\t\t\t\t\t\t\t\t\t<div class=\"swiper-pagination\"><\/div>\n\t\t\t\t\t\t\t\t\t<\/div>\n\t\t\t\t\t\t<\/div>\n\t\t\t\t<\/div>\n\t\t\t\t<div class=\"elementor-element elementor-element-8a02190 elementor-widget__width-initial elementor-widget-laptop__width-inherit elementor-widget-tablet__width-inherit elementor-widget elementor-widget-text-editor\" data-id=\"8a02190\" data-element_type=\"widget\" data-e-type=\"widget\" data-widget_type=\"text-editor.default\">\n\t\t\t\t<div class=\"elementor-widget-container\">\n\t\t\t\t\t\t\t\t\t<p>To divide the rooms, we chose to use black screens with contemporary lines. An unexpected way to define different areas, create a sense of openness, and surprise with sophistication.<\/p><p>The rooms were furnished with the white Candy Desk for a clean atmosphere, contrasting with the vibrant rhythm of the red Egoist Pouf.<\/p><p>In the meeting room, we combined the Pandora table with Silk chairs, the statement pieces of the space. As support, the White sideboard was added, and the walls were decorated with two canvases that fill the room, making it more welcoming.<\/p><p>Destak Real Estate challenged us to make their offices more welcoming and functional. A business card for those looking for a new home.<\/p><p>The entrance of the space plays a fundamental role, as it is where we create our first impression, which is why we wanted to give the real estate agency\u2019s reception a strong look. We designed a fully customized service desk in shades of red and black, a color palette that defines the entire project. We complemented it with the imposing Bow Armchair and the Adore ceiling lamp for lighting.<\/p><p>The various decorative details were strategically designed to make the space spacious, light, and practical.<\/p>\t\t\t\t\t\t\t\t<\/div>\n\t\t\t\t<\/div>\n\t\t\t\t<div class=\"elementor-element elementor-element-9ae89f1 elementor-pagination-position-outside elementor-widget elementor-widget-image-carousel\" data-id=\"9ae89f1\" data-element_type=\"widget\" data-e-type=\"widget\" data-settings=\"{&quot;navigation&quot;:&quot;dots&quot;,&quot;lazyload&quot;:&quot;yes&quot;,&quot;slides_to_show&quot;:&quot;2&quot;,&quot;slides_to_show_laptop&quot;:&quot;2&quot;,&quot;infinite&quot;:&quot;yes&quot;,&quot;speed&quot;:500,&quot;image_spacing_custom&quot;:{&quot;unit&quot;:&quot;px&quot;,&quot;size&quot;:20,&quot;sizes&quot;:[]},&quot;image_spacing_custom_laptop&quot;:{&quot;unit&quot;:&quot;px&quot;,&quot;size&quot;:&quot;&quot;,&quot;sizes&quot;:[]},&quot;image_spacing_custom_tablet&quot;:{&quot;unit&quot;:&quot;px&quot;,&quot;size&quot;:&quot;&quot;,&quot;sizes&quot;:[]},&quot;image_spacing_custom_mobile&quot;:{&quot;unit&quot;:&quot;px&quot;,&quot;size&quot;:&quot;&quot;,&quot;sizes&quot;:[]}}\" data-widget_type=\"image-carousel.default\">\n\t\t\t\t<div class=\"elementor-widget-container\">\n\t\t\t\t\t\t\t<div class=\"elementor-image-carousel-wrapper swiper\" role=\"region\" aria-roledescription=\"carousel\" aria-label=\"Image Carousel\" dir=\"ltr\">\n\t\t\t<div class=\"elementor-image-carousel swiper-wrapper swiper-image-stretch\" aria-live=\"polite\">\n\t\t\t\t\t\t\t\t<div class=\"swiper-slide\" role=\"group\" aria-roledescription=\"slide\" aria-label=\"1 of 3\"><a data-elementor-open-lightbox=\"yes\" data-elementor-lightbox-slideshow=\"9ae89f1\" data-e-action-hash=\"#elementor-action%3Aaction%3Dlightbox%26settings%3DeyJpZCI6OTU4MCwidXJsIjoiaHR0cHM6XC9cL2ludGVyZGVzaWduLmNvbS5wdFwvd3AtY29udGVudFwvdXBsb2Fkc1wvMjAyNVwvMDhcL2ltb2JpbGlhcmlhX2Rlc3Rha19pbnRlcmRlc2lnbl80LmpwZyIsInNsaWRlc2hvdyI6IjlhZTg5ZjEifQ%3D%3D\" href=\"https:\/\/interdesign.com.pt\/wp-content\/uploads\/2025\/08\/imobiliaria_destak_interdesign_4.jpg\"><figure class=\"swiper-slide-inner\"><img class=\"swiper-slide-image swiper-lazy\" data-src=\"https:\/\/interdesign.com.pt\/wp-content\/uploads\/2025\/08\/imobiliaria_destak_interdesign_4.jpg\" alt=\"imobiliaria_destak_interdesign_4\" \/><div class=\"swiper-lazy-preloader\"><\/div><\/figure><\/a><\/div><div class=\"swiper-slide\" role=\"group\" aria-roledescription=\"slide\" aria-label=\"2 of 3\"><a data-elementor-open-lightbox=\"yes\" data-elementor-lightbox-slideshow=\"9ae89f1\" data-e-action-hash=\"#elementor-action%3Aaction%3Dlightbox%26settings%3DeyJpZCI6OTU4MSwidXJsIjoiaHR0cHM6XC9cL2ludGVyZGVzaWduLmNvbS5wdFwvd3AtY29udGVudFwvdXBsb2Fkc1wvMjAyNVwvMDhcL2ltb2JpbGlhcmlhX2Rlc3Rha19pbnRlcmRlc2lnbl81LmpwZyIsInNsaWRlc2hvdyI6IjlhZTg5ZjEifQ%3D%3D\" href=\"https:\/\/interdesign.com.pt\/wp-content\/uploads\/2025\/08\/imobiliaria_destak_interdesign_5.jpg\"><figure class=\"swiper-slide-inner\"><img class=\"swiper-slide-image swiper-lazy\" data-src=\"https:\/\/interdesign.com.pt\/wp-content\/uploads\/2025\/08\/imobiliaria_destak_interdesign_5.jpg\" alt=\"imobiliaria_destak_interdesign_5\" \/><div class=\"swiper-lazy-preloader\"><\/div><\/figure><\/a><\/div><div class=\"swiper-slide\" role=\"group\" aria-roledescription=\"slide\" aria-label=\"3 of 3\"><a data-elementor-open-lightbox=\"yes\" data-elementor-lightbox-slideshow=\"9ae89f1\" data-e-action-hash=\"#elementor-action%3Aaction%3Dlightbox%26settings%3DeyJpZCI6ODk0NiwidXJsIjoiaHR0cHM6XC9cL2ludGVyZGVzaWduLmNvbS5wdFwvd3AtY29udGVudFwvdXBsb2Fkc1wvMjAyNVwvMDVcL2Rlc3Rha19lc2NyaXRvcmlvcy5qcGciLCJzbGlkZXNob3ciOiI5YWU4OWYxIn0%3D\" href=\"https:\/\/interdesign.com.pt\/wp-content\/uploads\/2025\/05\/destak_escritorios.jpg\"><figure class=\"swiper-slide-inner\"><img class=\"swiper-slide-image swiper-lazy\" data-src=\"https:\/\/interdesign.com.pt\/wp-content\/uploads\/2025\/05\/destak_escritorios.jpg\" alt=\"Portf\u00f3lio | Projetos Contract | Imobili\u00e1ria Destak Viseu\" \/><div class=\"swiper-lazy-preloader\"><\/div><\/figure><\/a><\/div>\t\t\t<\/div>\n\t\t\t\t\t\t\t\n\t\t\t\t\t\t\t\t\t<div class=\"swiper-pagination\"><\/div>\n\t\t\t\t\t\t\t\t\t<\/div>\n\t\t\t\t\t\t<\/div>\n\t\t\t\t<\/div>\n\t\t\t\t<div class=\"elementor-element elementor-element-1addbda elementor-widget__width-initial elementor-widget-laptop__width-inherit elementor-widget-tablet__width-inherit elementor-widget elementor-widget-text-editor\" data-id=\"1addbda\" data-element_type=\"widget\" data-e-type=\"widget\" data-widget_type=\"text-editor.default\">\n\t\t\t\t<div class=\"elementor-widget-container\">\n\t\t\t\t\t\t\t\t\t<p>Did you like the final result? We have every reason to be proud, don\u2019t you agree? If you have a space that needs renovation, visit us in one of our stores.<\/p><p>We look forward to seeing you!<\/p>\t\t\t\t\t\t\t\t<\/div>\n\t\t\t\t<\/div>\n\t\t\t\t<\/div>\n\t\t\t\t<\/div>",
        "protected": false
    },
    "excerpt": {
        "rendered": "<p>Creating the complete decoration of a home tailored to our clients is what motivates us and holds a special place in our hearts.<\/p>",
        "protected": false
    },
    "author": 1,
    "featured_media": 9564,
    "comment_status": "closed",
    "ping_status": "open",
    "sticky": false,
    "template": "",
    "format": "standard",
    "meta": {
        "_acf_changed": false,
        "footnotes": ""
    },
    "categories": [
        33
    ],
    "tags": [],
    "class_list": [
        "post-9563",
        "post",
        "type-post",
        "status-publish",
        "format-standard",
        "has-post-thumbnail",
        "hentry",
        "category-collabs"
    ],
    "acf": [],
    "yoast_head": "<!-- This site is optimized with the Yoast SEO plugin v27.3 - https:\/\/yoast.com\/product\/yoast-seo-wordpress\/ -->\n<title>Destak Real Estate, an Interdesign Project - Interdesign<\/title>\n<meta name=\"description\" content=\"Destak Real Estate challenged us to make their offices more welcoming and functional \u2014 a true calling card for those looking for a new home.\" \/>\n<meta name=\"robots\" content=\"index, follow, max-snippet:-1, max-image-preview:large, max-video-preview:-1\" \/>\n<link rel=\"canonical\" href=\"https:\/\/interdesign.com.pt\/en\/destak-real-estate-an-interdesign-project\/\" \/>\n<meta property=\"og:locale\" content=\"en_US\" \/>\n<meta property=\"og:type\" content=\"article\" \/>\n<meta property=\"og:title\" content=\"Destak Real Estate, an Interdesign Project - Interdesign\" \/>\n<meta property=\"og:description\" content=\"Destak Real Estate challenged us to make their offices more welcoming and functional \u2014 a true calling card for those looking for a new home.\" \/>\n<meta property=\"og:url\" content=\"https:\/\/interdesign.com.pt\/en\/destak-real-estate-an-interdesign-project\/\" \/>\n<meta property=\"og:site_name\" content=\"Interdesign\" \/>\n<meta property=\"article:published_time\" content=\"2025-08-09T13:50:25+00:00\" \/>\n<meta property=\"article:modified_time\" content=\"2026-01-09T15:13:45+00:00\" \/>\n<meta property=\"og:image\" content=\"https:\/\/interdesign.com.pt\/wp-content\/uploads\/2025\/09\/imobiliaria_destak_interdesign_blog2.gif\" \/>\n\t<meta property=\"og:image:width\" content=\"900\" \/>\n\t<meta property=\"og:image:height\" content=\"935\" \/>\n\t<meta property=\"og:image:type\" content=\"image\/gif\" \/>\n<meta name=\"author\" content=\"catia\" \/>\n<meta name=\"twitter:card\" content=\"summary_large_image\" \/>\n<meta name=\"twitter:title\" content=\"Destak Real Estate, an Interdesign Project - Interdesign\" \/>\n<meta name=\"twitter:description\" content=\"Destak Real Estate challenged us to make their offices more welcoming and functional \u2014 a true calling card for those looking for a new home.\" \/>\n<meta name=\"twitter:image\" content=\"https:\/\/interdesign.com.pt\/wp-content\/uploads\/2025\/09\/imobiliaria_destak_interdesign_blog2.gif\" \/>\n<meta name=\"twitter:label1\" content=\"Written by\" \/>\n\t<meta name=\"twitter:data1\" content=\"catia\" \/>\n\t<meta name=\"twitter:label2\" content=\"Est. reading time\" \/>\n\t<meta name=\"twitter:data2\" content=\"5 minutes\" \/>\n<script type=\"application\/ld+json\" class=\"yoast-schema-graph\">{\"@context\":\"https:\\\/\\\/schema.org\",\"@graph\":[{\"@type\":\"Article\",\"@id\":\"https:\\\/\\\/interdesign.com.pt\\\/pt\\\/destak-real-estate-an-interdesign-project\\\/#article\",\"isPartOf\":{\"@id\":\"https:\\\/\\\/interdesign.com.pt\\\/pt\\\/destak-real-estate-an-interdesign-project\\\/\"},\"author\":{\"name\":\"catia\",\"@id\":\"https:\\\/\\\/interdesign.com.pt\\\/pt\\\/#\\\/schema\\\/person\\\/3c9d2ae5115cbe89e0250d293cfdaa5b\"},\"headline\":\"Destak Real Estate, an Interdesign Project\",\"datePublished\":\"2025-08-09T13:50:25+00:00\",\"dateModified\":\"2026-01-09T15:13:45+00:00\",\"mainEntityOfPage\":{\"@id\":\"https:\\\/\\\/interdesign.com.pt\\\/pt\\\/destak-real-estate-an-interdesign-project\\\/\"},\"wordCount\":245,\"publisher\":{\"@id\":\"https:\\\/\\\/interdesign.com.pt\\\/pt\\\/#organization\"},\"image\":{\"@id\":\"https:\\\/\\\/interdesign.com.pt\\\/pt\\\/destak-real-estate-an-interdesign-project\\\/#primaryimage\"},\"thumbnailUrl\":\"https:\\\/\\\/interdesign.com.pt\\\/wp-content\\\/uploads\\\/2025\\\/09\\\/imobiliaria_destak_interdesign_blog2.gif\",\"articleSection\":[\"Collabs\"],\"inLanguage\":\"en-US\"},{\"@type\":\"WebPage\",\"@id\":\"https:\\\/\\\/interdesign.com.pt\\\/pt\\\/destak-real-estate-an-interdesign-project\\\/\",\"url\":\"https:\\\/\\\/interdesign.com.pt\\\/pt\\\/destak-real-estate-an-interdesign-project\\\/\",\"name\":\"Destak Real Estate, an Interdesign Project - Interdesign\",\"isPartOf\":{\"@id\":\"https:\\\/\\\/interdesign.com.pt\\\/pt\\\/#website\"},\"primaryImageOfPage\":{\"@id\":\"https:\\\/\\\/interdesign.com.pt\\\/pt\\\/destak-real-estate-an-interdesign-project\\\/#primaryimage\"},\"image\":{\"@id\":\"https:\\\/\\\/interdesign.com.pt\\\/pt\\\/destak-real-estate-an-interdesign-project\\\/#primaryimage\"},\"thumbnailUrl\":\"https:\\\/\\\/interdesign.com.pt\\\/wp-content\\\/uploads\\\/2025\\\/09\\\/imobiliaria_destak_interdesign_blog2.gif\",\"datePublished\":\"2025-08-09T13:50:25+00:00\",\"dateModified\":\"2026-01-09T15:13:45+00:00\",\"description\":\"Destak Real Estate challenged us to make their offices more welcoming and functional \u2014 a true calling card for those looking for a new home.\",\"breadcrumb\":{\"@id\":\"https:\\\/\\\/interdesign.com.pt\\\/pt\\\/destak-real-estate-an-interdesign-project\\\/#breadcrumb\"},\"inLanguage\":\"en-US\",\"potentialAction\":[{\"@type\":\"ReadAction\",\"target\":[\"https:\\\/\\\/interdesign.com.pt\\\/pt\\\/destak-real-estate-an-interdesign-project\\\/\"]}]},{\"@type\":\"ImageObject\",\"inLanguage\":\"en-US\",\"@id\":\"https:\\\/\\\/interdesign.com.pt\\\/pt\\\/destak-real-estate-an-interdesign-project\\\/#primaryimage\",\"url\":\"https:\\\/\\\/interdesign.com.pt\\\/wp-content\\\/uploads\\\/2025\\\/09\\\/imobiliaria_destak_interdesign_blog2.gif\",\"contentUrl\":\"https:\\\/\\\/interdesign.com.pt\\\/wp-content\\\/uploads\\\/2025\\\/09\\\/imobiliaria_destak_interdesign_blog2.gif\",\"width\":900,\"height\":935,\"caption\":\"Blog | Imobili\u00e1ria Destak, um Projeto Interdesign\"},{\"@type\":\"BreadcrumbList\",\"@id\":\"https:\\\/\\\/interdesign.com.pt\\\/pt\\\/destak-real-estate-an-interdesign-project\\\/#breadcrumb\",\"itemListElement\":[{\"@type\":\"ListItem\",\"position\":1,\"name\":\"Home\",\"item\":\"https:\\\/\\\/interdesign.com.pt\\\/\"},{\"@type\":\"ListItem\",\"position\":2,\"name\":\"Destak Real Estate, an Interdesign Project\"}]},{\"@type\":\"WebSite\",\"@id\":\"https:\\\/\\\/interdesign.com.pt\\\/pt\\\/#website\",\"url\":\"https:\\\/\\\/interdesign.com.pt\\\/pt\\\/\",\"name\":\"Interdesign\",\"description\":\"Mobili\u00e1rio, Interiores &amp; Decora\u00e7\u00e3o\",\"publisher\":{\"@id\":\"https:\\\/\\\/interdesign.com.pt\\\/pt\\\/#organization\"},\"potentialAction\":[{\"@type\":\"SearchAction\",\"target\":{\"@type\":\"EntryPoint\",\"urlTemplate\":\"https:\\\/\\\/interdesign.com.pt\\\/pt\\\/?s={search_term_string}\"},\"query-input\":{\"@type\":\"PropertyValueSpecification\",\"valueRequired\":true,\"valueName\":\"search_term_string\"}}],\"inLanguage\":\"en-US\"},{\"@type\":\"Organization\",\"@id\":\"https:\\\/\\\/interdesign.com.pt\\\/pt\\\/#organization\",\"name\":\"Interdesign\",\"url\":\"https:\\\/\\\/interdesign.com.pt\\\/pt\\\/\",\"logo\":{\"@type\":\"ImageObject\",\"inLanguage\":\"en-US\",\"@id\":\"https:\\\/\\\/interdesign.com.pt\\\/pt\\\/#\\\/schema\\\/logo\\\/image\\\/\",\"url\":\"https:\\\/\\\/interdesign.com.pt\\\/wp-content\\\/uploads\\\/2025\\\/03\\\/interdesign-logo.svg\",\"contentUrl\":\"https:\\\/\\\/interdesign.com.pt\\\/wp-content\\\/uploads\\\/2025\\\/03\\\/interdesign-logo.svg\",\"caption\":\"Interdesign\"},\"image\":{\"@id\":\"https:\\\/\\\/interdesign.com.pt\\\/pt\\\/#\\\/schema\\\/logo\\\/image\\\/\"}},{\"@type\":\"Person\",\"@id\":\"https:\\\/\\\/interdesign.com.pt\\\/pt\\\/#\\\/schema\\\/person\\\/3c9d2ae5115cbe89e0250d293cfdaa5b\",\"name\":\"catia\",\"url\":\"https:\\\/\\\/interdesign.com.pt\\\/en\\\/author\\\/catia\\\/\"}]}<\/script>\n<!-- \/ Yoast SEO plugin. -->",
    "yoast_head_json": {
        "title": "Destak Real Estate, an Interdesign Project - Interdesign",
        "description": "Destak Real Estate challenged us to make their offices more welcoming and functional \u2014 a true calling card for those looking for a new home.",
        "robots": {
            "index": "index",
            "follow": "follow",
            "max-snippet": "max-snippet:-1",
            "max-image-preview": "max-image-preview:large",
            "max-video-preview": "max-video-preview:-1"
        },
        "canonical": "https:\/\/interdesign.com.pt\/en\/destak-real-estate-an-interdesign-project\/",
        "og_locale": "en_US",
        "og_type": "article",
        "og_title": "Destak Real Estate, an Interdesign Project - Interdesign",
        "og_description": "Destak Real Estate challenged us to make their offices more welcoming and functional \u2014 a true calling card for those looking for a new home.",
        "og_url": "https:\/\/interdesign.com.pt\/en\/destak-real-estate-an-interdesign-project\/",
        "og_site_name": "Interdesign",
        "article_published_time": "2025-08-09T13:50:25+00:00",
        "article_modified_time": "2026-01-09T15:13:45+00:00",
        "og_image": [
            {
                "width": 900,
                "height": 935,
                "url": "https:\/\/interdesign.com.pt\/wp-content\/uploads\/2025\/09\/imobiliaria_destak_interdesign_blog2.gif",
                "type": "image\/gif"
            }
        ],
        "author": "catia",
        "twitter_card": "summary_large_image",
        "twitter_title": "Destak Real Estate, an Interdesign Project - Interdesign",
        "twitter_description": "Destak Real Estate challenged us to make their offices more welcoming and functional \u2014 a true calling card for those looking for a new home.",
        "twitter_image": "https:\/\/interdesign.com.pt\/wp-content\/uploads\/2025\/09\/imobiliaria_destak_interdesign_blog2.gif",
        "twitter_misc": {
            "Written by": "catia",
            "Est. reading time": "5 minutes"
        },
        "schema": {
            "@context": "https:\/\/schema.org",
            "@graph": [
                {
                    "@type": "Article",
                    "@id": "https:\/\/interdesign.com.pt\/pt\/destak-real-estate-an-interdesign-project\/#article",
                    "isPartOf": {
                        "@id": "https:\/\/interdesign.com.pt\/pt\/destak-real-estate-an-interdesign-project\/"
                    },
                    "author": {
                        "name": "catia",
                        "@id": "https:\/\/interdesign.com.pt\/pt\/#\/schema\/person\/3c9d2ae5115cbe89e0250d293cfdaa5b"
                    },
                    "headline": "Destak Real Estate, an Interdesign Project",
                    "datePublished": "2025-08-09T13:50:25+00:00",
                    "dateModified": "2026-01-09T15:13:45+00:00",
                    "mainEntityOfPage": {
                        "@id": "https:\/\/interdesign.com.pt\/pt\/destak-real-estate-an-interdesign-project\/"
                    },
                    "wordCount": 245,
                    "publisher": {
                        "@id": "https:\/\/interdesign.com.pt\/pt\/#organization"
                    },
                    "image": {
                        "@id": "https:\/\/interdesign.com.pt\/pt\/destak-real-estate-an-interdesign-project\/#primaryimage"
                    },
                    "thumbnailUrl": "https:\/\/interdesign.com.pt\/wp-content\/uploads\/2025\/09\/imobiliaria_destak_interdesign_blog2.gif",
                    "articleSection": [
                        "Collabs"
                    ],
                    "inLanguage": "en-US"
                },
                {
                    "@type": "WebPage",
                    "@id": "https:\/\/interdesign.com.pt\/pt\/destak-real-estate-an-interdesign-project\/",
                    "url": "https:\/\/interdesign.com.pt\/pt\/destak-real-estate-an-interdesign-project\/",
                    "name": "Destak Real Estate, an Interdesign Project - Interdesign",
                    "isPartOf": {
                        "@id": "https:\/\/interdesign.com.pt\/pt\/#website"
                    },
                    "primaryImageOfPage": {
                        "@id": "https:\/\/interdesign.com.pt\/pt\/destak-real-estate-an-interdesign-project\/#primaryimage"
                    },
                    "image": {
                        "@id": "https:\/\/interdesign.com.pt\/pt\/destak-real-estate-an-interdesign-project\/#primaryimage"
                    },
                    "thumbnailUrl": "https:\/\/interdesign.com.pt\/wp-content\/uploads\/2025\/09\/imobiliaria_destak_interdesign_blog2.gif",
                    "datePublished": "2025-08-09T13:50:25+00:00",
                    "dateModified": "2026-01-09T15:13:45+00:00",
                    "description": "Destak Real Estate challenged us to make their offices more welcoming and functional \u2014 a true calling card for those looking for a new home.",
                    "breadcrumb": {
                        "@id": "https:\/\/interdesign.com.pt\/pt\/destak-real-estate-an-interdesign-project\/#breadcrumb"
                    },
                    "inLanguage": "en-US",
                    "potentialAction": [
                        {
                            "@type": "ReadAction",
                            "target": [
                                "https:\/\/interdesign.com.pt\/pt\/destak-real-estate-an-interdesign-project\/"
                            ]
                        }
                    ]
                },
                {
                    "@type": "ImageObject",
                    "inLanguage": "en-US",
                    "@id": "https:\/\/interdesign.com.pt\/pt\/destak-real-estate-an-interdesign-project\/#primaryimage",
                    "url": "https:\/\/interdesign.com.pt\/wp-content\/uploads\/2025\/09\/imobiliaria_destak_interdesign_blog2.gif",
                    "contentUrl": "https:\/\/interdesign.com.pt\/wp-content\/uploads\/2025\/09\/imobiliaria_destak_interdesign_blog2.gif",
                    "width": 900,
                    "height": 935,
                    "caption": "Blog | Imobili\u00e1ria Destak, um Projeto Interdesign"
                },
                {
                    "@type": "BreadcrumbList",
                    "@id": "https:\/\/interdesign.com.pt\/pt\/destak-real-estate-an-interdesign-project\/#breadcrumb",
                    "itemListElement": [
                        {
                            "@type": "ListItem",
                            "position": 1,
                            "name": "Home",
                            "item": "https:\/\/interdesign.com.pt\/"
                        },
                        {
                            "@type": "ListItem",
                            "position": 2,
                            "name": "Destak Real Estate, an Interdesign Project"
                        }
                    ]
                },
                {
                    "@type": "WebSite",
                    "@id": "https:\/\/interdesign.com.pt\/pt\/#website",
                    "url": "https:\/\/interdesign.com.pt\/pt\/",
                    "name": "Interdesign",
                    "description": "Mobili\u00e1rio, Interiores &amp; Decora\u00e7\u00e3o",
                    "publisher": {
                        "@id": "https:\/\/interdesign.com.pt\/pt\/#organization"
                    },
                    "potentialAction": [
                        {
                            "@type": "SearchAction",
                            "target": {
                                "@type": "EntryPoint",
                                "urlTemplate": "https:\/\/interdesign.com.pt\/pt\/?s={search_term_string}"
                            },
                            "query-input": {
                                "@type": "PropertyValueSpecification",
                                "valueRequired": true,
                                "valueName": "search_term_string"
                            }
                        }
                    ],
                    "inLanguage": "en-US"
                },
                {
                    "@type": "Organization",
                    "@id": "https:\/\/interdesign.com.pt\/pt\/#organization",
                    "name": "Interdesign",
                    "url": "https:\/\/interdesign.com.pt\/pt\/",
                    "logo": {
                        "@type": "ImageObject",
                        "inLanguage": "en-US",
                        "@id": "https:\/\/interdesign.com.pt\/pt\/#\/schema\/logo\/image\/",
                        "url": "https:\/\/interdesign.com.pt\/wp-content\/uploads\/2025\/03\/interdesign-logo.svg",
                        "contentUrl": "https:\/\/interdesign.com.pt\/wp-content\/uploads\/2025\/03\/interdesign-logo.svg",
                        "caption": "Interdesign"
                    },
                    "image": {
                        "@id": "https:\/\/interdesign.com.pt\/pt\/#\/schema\/logo\/image\/"
                    }
                },
                {
                    "@type": "Person",
                    "@id": "https:\/\/interdesign.com.pt\/pt\/#\/schema\/person\/3c9d2ae5115cbe89e0250d293cfdaa5b",
                    "name": "catia",
                    "url": "https:\/\/interdesign.com.pt\/en\/author\/catia\/"
                }
            ]
        }
    },
    "_links": {
        "self": [
            {
                "href": "https:\/\/interdesign.com.pt\/en\/wp-json\/wp\/v2\/posts\/9563",
                "targetHints": {
                    "allow": [
                        "GET"
                    ]
                }
            }
        ],
        "collection": [
            {
                "href": "https:\/\/interdesign.com.pt\/en\/wp-json\/wp\/v2\/posts"
            }
        ],
        "about": [
            {
                "href": "https:\/\/interdesign.com.pt\/en\/wp-json\/wp\/v2\/types\/post"
            }
        ],
        "author": [
            {
                "embeddable": true,
                "href": "https:\/\/interdesign.com.pt\/en\/wp-json\/wp\/v2\/users\/1"
            }
        ],
        "replies": [
            {
                "embeddable": true,
                "href": "https:\/\/interdesign.com.pt\/en\/wp-json\/wp\/v2\/comments?post=9563"
            }
        ],
        "version-history": [
            {
                "count": 27,
                "href": "https:\/\/interdesign.com.pt\/en\/wp-json\/wp\/v2\/posts\/9563\/revisions"
            }
        ],
        "predecessor-version": [
            {
                "id": 69985,
                "href": "https:\/\/interdesign.com.pt\/en\/wp-json\/wp\/v2\/posts\/9563\/revisions\/69985"
            }
        ],
        "wp:featuredmedia": [
            {
                "embeddable": true,
                "href": "https:\/\/interdesign.com.pt\/en\/wp-json\/wp\/v2\/media\/9564"
            }
        ],
        "wp:attachment": [
            {
                "href": "https:\/\/interdesign.com.pt\/en\/wp-json\/wp\/v2\/media?parent=9563"
            }
        ],
        "wp:term": [
            {
                "taxonomy": "category",
                "embeddable": true,
                "href": "https:\/\/interdesign.com.pt\/en\/wp-json\/wp\/v2\/categories?post=9563"
            },
            {
                "taxonomy": "post_tag",
                "embeddable": true,
                "href": "https:\/\/interdesign.com.pt\/en\/wp-json\/wp\/v2\/tags?post=9563"
            }
        ],
        "curies": [
            {
                "name": "wp",
                "href": "https:\/\/api.w.org\/{rel}",
                "templated": true
            }
        ]
    }
}