{
    "id": 9586,
    "date": "2025-08-02T14:17:07",
    "date_gmt": "2025-08-02T14:17:07",
    "guid": {
        "rendered": "https:\/\/interdesign.ad-pulse.com\/?p=9586"
    },
    "modified": "2026-01-09T16:12:37",
    "modified_gmt": "2026-01-09T16:12:37",
    "slug": "new-interdesign-collection-arrives-in-viseu-vise",
    "status": "publish",
    "type": "post",
    "link": "https:\/\/interdesign.com.pt\/en\/new-interdesign-collection-arrives-in-viseu-vise\/",
    "title": {
        "rendered": "New Interdesign collection arrives in Viseu"
    },
    "content": {
        "rendered": "<div data-elementor-type=\"wp-post\" data-elementor-id=\"9586\" class=\"elementor elementor-9586\" data-elementor-post-type=\"post\">\n\t\t\t\t<div class=\"elementor-element elementor-element-c7d3807 e-con-full e-flex e-con e-child\" data-id=\"c7d3807\" data-element_type=\"container\" data-e-type=\"container\">\n\t\t\t\t<div class=\"elementor-element elementor-element-164a021 elementor-widget__width-initial elementor-widget-laptop__width-inherit elementor-widget-tablet__width-inherit elementor-widget elementor-widget-text-editor\" data-id=\"164a021\" data-element_type=\"widget\" data-e-type=\"widget\" data-widget_type=\"text-editor.default\">\n\t\t\t\t<div class=\"elementor-widget-container\">\n\t\t\t\t\t\t\t\t\t<p data-start=\"37\" data-end=\"231\">There are six environments that make us dream with ideas for different rooms in the house. From living and dining rooms to bedrooms, there are many pieces that will end up on your wishlist.<\/p><p data-start=\"233\" data-end=\"277\" data-is-last-node=\"\" data-is-only-node=\"\">Here are some images of the final result!<\/p><p data-start=\"233\" data-end=\"277\" data-is-last-node=\"\" data-is-only-node=\"\">With pieces that suit all styles, from the boldest to the cleanest, the new collection impresses with the personality of its colors, patterns, and textures. The Lush sideboard and the Pandora chair are some of the standout pieces, making a difference and giving expression to your dining room.<\/p>\t\t\t\t\t\t\t\t<\/div>\n\t\t\t\t<\/div>\n\t\t\t\t<div class=\"elementor-element elementor-element-bba6e5a elementor-pagination-position-outside elementor-widget elementor-widget-image-carousel\" data-id=\"bba6e5a\" data-element_type=\"widget\" data-e-type=\"widget\" data-settings=\"{&quot;navigation&quot;:&quot;dots&quot;,&quot;lazyload&quot;:&quot;yes&quot;,&quot;slides_to_show&quot;:&quot;2&quot;,&quot;slides_to_show_laptop&quot;:&quot;2&quot;,&quot;slides_to_show_tablet&quot;:&quot;1&quot;,&quot;infinite&quot;:&quot;yes&quot;,&quot;speed&quot;:500,&quot;image_spacing_custom&quot;:{&quot;unit&quot;:&quot;px&quot;,&quot;size&quot;:20,&quot;sizes&quot;:[]},&quot;image_spacing_custom_laptop&quot;:{&quot;unit&quot;:&quot;px&quot;,&quot;size&quot;:&quot;&quot;,&quot;sizes&quot;:[]}}\" data-widget_type=\"image-carousel.default\">\n\t\t\t\t<div class=\"elementor-widget-container\">\n\t\t\t\t\t\t\t<div class=\"elementor-image-carousel-wrapper swiper\" role=\"region\" aria-roledescription=\"carousel\" aria-label=\"Image Carousel\" dir=\"ltr\">\n\t\t\t<div class=\"elementor-image-carousel swiper-wrapper swiper-image-stretch\" aria-live=\"polite\">\n\t\t\t\t\t\t\t\t<div class=\"swiper-slide\" role=\"group\" aria-roledescription=\"slide\" aria-label=\"1 of 2\"><a data-elementor-open-lightbox=\"yes\" data-elementor-lightbox-slideshow=\"bba6e5a\" data-e-action-hash=\"#elementor-action%3Aaction%3Dlightbox%26settings%3DeyJpZCI6OTU5MCwidXJsIjoiaHR0cHM6XC9cL2ludGVyZGVzaWduLmNvbS5wdFwvd3AtY29udGVudFwvdXBsb2Fkc1wvMjAyNVwvMDhcL25ld2NvbGxlY3Rpb25fdmlzZXVfMS5qcGciLCJzbGlkZXNob3ciOiJiYmE2ZTVhIn0%3D\" href=\"https:\/\/interdesign.com.pt\/wp-content\/uploads\/2025\/08\/newcollection_viseu_1.jpg\"><figure class=\"swiper-slide-inner\"><img class=\"swiper-slide-image swiper-lazy\" data-src=\"https:\/\/interdesign.com.pt\/wp-content\/uploads\/2025\/08\/newcollection_viseu_1.jpg\" alt=\"newcollection_viseu_1\" \/><div class=\"swiper-lazy-preloader\"><\/div><\/figure><\/a><\/div><div class=\"swiper-slide\" role=\"group\" aria-roledescription=\"slide\" aria-label=\"2 of 2\"><a data-elementor-open-lightbox=\"yes\" data-elementor-lightbox-slideshow=\"bba6e5a\" data-e-action-hash=\"#elementor-action%3Aaction%3Dlightbox%26settings%3DeyJpZCI6OTU5NiwidXJsIjoiaHR0cHM6XC9cL2ludGVyZGVzaWduLmNvbS5wdFwvd3AtY29udGVudFwvdXBsb2Fkc1wvMjAyNVwvMDhcL25ld2NvbGxlY3Rpb25fdmlzZXVfMi5qcGciLCJzbGlkZXNob3ciOiJiYmE2ZTVhIn0%3D\" href=\"https:\/\/interdesign.com.pt\/wp-content\/uploads\/2025\/08\/newcollection_viseu_2.jpg\"><figure class=\"swiper-slide-inner\"><img class=\"swiper-slide-image swiper-lazy\" data-src=\"https:\/\/interdesign.com.pt\/wp-content\/uploads\/2025\/08\/newcollection_viseu_2.jpg\" alt=\"newcollection_viseu_2\" \/><div class=\"swiper-lazy-preloader\"><\/div><\/figure><\/a><\/div>\t\t\t<\/div>\n\t\t\t\t\t\t\t\n\t\t\t\t\t\t\t\t\t<div class=\"swiper-pagination\"><\/div>\n\t\t\t\t\t\t\t\t\t<\/div>\n\t\t\t\t\t\t<\/div>\n\t\t\t\t<\/div>\n\t\t\t\t<\/div>\n\t\t<div class=\"elementor-element elementor-element-16e9db0 e-con-full e-flex e-con e-child\" data-id=\"16e9db0\" data-element_type=\"container\" data-e-type=\"container\">\n\t\t\t\t<div class=\"elementor-element elementor-element-43e48a0 elementor-widget__width-initial elementor-widget-laptop__width-inherit elementor-widget-tablet__width-inherit elementor-widget elementor-widget-text-editor\" data-id=\"43e48a0\" data-element_type=\"widget\" data-e-type=\"widget\" data-widget_type=\"text-editor.default\">\n\t\t\t\t<div class=\"elementor-widget-container\">\n\t\t\t\t\t\t\t\t\t<p>The Egoist sofa takes center stage in the space with a strong blue tone, adding a touch of sophistication and elegance. And, because details make all the difference, the abstract-patterned rug was customized to complement the environment with a contemporary mood.<\/p><p>If you appreciate minimalist and timeless pieces, the Pandora sofa and armchair, combined with the White coffee table, promise to be love at first sight.<\/p>\t\t\t\t\t\t\t\t<\/div>\n\t\t\t\t<\/div>\n\t\t\t\t<div class=\"elementor-element elementor-element-18cb145 elementor-pagination-position-outside elementor-widget elementor-widget-image-carousel\" data-id=\"18cb145\" data-element_type=\"widget\" data-e-type=\"widget\" data-settings=\"{&quot;navigation&quot;:&quot;dots&quot;,&quot;lazyload&quot;:&quot;yes&quot;,&quot;slides_to_show&quot;:&quot;2&quot;,&quot;slides_to_show_laptop&quot;:&quot;2&quot;,&quot;slides_to_show_tablet&quot;:&quot;1&quot;,&quot;infinite&quot;:&quot;yes&quot;,&quot;speed&quot;:500,&quot;image_spacing_custom&quot;:{&quot;unit&quot;:&quot;px&quot;,&quot;size&quot;:20,&quot;sizes&quot;:[]},&quot;image_spacing_custom_laptop&quot;:{&quot;unit&quot;:&quot;px&quot;,&quot;size&quot;:&quot;&quot;,&quot;sizes&quot;:[]}}\" data-widget_type=\"image-carousel.default\">\n\t\t\t\t<div class=\"elementor-widget-container\">\n\t\t\t\t\t\t\t<div class=\"elementor-image-carousel-wrapper swiper\" role=\"region\" aria-roledescription=\"carousel\" aria-label=\"Image Carousel\" dir=\"ltr\">\n\t\t\t<div class=\"elementor-image-carousel swiper-wrapper swiper-image-stretch\" aria-live=\"polite\">\n\t\t\t\t\t\t\t\t<div class=\"swiper-slide\" role=\"group\" aria-roledescription=\"slide\" aria-label=\"1 of 2\"><a data-elementor-open-lightbox=\"yes\" data-elementor-lightbox-slideshow=\"18cb145\" data-e-action-hash=\"#elementor-action%3Aaction%3Dlightbox%26settings%3DeyJpZCI6OTU5OCwidXJsIjoiaHR0cHM6XC9cL2ludGVyZGVzaWduLmNvbS5wdFwvd3AtY29udGVudFwvdXBsb2Fkc1wvMjAyNVwvMDhcL25ld2NvbGxlY3Rpb25fdmlzZXVfMy5qcGciLCJzbGlkZXNob3ciOiIxOGNiMTQ1In0%3D\" href=\"https:\/\/interdesign.com.pt\/wp-content\/uploads\/2025\/08\/newcollection_viseu_3.jpg\"><figure class=\"swiper-slide-inner\"><img class=\"swiper-slide-image swiper-lazy\" data-src=\"https:\/\/interdesign.com.pt\/wp-content\/uploads\/2025\/08\/newcollection_viseu_3.jpg\" alt=\"newcollection_viseu_3\" \/><div class=\"swiper-lazy-preloader\"><\/div><\/figure><\/a><\/div><div class=\"swiper-slide\" role=\"group\" aria-roledescription=\"slide\" aria-label=\"2 of 2\"><a data-elementor-open-lightbox=\"yes\" data-elementor-lightbox-slideshow=\"18cb145\" data-e-action-hash=\"#elementor-action%3Aaction%3Dlightbox%26settings%3DeyJpZCI6OTYwMiwidXJsIjoiaHR0cHM6XC9cL2ludGVyZGVzaWduLmNvbS5wdFwvd3AtY29udGVudFwvdXBsb2Fkc1wvMjAyNVwvMDhcL25ld2NvbGxlY3Rpb25fdmlzZXVfNC5qcGciLCJzbGlkZXNob3ciOiIxOGNiMTQ1In0%3D\" href=\"https:\/\/interdesign.com.pt\/wp-content\/uploads\/2025\/08\/newcollection_viseu_4.jpg\"><figure class=\"swiper-slide-inner\"><img class=\"swiper-slide-image swiper-lazy\" data-src=\"https:\/\/interdesign.com.pt\/wp-content\/uploads\/2025\/08\/newcollection_viseu_4.jpg\" alt=\"newcollection_viseu_4\" \/><div class=\"swiper-lazy-preloader\"><\/div><\/figure><\/a><\/div>\t\t\t<\/div>\n\t\t\t\t\t\t\t\n\t\t\t\t\t\t\t\t\t<div class=\"swiper-pagination\"><\/div>\n\t\t\t\t\t\t\t\t\t<\/div>\n\t\t\t\t\t\t<\/div>\n\t\t\t\t<\/div>\n\t\t\t\t<\/div>\n\t\t<div class=\"elementor-element elementor-element-fe69779 e-con-full e-flex e-con e-child\" data-id=\"fe69779\" data-element_type=\"container\" data-e-type=\"container\">\n\t\t\t\t<div class=\"elementor-element elementor-element-1addbda elementor-widget__width-initial elementor-widget-laptop__width-inherit elementor-widget-tablet__width-inherit elementor-widget elementor-widget-text-editor\" data-id=\"1addbda\" data-element_type=\"widget\" data-e-type=\"widget\" data-widget_type=\"text-editor.default\">\n\t\t\t\t<div class=\"elementor-widget-container\">\n\t\t\t\t\t\t\t\t\t<p>At Interdesign, we believe that the secret lies in the perfect balance between design and functionality. The Amour Chest of Drawers is the result of this perfect synergy, with simple lines that fit any environment and provide the ideal storage space to simplify daily routines.<\/p><p>Lighting has not been overlooked either. There are various lamp options that make each room even more harmonious and comfortable.<\/p>\t\t\t\t\t\t\t\t<\/div>\n\t\t\t\t<\/div>\n\t\t\t\t<div class=\"elementor-element elementor-element-cd4c231 elementor-pagination-position-outside elementor-widget elementor-widget-image-carousel\" data-id=\"cd4c231\" data-element_type=\"widget\" data-e-type=\"widget\" data-settings=\"{&quot;navigation&quot;:&quot;dots&quot;,&quot;lazyload&quot;:&quot;yes&quot;,&quot;slides_to_show&quot;:&quot;2&quot;,&quot;slides_to_show_laptop&quot;:&quot;2&quot;,&quot;slides_to_show_tablet&quot;:&quot;1&quot;,&quot;infinite&quot;:&quot;yes&quot;,&quot;speed&quot;:500,&quot;image_spacing_custom&quot;:{&quot;unit&quot;:&quot;px&quot;,&quot;size&quot;:20,&quot;sizes&quot;:[]},&quot;image_spacing_custom_laptop&quot;:{&quot;unit&quot;:&quot;px&quot;,&quot;size&quot;:&quot;&quot;,&quot;sizes&quot;:[]}}\" data-widget_type=\"image-carousel.default\">\n\t\t\t\t<div class=\"elementor-widget-container\">\n\t\t\t\t\t\t\t<div class=\"elementor-image-carousel-wrapper swiper\" role=\"region\" aria-roledescription=\"carousel\" aria-label=\"Image Carousel\" dir=\"ltr\">\n\t\t\t<div class=\"elementor-image-carousel swiper-wrapper swiper-image-stretch\" aria-live=\"polite\">\n\t\t\t\t\t\t\t\t<div class=\"swiper-slide\" role=\"group\" aria-roledescription=\"slide\" aria-label=\"1 of 2\"><a data-elementor-open-lightbox=\"yes\" data-elementor-lightbox-slideshow=\"cd4c231\" data-e-action-hash=\"#elementor-action%3Aaction%3Dlightbox%26settings%3DeyJpZCI6OTYwMywidXJsIjoiaHR0cHM6XC9cL2ludGVyZGVzaWduLmNvbS5wdFwvd3AtY29udGVudFwvdXBsb2Fkc1wvMjAyNVwvMDhcL25ld2NvbGxlY3Rpb25fdmlzZXVfNS5qcGciLCJzbGlkZXNob3ciOiJjZDRjMjMxIn0%3D\" href=\"https:\/\/interdesign.com.pt\/wp-content\/uploads\/2025\/08\/newcollection_viseu_5.jpg\"><figure class=\"swiper-slide-inner\"><img class=\"swiper-slide-image swiper-lazy\" data-src=\"https:\/\/interdesign.com.pt\/wp-content\/uploads\/2025\/08\/newcollection_viseu_5.jpg\" alt=\"newcollection_viseu_5\" \/><div class=\"swiper-lazy-preloader\"><\/div><\/figure><\/a><\/div><div class=\"swiper-slide\" role=\"group\" aria-roledescription=\"slide\" aria-label=\"2 of 2\"><a data-elementor-open-lightbox=\"yes\" data-elementor-lightbox-slideshow=\"cd4c231\" data-e-action-hash=\"#elementor-action%3Aaction%3Dlightbox%26settings%3DeyJpZCI6OTYwNCwidXJsIjoiaHR0cHM6XC9cL2ludGVyZGVzaWduLmNvbS5wdFwvd3AtY29udGVudFwvdXBsb2Fkc1wvMjAyNVwvMDhcL25ld2NvbGxlY3Rpb25fdmlzZXVfNi5qcGciLCJzbGlkZXNob3ciOiJjZDRjMjMxIn0%3D\" href=\"https:\/\/interdesign.com.pt\/wp-content\/uploads\/2025\/08\/newcollection_viseu_6.jpg\"><figure class=\"swiper-slide-inner\"><img class=\"swiper-slide-image swiper-lazy\" data-src=\"https:\/\/interdesign.com.pt\/wp-content\/uploads\/2025\/08\/newcollection_viseu_6.jpg\" alt=\"newcollection_viseu_6\" \/><div class=\"swiper-lazy-preloader\"><\/div><\/figure><\/a><\/div>\t\t\t<\/div>\n\t\t\t\t\t\t\t\n\t\t\t\t\t\t\t\t\t<div class=\"swiper-pagination\"><\/div>\n\t\t\t\t\t\t\t\t\t<\/div>\n\t\t\t\t\t\t<\/div>\n\t\t\t\t<\/div>\n\t\t\t\t<\/div>\n\t\t<div class=\"elementor-element elementor-element-62f24cc e-con-full e-flex e-con e-parent\" data-id=\"62f24cc\" data-element_type=\"container\" data-e-type=\"container\">\n\t\t\t\t<div class=\"elementor-element elementor-element-4409c48 elementor-widget__width-initial elementor-widget-laptop__width-initial elementor-widget-tablet__width-inherit elementor-widget elementor-widget-text-editor\" data-id=\"4409c48\" data-element_type=\"widget\" data-e-type=\"widget\" data-widget_type=\"text-editor.default\">\n\t\t\t\t<div class=\"elementor-widget-container\">\n\t\t\t\t\t\t\t\t\t<p>Are you captivated by the new offerings from Interdesign Viseu? The store has a team of interior design consultants available to advise you and create bespoke projects tailored to your dreams.<\/p><p>We look forward to seeing you in Viseu. See you soon!<\/p>\t\t\t\t\t\t\t\t<\/div>\n\t\t\t\t<\/div>\n\t\t\t\t<\/div>\n\t\t\t\t<\/div>",
        "protected": false
    },
    "excerpt": {
        "rendered": "<p>August kicks off with exciting news at the Interdesign store in Viseu. The space has been completely renovated with our new Collection.<\/p>",
        "protected": false
    },
    "author": 1,
    "featured_media": 9592,
    "comment_status": "closed",
    "ping_status": "open",
    "sticky": false,
    "template": "",
    "format": "standard",
    "meta": {
        "_acf_changed": false,
        "footnotes": ""
    },
    "categories": [
        32
    ],
    "tags": [],
    "class_list": [
        "post-9586",
        "post",
        "type-post",
        "status-publish",
        "format-standard",
        "has-post-thumbnail",
        "hentry",
        "category-news"
    ],
    "acf": [],
    "yoast_head": "<!-- This site is optimized with the Yoast SEO plugin v27.3 - https:\/\/yoast.com\/product\/yoast-seo-wordpress\/ -->\n<title>New Interdesign collection arrives in Viseu - Interdesign<\/title>\n<meta name=\"description\" content=\"August kicks off with exciting news at the Interdesign store in Viseu. The space has been completely renovated with our new Collection.\" \/>\n<meta name=\"robots\" content=\"index, follow, max-snippet:-1, max-image-preview:large, max-video-preview:-1\" \/>\n<link rel=\"canonical\" href=\"https:\/\/interdesign.com.pt\/en\/new-interdesign-collection-arrives-in-viseu-vise\/\" \/>\n<meta property=\"og:locale\" content=\"en_US\" \/>\n<meta property=\"og:type\" content=\"article\" \/>\n<meta property=\"og:title\" content=\"New Interdesign collection arrives in Viseu - Interdesign\" \/>\n<meta property=\"og:description\" content=\"August kicks off with exciting news at the Interdesign store in Viseu. The space has been completely renovated with our new Collection.\" \/>\n<meta property=\"og:url\" content=\"https:\/\/interdesign.com.pt\/en\/new-interdesign-collection-arrives-in-viseu-vise\/\" \/>\n<meta property=\"og:site_name\" content=\"Interdesign\" \/>\n<meta property=\"article:published_time\" content=\"2025-08-02T14:17:07+00:00\" \/>\n<meta property=\"article:modified_time\" content=\"2026-01-09T16:12:37+00:00\" \/>\n<meta property=\"og:image\" content=\"https:\/\/interdesign.com.pt\/wp-content\/uploads\/2025\/08\/GIFLOJAVISEU-2.gif\" \/>\n\t<meta property=\"og:image:width\" content=\"1046\" \/>\n\t<meta property=\"og:image:height\" content=\"1239\" \/>\n\t<meta property=\"og:image:type\" content=\"image\/gif\" \/>\n<meta name=\"author\" content=\"catia\" \/>\n<meta name=\"twitter:card\" content=\"summary_large_image\" \/>\n<meta name=\"twitter:title\" content=\"New Interdesign collection arrives in Viseu - Interdesign\" \/>\n<meta name=\"twitter:description\" content=\"August kicks off with exciting news at the Interdesign store in Viseu. The space has been completely renovated with our new Collection.\" \/>\n<meta name=\"twitter:image\" content=\"https:\/\/interdesign.com.pt\/wp-content\/uploads\/2025\/08\/GIFLOJAVISEU-2.gif\" \/>\n<meta name=\"twitter:label1\" content=\"Written by\" \/>\n\t<meta name=\"twitter:data1\" content=\"catia\" \/>\n\t<meta name=\"twitter:label2\" content=\"Est. reading time\" \/>\n\t<meta name=\"twitter:data2\" content=\"4 minutes\" \/>\n<script type=\"application\/ld+json\" class=\"yoast-schema-graph\">{\"@context\":\"https:\\\/\\\/schema.org\",\"@graph\":[{\"@type\":\"Article\",\"@id\":\"https:\\\/\\\/interdesign.com.pt\\\/pt\\\/new-interdesign-collection-arrives-in-viseu-vise\\\/#article\",\"isPartOf\":{\"@id\":\"https:\\\/\\\/interdesign.com.pt\\\/pt\\\/new-interdesign-collection-arrives-in-viseu-vise\\\/\"},\"author\":{\"name\":\"catia\",\"@id\":\"https:\\\/\\\/interdesign.com.pt\\\/pt\\\/#\\\/schema\\\/person\\\/3c9d2ae5115cbe89e0250d293cfdaa5b\"},\"headline\":\"New Interdesign collection arrives in Viseu\",\"datePublished\":\"2025-08-02T14:17:07+00:00\",\"dateModified\":\"2026-01-09T16:12:37+00:00\",\"mainEntityOfPage\":{\"@id\":\"https:\\\/\\\/interdesign.com.pt\\\/pt\\\/new-interdesign-collection-arrives-in-viseu-vise\\\/\"},\"wordCount\":269,\"publisher\":{\"@id\":\"https:\\\/\\\/interdesign.com.pt\\\/pt\\\/#organization\"},\"image\":{\"@id\":\"https:\\\/\\\/interdesign.com.pt\\\/pt\\\/new-interdesign-collection-arrives-in-viseu-vise\\\/#primaryimage\"},\"thumbnailUrl\":\"https:\\\/\\\/interdesign.com.pt\\\/wp-content\\\/uploads\\\/2025\\\/08\\\/GIFLOJAVISEU-2.gif\",\"articleSection\":[\"News\"],\"inLanguage\":\"en-US\"},{\"@type\":\"WebPage\",\"@id\":\"https:\\\/\\\/interdesign.com.pt\\\/pt\\\/new-interdesign-collection-arrives-in-viseu-vise\\\/\",\"url\":\"https:\\\/\\\/interdesign.com.pt\\\/pt\\\/new-interdesign-collection-arrives-in-viseu-vise\\\/\",\"name\":\"New Interdesign collection arrives in Viseu - Interdesign\",\"isPartOf\":{\"@id\":\"https:\\\/\\\/interdesign.com.pt\\\/pt\\\/#website\"},\"primaryImageOfPage\":{\"@id\":\"https:\\\/\\\/interdesign.com.pt\\\/pt\\\/new-interdesign-collection-arrives-in-viseu-vise\\\/#primaryimage\"},\"image\":{\"@id\":\"https:\\\/\\\/interdesign.com.pt\\\/pt\\\/new-interdesign-collection-arrives-in-viseu-vise\\\/#primaryimage\"},\"thumbnailUrl\":\"https:\\\/\\\/interdesign.com.pt\\\/wp-content\\\/uploads\\\/2025\\\/08\\\/GIFLOJAVISEU-2.gif\",\"datePublished\":\"2025-08-02T14:17:07+00:00\",\"dateModified\":\"2026-01-09T16:12:37+00:00\",\"description\":\"August kicks off with exciting news at the Interdesign store in Viseu. The space has been completely renovated with our new Collection.\",\"breadcrumb\":{\"@id\":\"https:\\\/\\\/interdesign.com.pt\\\/pt\\\/new-interdesign-collection-arrives-in-viseu-vise\\\/#breadcrumb\"},\"inLanguage\":\"en-US\",\"potentialAction\":[{\"@type\":\"ReadAction\",\"target\":[\"https:\\\/\\\/interdesign.com.pt\\\/pt\\\/new-interdesign-collection-arrives-in-viseu-vise\\\/\"]}]},{\"@type\":\"ImageObject\",\"inLanguage\":\"en-US\",\"@id\":\"https:\\\/\\\/interdesign.com.pt\\\/pt\\\/new-interdesign-collection-arrives-in-viseu-vise\\\/#primaryimage\",\"url\":\"https:\\\/\\\/interdesign.com.pt\\\/wp-content\\\/uploads\\\/2025\\\/08\\\/GIFLOJAVISEU-2.gif\",\"contentUrl\":\"https:\\\/\\\/interdesign.com.pt\\\/wp-content\\\/uploads\\\/2025\\\/08\\\/GIFLOJAVISEU-2.gif\",\"width\":1046,\"height\":1239,\"caption\":\"Blog | Nova Cole\u00e7\u00e3o Interdesign chega a Viseu\"},{\"@type\":\"BreadcrumbList\",\"@id\":\"https:\\\/\\\/interdesign.com.pt\\\/pt\\\/new-interdesign-collection-arrives-in-viseu-vise\\\/#breadcrumb\",\"itemListElement\":[{\"@type\":\"ListItem\",\"position\":1,\"name\":\"Home\",\"item\":\"https:\\\/\\\/interdesign.com.pt\\\/\"},{\"@type\":\"ListItem\",\"position\":2,\"name\":\"New Interdesign collection arrives in Viseu\"}]},{\"@type\":\"WebSite\",\"@id\":\"https:\\\/\\\/interdesign.com.pt\\\/pt\\\/#website\",\"url\":\"https:\\\/\\\/interdesign.com.pt\\\/pt\\\/\",\"name\":\"Interdesign\",\"description\":\"Mobili\u00e1rio, Interiores &amp; Decora\u00e7\u00e3o\",\"publisher\":{\"@id\":\"https:\\\/\\\/interdesign.com.pt\\\/pt\\\/#organization\"},\"potentialAction\":[{\"@type\":\"SearchAction\",\"target\":{\"@type\":\"EntryPoint\",\"urlTemplate\":\"https:\\\/\\\/interdesign.com.pt\\\/pt\\\/?s={search_term_string}\"},\"query-input\":{\"@type\":\"PropertyValueSpecification\",\"valueRequired\":true,\"valueName\":\"search_term_string\"}}],\"inLanguage\":\"en-US\"},{\"@type\":\"Organization\",\"@id\":\"https:\\\/\\\/interdesign.com.pt\\\/pt\\\/#organization\",\"name\":\"Interdesign\",\"url\":\"https:\\\/\\\/interdesign.com.pt\\\/pt\\\/\",\"logo\":{\"@type\":\"ImageObject\",\"inLanguage\":\"en-US\",\"@id\":\"https:\\\/\\\/interdesign.com.pt\\\/pt\\\/#\\\/schema\\\/logo\\\/image\\\/\",\"url\":\"https:\\\/\\\/interdesign.com.pt\\\/wp-content\\\/uploads\\\/2025\\\/03\\\/interdesign-logo.svg\",\"contentUrl\":\"https:\\\/\\\/interdesign.com.pt\\\/wp-content\\\/uploads\\\/2025\\\/03\\\/interdesign-logo.svg\",\"caption\":\"Interdesign\"},\"image\":{\"@id\":\"https:\\\/\\\/interdesign.com.pt\\\/pt\\\/#\\\/schema\\\/logo\\\/image\\\/\"}},{\"@type\":\"Person\",\"@id\":\"https:\\\/\\\/interdesign.com.pt\\\/pt\\\/#\\\/schema\\\/person\\\/3c9d2ae5115cbe89e0250d293cfdaa5b\",\"name\":\"catia\",\"url\":\"https:\\\/\\\/interdesign.com.pt\\\/en\\\/author\\\/catia\\\/\"}]}<\/script>\n<!-- \/ Yoast SEO plugin. -->",
    "yoast_head_json": {
        "title": "New Interdesign collection arrives in Viseu - Interdesign",
        "description": "August kicks off with exciting news at the Interdesign store in Viseu. The space has been completely renovated with our new Collection.",
        "robots": {
            "index": "index",
            "follow": "follow",
            "max-snippet": "max-snippet:-1",
            "max-image-preview": "max-image-preview:large",
            "max-video-preview": "max-video-preview:-1"
        },
        "canonical": "https:\/\/interdesign.com.pt\/en\/new-interdesign-collection-arrives-in-viseu-vise\/",
        "og_locale": "en_US",
        "og_type": "article",
        "og_title": "New Interdesign collection arrives in Viseu - Interdesign",
        "og_description": "August kicks off with exciting news at the Interdesign store in Viseu. The space has been completely renovated with our new Collection.",
        "og_url": "https:\/\/interdesign.com.pt\/en\/new-interdesign-collection-arrives-in-viseu-vise\/",
        "og_site_name": "Interdesign",
        "article_published_time": "2025-08-02T14:17:07+00:00",
        "article_modified_time": "2026-01-09T16:12:37+00:00",
        "og_image": [
            {
                "width": 1046,
                "height": 1239,
                "url": "https:\/\/interdesign.com.pt\/wp-content\/uploads\/2025\/08\/GIFLOJAVISEU-2.gif",
                "type": "image\/gif"
            }
        ],
        "author": "catia",
        "twitter_card": "summary_large_image",
        "twitter_title": "New Interdesign collection arrives in Viseu - Interdesign",
        "twitter_description": "August kicks off with exciting news at the Interdesign store in Viseu. The space has been completely renovated with our new Collection.",
        "twitter_image": "https:\/\/interdesign.com.pt\/wp-content\/uploads\/2025\/08\/GIFLOJAVISEU-2.gif",
        "twitter_misc": {
            "Written by": "catia",
            "Est. reading time": "4 minutes"
        },
        "schema": {
            "@context": "https:\/\/schema.org",
            "@graph": [
                {
                    "@type": "Article",
                    "@id": "https:\/\/interdesign.com.pt\/pt\/new-interdesign-collection-arrives-in-viseu-vise\/#article",
                    "isPartOf": {
                        "@id": "https:\/\/interdesign.com.pt\/pt\/new-interdesign-collection-arrives-in-viseu-vise\/"
                    },
                    "author": {
                        "name": "catia",
                        "@id": "https:\/\/interdesign.com.pt\/pt\/#\/schema\/person\/3c9d2ae5115cbe89e0250d293cfdaa5b"
                    },
                    "headline": "New Interdesign collection arrives in Viseu",
                    "datePublished": "2025-08-02T14:17:07+00:00",
                    "dateModified": "2026-01-09T16:12:37+00:00",
                    "mainEntityOfPage": {
                        "@id": "https:\/\/interdesign.com.pt\/pt\/new-interdesign-collection-arrives-in-viseu-vise\/"
                    },
                    "wordCount": 269,
                    "publisher": {
                        "@id": "https:\/\/interdesign.com.pt\/pt\/#organization"
                    },
                    "image": {
                        "@id": "https:\/\/interdesign.com.pt\/pt\/new-interdesign-collection-arrives-in-viseu-vise\/#primaryimage"
                    },
                    "thumbnailUrl": "https:\/\/interdesign.com.pt\/wp-content\/uploads\/2025\/08\/GIFLOJAVISEU-2.gif",
                    "articleSection": [
                        "News"
                    ],
                    "inLanguage": "en-US"
                },
                {
                    "@type": "WebPage",
                    "@id": "https:\/\/interdesign.com.pt\/pt\/new-interdesign-collection-arrives-in-viseu-vise\/",
                    "url": "https:\/\/interdesign.com.pt\/pt\/new-interdesign-collection-arrives-in-viseu-vise\/",
                    "name": "New Interdesign collection arrives in Viseu - Interdesign",
                    "isPartOf": {
                        "@id": "https:\/\/interdesign.com.pt\/pt\/#website"
                    },
                    "primaryImageOfPage": {
                        "@id": "https:\/\/interdesign.com.pt\/pt\/new-interdesign-collection-arrives-in-viseu-vise\/#primaryimage"
                    },
                    "image": {
                        "@id": "https:\/\/interdesign.com.pt\/pt\/new-interdesign-collection-arrives-in-viseu-vise\/#primaryimage"
                    },
                    "thumbnailUrl": "https:\/\/interdesign.com.pt\/wp-content\/uploads\/2025\/08\/GIFLOJAVISEU-2.gif",
                    "datePublished": "2025-08-02T14:17:07+00:00",
                    "dateModified": "2026-01-09T16:12:37+00:00",
                    "description": "August kicks off with exciting news at the Interdesign store in Viseu. The space has been completely renovated with our new Collection.",
                    "breadcrumb": {
                        "@id": "https:\/\/interdesign.com.pt\/pt\/new-interdesign-collection-arrives-in-viseu-vise\/#breadcrumb"
                    },
                    "inLanguage": "en-US",
                    "potentialAction": [
                        {
                            "@type": "ReadAction",
                            "target": [
                                "https:\/\/interdesign.com.pt\/pt\/new-interdesign-collection-arrives-in-viseu-vise\/"
                            ]
                        }
                    ]
                },
                {
                    "@type": "ImageObject",
                    "inLanguage": "en-US",
                    "@id": "https:\/\/interdesign.com.pt\/pt\/new-interdesign-collection-arrives-in-viseu-vise\/#primaryimage",
                    "url": "https:\/\/interdesign.com.pt\/wp-content\/uploads\/2025\/08\/GIFLOJAVISEU-2.gif",
                    "contentUrl": "https:\/\/interdesign.com.pt\/wp-content\/uploads\/2025\/08\/GIFLOJAVISEU-2.gif",
                    "width": 1046,
                    "height": 1239,
                    "caption": "Blog | Nova Cole\u00e7\u00e3o Interdesign chega a Viseu"
                },
                {
                    "@type": "BreadcrumbList",
                    "@id": "https:\/\/interdesign.com.pt\/pt\/new-interdesign-collection-arrives-in-viseu-vise\/#breadcrumb",
                    "itemListElement": [
                        {
                            "@type": "ListItem",
                            "position": 1,
                            "name": "Home",
                            "item": "https:\/\/interdesign.com.pt\/"
                        },
                        {
                            "@type": "ListItem",
                            "position": 2,
                            "name": "New Interdesign collection arrives in Viseu"
                        }
                    ]
                },
                {
                    "@type": "WebSite",
                    "@id": "https:\/\/interdesign.com.pt\/pt\/#website",
                    "url": "https:\/\/interdesign.com.pt\/pt\/",
                    "name": "Interdesign",
                    "description": "Mobili\u00e1rio, Interiores &amp; Decora\u00e7\u00e3o",
                    "publisher": {
                        "@id": "https:\/\/interdesign.com.pt\/pt\/#organization"
                    },
                    "potentialAction": [
                        {
                            "@type": "SearchAction",
                            "target": {
                                "@type": "EntryPoint",
                                "urlTemplate": "https:\/\/interdesign.com.pt\/pt\/?s={search_term_string}"
                            },
                            "query-input": {
                                "@type": "PropertyValueSpecification",
                                "valueRequired": true,
                                "valueName": "search_term_string"
                            }
                        }
                    ],
                    "inLanguage": "en-US"
                },
                {
                    "@type": "Organization",
                    "@id": "https:\/\/interdesign.com.pt\/pt\/#organization",
                    "name": "Interdesign",
                    "url": "https:\/\/interdesign.com.pt\/pt\/",
                    "logo": {
                        "@type": "ImageObject",
                        "inLanguage": "en-US",
                        "@id": "https:\/\/interdesign.com.pt\/pt\/#\/schema\/logo\/image\/",
                        "url": "https:\/\/interdesign.com.pt\/wp-content\/uploads\/2025\/03\/interdesign-logo.svg",
                        "contentUrl": "https:\/\/interdesign.com.pt\/wp-content\/uploads\/2025\/03\/interdesign-logo.svg",
                        "caption": "Interdesign"
                    },
                    "image": {
                        "@id": "https:\/\/interdesign.com.pt\/pt\/#\/schema\/logo\/image\/"
                    }
                },
                {
                    "@type": "Person",
                    "@id": "https:\/\/interdesign.com.pt\/pt\/#\/schema\/person\/3c9d2ae5115cbe89e0250d293cfdaa5b",
                    "name": "catia",
                    "url": "https:\/\/interdesign.com.pt\/en\/author\/catia\/"
                }
            ]
        }
    },
    "_links": {
        "self": [
            {
                "href": "https:\/\/interdesign.com.pt\/en\/wp-json\/wp\/v2\/posts\/9586",
                "targetHints": {
                    "allow": [
                        "GET"
                    ]
                }
            }
        ],
        "collection": [
            {
                "href": "https:\/\/interdesign.com.pt\/en\/wp-json\/wp\/v2\/posts"
            }
        ],
        "about": [
            {
                "href": "https:\/\/interdesign.com.pt\/en\/wp-json\/wp\/v2\/types\/post"
            }
        ],
        "author": [
            {
                "embeddable": true,
                "href": "https:\/\/interdesign.com.pt\/en\/wp-json\/wp\/v2\/users\/1"
            }
        ],
        "replies": [
            {
                "embeddable": true,
                "href": "https:\/\/interdesign.com.pt\/en\/wp-json\/wp\/v2\/comments?post=9586"
            }
        ],
        "version-history": [
            {
                "count": 23,
                "href": "https:\/\/interdesign.com.pt\/en\/wp-json\/wp\/v2\/posts\/9586\/revisions"
            }
        ],
        "predecessor-version": [
            {
                "id": 70050,
                "href": "https:\/\/interdesign.com.pt\/en\/wp-json\/wp\/v2\/posts\/9586\/revisions\/70050"
            }
        ],
        "wp:featuredmedia": [
            {
                "embeddable": true,
                "href": "https:\/\/interdesign.com.pt\/en\/wp-json\/wp\/v2\/media\/9592"
            }
        ],
        "wp:attachment": [
            {
                "href": "https:\/\/interdesign.com.pt\/en\/wp-json\/wp\/v2\/media?parent=9586"
            }
        ],
        "wp:term": [
            {
                "taxonomy": "category",
                "embeddable": true,
                "href": "https:\/\/interdesign.com.pt\/en\/wp-json\/wp\/v2\/categories?post=9586"
            },
            {
                "taxonomy": "post_tag",
                "embeddable": true,
                "href": "https:\/\/interdesign.com.pt\/en\/wp-json\/wp\/v2\/tags?post=9586"
            }
        ],
        "curies": [
            {
                "name": "wp",
                "href": "https:\/\/api.w.org\/{rel}",
                "templated": true
            }
        ]
    }
}