{
    "id": 9608,
    "date": "2025-06-25T14:33:30",
    "date_gmt": "2025-06-25T14:33:30",
    "guid": {
        "rendered": "https:\/\/interdesign.ad-pulse.com\/?p=9608"
    },
    "modified": "2026-01-09T15:58:12",
    "modified_gmt": "2026-01-09T15:58:12",
    "slug": "per-tutti-by-interdesign",
    "status": "publish",
    "type": "post",
    "link": "https:\/\/interdesign.com.pt\/en\/per-tutti-by-interdesign\/",
    "title": {
        "rendered": "Per Tutti by Interdesign"
    },
    "content": {
        "rendered": "<div data-elementor-type=\"wp-post\" data-elementor-id=\"9608\" class=\"elementor elementor-9608\" data-elementor-post-type=\"post\">\n\t\t\t\t<div class=\"elementor-element elementor-element-62f24cc e-con-full e-flex e-con e-parent\" data-id=\"62f24cc\" data-element_type=\"container\" data-e-type=\"container\">\n\t\t\t\t<div class=\"elementor-element elementor-element-c50af8e elementor-pagination-position-outside elementor-widget elementor-widget-image-carousel\" data-id=\"c50af8e\" data-element_type=\"widget\" data-e-type=\"widget\" data-settings=\"{&quot;slides_to_show&quot;:&quot;3&quot;,&quot;navigation&quot;:&quot;dots&quot;,&quot;image_spacing_custom_tablet&quot;:{&quot;unit&quot;:&quot;px&quot;,&quot;size&quot;:10,&quot;sizes&quot;:[]},&quot;infinite&quot;:&quot;yes&quot;,&quot;speed&quot;:500,&quot;image_spacing_custom&quot;:{&quot;unit&quot;:&quot;px&quot;,&quot;size&quot;:20,&quot;sizes&quot;:[]},&quot;image_spacing_custom_laptop&quot;:{&quot;unit&quot;:&quot;px&quot;,&quot;size&quot;:&quot;&quot;,&quot;sizes&quot;:[]},&quot;image_spacing_custom_mobile&quot;:{&quot;unit&quot;:&quot;px&quot;,&quot;size&quot;:&quot;&quot;,&quot;sizes&quot;:[]}}\" data-widget_type=\"image-carousel.default\">\n\t\t\t\t<div class=\"elementor-widget-container\">\n\t\t\t\t\t\t\t<div class=\"elementor-image-carousel-wrapper swiper\" role=\"region\" aria-roledescription=\"carousel\" aria-label=\"Image Carousel\" dir=\"ltr\">\n\t\t\t<div class=\"elementor-image-carousel swiper-wrapper swiper-image-stretch\" aria-live=\"polite\">\n\t\t\t\t\t\t\t\t<div class=\"swiper-slide\" role=\"group\" aria-roledescription=\"slide\" aria-label=\"1 of 3\"><figure class=\"swiper-slide-inner\"><img decoding=\"async\" class=\"swiper-slide-image\" src=\"https:\/\/interdesign.com.pt\/wp-content\/uploads\/2025\/06\/pertutti_by_interdesign5-744x1024-1.jpg\" alt=\"Portf\u00f3lio | Projetos Contract | Loja Pertutti | Pa\u00e7os de Ferreira\" \/><\/figure><\/div><div class=\"swiper-slide\" role=\"group\" aria-roledescription=\"slide\" aria-label=\"2 of 3\"><figure class=\"swiper-slide-inner\"><img decoding=\"async\" class=\"swiper-slide-image\" src=\"https:\/\/interdesign.com.pt\/wp-content\/uploads\/2025\/06\/pertutti_by_interdesign3-744x1024-1.jpg\" alt=\"Portf\u00f3lio | Projetos Contract | Loja Pertutti | Pa\u00e7os de Ferreira\" \/><\/figure><\/div><div class=\"swiper-slide\" role=\"group\" aria-roledescription=\"slide\" aria-label=\"3 of 3\"><figure class=\"swiper-slide-inner\"><img decoding=\"async\" class=\"swiper-slide-image\" src=\"https:\/\/interdesign.com.pt\/wp-content\/uploads\/2025\/06\/pertutti_by_interdesign1-744x1024-1.jpg\" alt=\"Portf\u00f3lio | Projetos Contract | Loja Pertutti | Pa\u00e7os de Ferreira\" \/><\/figure><\/div>\t\t\t<\/div>\n\t\t\t\t\t\t\t\n\t\t\t\t\t\t\t\t\t<div class=\"swiper-pagination\"><\/div>\n\t\t\t\t\t\t\t\t\t<\/div>\n\t\t\t\t\t\t<\/div>\n\t\t\t\t<\/div>\n\t\t\t\t<div class=\"elementor-element elementor-element-ed42227 elementor-widget__width-initial elementor-widget-laptop__width-inherit elementor-widget-tablet__width-inherit elementor-widget elementor-widget-text-editor\" data-id=\"ed42227\" data-element_type=\"widget\" data-e-type=\"widget\" data-widget_type=\"text-editor.default\">\n\t\t\t\t<div class=\"elementor-widget-container\">\n\t\t\t\t\t\t\t\t\t<p>It was with this enthusiasm that we worked with Per Tutti. The Interdesign team of architects was responsible for the demolition and execution of the new space. The goal was to give the store personality while making it functional and modern.<\/p><p>Our 3D projects, tailored for each client, are a reflection of what they can expect. Here are the images of the project and the store\u2014they speak for themselves!<\/p><p>In this new space, where marble stands out as the main feature, we played with the timelessness and strength of this material, combined with displays of noble materials, to add a touch of modernity.<\/p>\t\t\t\t\t\t\t\t<\/div>\n\t\t\t\t<\/div>\n\t\t\t\t<div class=\"elementor-element elementor-element-109c4f9 elementor-pagination-position-outside elementor-widget elementor-widget-image-carousel\" data-id=\"109c4f9\" data-element_type=\"widget\" data-e-type=\"widget\" data-settings=\"{&quot;slides_to_show&quot;:&quot;2&quot;,&quot;navigation&quot;:&quot;dots&quot;,&quot;image_spacing_custom_tablet&quot;:{&quot;unit&quot;:&quot;px&quot;,&quot;size&quot;:10,&quot;sizes&quot;:[]},&quot;infinite&quot;:&quot;yes&quot;,&quot;speed&quot;:500,&quot;image_spacing_custom&quot;:{&quot;unit&quot;:&quot;px&quot;,&quot;size&quot;:20,&quot;sizes&quot;:[]},&quot;image_spacing_custom_laptop&quot;:{&quot;unit&quot;:&quot;px&quot;,&quot;size&quot;:&quot;&quot;,&quot;sizes&quot;:[]},&quot;image_spacing_custom_mobile&quot;:{&quot;unit&quot;:&quot;px&quot;,&quot;size&quot;:&quot;&quot;,&quot;sizes&quot;:[]}}\" data-widget_type=\"image-carousel.default\">\n\t\t\t\t<div class=\"elementor-widget-container\">\n\t\t\t\t\t\t\t<div class=\"elementor-image-carousel-wrapper swiper\" role=\"region\" aria-roledescription=\"carousel\" aria-label=\"Image Carousel\" dir=\"ltr\">\n\t\t\t<div class=\"elementor-image-carousel swiper-wrapper swiper-image-stretch\" aria-live=\"polite\">\n\t\t\t\t\t\t\t\t<div class=\"swiper-slide\" role=\"group\" aria-roledescription=\"slide\" aria-label=\"1 of 2\"><figure class=\"swiper-slide-inner\"><img decoding=\"async\" class=\"swiper-slide-image\" src=\"https:\/\/interdesign.com.pt\/wp-content\/uploads\/2025\/06\/pertutti_by_interdesign2.jpg\" alt=\"Portf\u00f3lio | Projetos Contract | Loja Pertutti | Pa\u00e7os de Ferreira\" \/><\/figure><\/div><div class=\"swiper-slide\" role=\"group\" aria-roledescription=\"slide\" aria-label=\"2 of 2\"><figure class=\"swiper-slide-inner\"><img decoding=\"async\" class=\"swiper-slide-image\" src=\"https:\/\/interdesign.com.pt\/wp-content\/uploads\/2025\/06\/pertutti_by_interdesign4.jpg\" alt=\"Portf\u00f3lio | Projetos Contract | Loja Pertutti | Pa\u00e7os de Ferreira\" \/><\/figure><\/div>\t\t\t<\/div>\n\t\t\t\t\t\t\t\n\t\t\t\t\t\t\t\t\t<div class=\"swiper-pagination\"><\/div>\n\t\t\t\t\t\t\t\t\t<\/div>\n\t\t\t\t\t\t<\/div>\n\t\t\t\t<\/div>\n\t\t\t\t<div class=\"elementor-element elementor-element-a52f31c elementor-widget__width-initial elementor-widget-laptop__width-inherit elementor-widget-tablet__width-inherit elementor-widget elementor-widget-text-editor\" data-id=\"a52f31c\" data-element_type=\"widget\" data-e-type=\"widget\" data-widget_type=\"text-editor.default\">\n\t\t\t\t<div class=\"elementor-widget-container\">\n\t\t\t\t\t\t\t\t\t<p>Every detail was strategically designed to meet the store&#8217;s needs. We found the perfect balance between the areas for displaying the collection and the decorative touches to make customers feel comfortable.<\/p><p>With white as the backdrop, we did not overlook the touches of color that make all the difference. Gold and blue came together, making this space even more harmonious and welcoming.<\/p><p>Lighting was another key element. It highlights not only the displayed pieces but also all the materials and decorative elements chosen for this project.<\/p><p>Feeling inspired to give your business a fresh new look? Come visit us at one of our stores from the North to the South of the country.<\/p><p>We look forward to seeing you!<\/p>\t\t\t\t\t\t\t\t<\/div>\n\t\t\t\t<\/div>\n\t\t\t\t<\/div>\n\t\t\t\t<\/div>",
        "protected": false
    },
    "excerpt": {
        "rendered": "<p>At Interdesign, we like to step out of our comfort zone. Homes are our passion, but unexpected challenges inspire us to stimulate our creativity.<\/p>",
        "protected": false
    },
    "author": 1,
    "featured_media": 9610,
    "comment_status": "closed",
    "ping_status": "open",
    "sticky": false,
    "template": "",
    "format": "standard",
    "meta": {
        "_acf_changed": false,
        "footnotes": ""
    },
    "categories": [
        32
    ],
    "tags": [],
    "class_list": [
        "post-9608",
        "post",
        "type-post",
        "status-publish",
        "format-standard",
        "has-post-thumbnail",
        "hentry",
        "category-news"
    ],
    "acf": [],
    "yoast_head": "<!-- This site is optimized with the Yoast SEO plugin v27.3 - https:\/\/yoast.com\/product\/yoast-seo-wordpress\/ -->\n<title>Per Tutti by Interdesign - Interdesign<\/title>\n<meta name=\"description\" content=\"It was with this same enthusiasm that we worked with Per Tutti. Interdesign\u2019s team of architects was responsible for the demolition project and the execution of the new space.\" \/>\n<meta name=\"robots\" content=\"index, follow, max-snippet:-1, max-image-preview:large, max-video-preview:-1\" \/>\n<link rel=\"canonical\" href=\"https:\/\/interdesign.com.pt\/en\/per-tutti-by-interdesign\/\" \/>\n<meta property=\"og:locale\" content=\"en_US\" \/>\n<meta property=\"og:type\" content=\"article\" \/>\n<meta property=\"og:title\" content=\"Per Tutti by Interdesign - Interdesign\" \/>\n<meta property=\"og:description\" content=\"It was with this same enthusiasm that we worked with Per Tutti. Interdesign\u2019s team of architects was responsible for the demolition project and the execution of the new space.\" \/>\n<meta property=\"og:url\" content=\"https:\/\/interdesign.com.pt\/en\/per-tutti-by-interdesign\/\" \/>\n<meta property=\"og:site_name\" content=\"Interdesign\" \/>\n<meta property=\"article:published_time\" content=\"2025-06-25T14:33:30+00:00\" \/>\n<meta property=\"article:modified_time\" content=\"2026-01-09T15:58:12+00:00\" \/>\n<meta property=\"og:image\" content=\"https:\/\/interdesign.com.pt\/wp-content\/uploads\/2025\/06\/PER-TUTTI-1.gif\" \/>\n\t<meta property=\"og:image:width\" content=\"800\" \/>\n\t<meta property=\"og:image:height\" content=\"948\" \/>\n\t<meta property=\"og:image:type\" content=\"image\/gif\" \/>\n<meta name=\"author\" content=\"catia\" \/>\n<meta name=\"twitter:card\" content=\"summary_large_image\" \/>\n<meta name=\"twitter:title\" content=\"Per Tutti by Interdesign - Interdesign\" \/>\n<meta name=\"twitter:description\" content=\"It was with this same enthusiasm that we worked with Per Tutti. Interdesign\u2019s team of architects was responsible for the demolition project and the execution of the new space.\" \/>\n<meta name=\"twitter:image\" content=\"https:\/\/interdesign.com.pt\/wp-content\/uploads\/2025\/06\/PER-TUTTI-1.gif\" \/>\n<meta name=\"twitter:label1\" content=\"Written by\" \/>\n\t<meta name=\"twitter:data1\" content=\"catia\" \/>\n\t<meta name=\"twitter:label2\" content=\"Est. reading time\" \/>\n\t<meta name=\"twitter:data2\" content=\"3 minutes\" \/>\n<script type=\"application\/ld+json\" class=\"yoast-schema-graph\">{\"@context\":\"https:\\\/\\\/schema.org\",\"@graph\":[{\"@type\":\"Article\",\"@id\":\"https:\\\/\\\/interdesign.com.pt\\\/pt\\\/per-tutti-by-interdesign\\\/#article\",\"isPartOf\":{\"@id\":\"https:\\\/\\\/interdesign.com.pt\\\/pt\\\/per-tutti-by-interdesign\\\/\"},\"author\":{\"name\":\"catia\",\"@id\":\"https:\\\/\\\/interdesign.com.pt\\\/pt\\\/#\\\/schema\\\/person\\\/3c9d2ae5115cbe89e0250d293cfdaa5b\"},\"headline\":\"Per Tutti by Interdesign\",\"datePublished\":\"2025-06-25T14:33:30+00:00\",\"dateModified\":\"2026-01-09T15:58:12+00:00\",\"mainEntityOfPage\":{\"@id\":\"https:\\\/\\\/interdesign.com.pt\\\/pt\\\/per-tutti-by-interdesign\\\/\"},\"wordCount\":228,\"publisher\":{\"@id\":\"https:\\\/\\\/interdesign.com.pt\\\/pt\\\/#organization\"},\"image\":{\"@id\":\"https:\\\/\\\/interdesign.com.pt\\\/pt\\\/per-tutti-by-interdesign\\\/#primaryimage\"},\"thumbnailUrl\":\"https:\\\/\\\/interdesign.com.pt\\\/wp-content\\\/uploads\\\/2025\\\/06\\\/PER-TUTTI-1.gif\",\"articleSection\":[\"News\"],\"inLanguage\":\"en-US\"},{\"@type\":\"WebPage\",\"@id\":\"https:\\\/\\\/interdesign.com.pt\\\/pt\\\/per-tutti-by-interdesign\\\/\",\"url\":\"https:\\\/\\\/interdesign.com.pt\\\/pt\\\/per-tutti-by-interdesign\\\/\",\"name\":\"Per Tutti by Interdesign - Interdesign\",\"isPartOf\":{\"@id\":\"https:\\\/\\\/interdesign.com.pt\\\/pt\\\/#website\"},\"primaryImageOfPage\":{\"@id\":\"https:\\\/\\\/interdesign.com.pt\\\/pt\\\/per-tutti-by-interdesign\\\/#primaryimage\"},\"image\":{\"@id\":\"https:\\\/\\\/interdesign.com.pt\\\/pt\\\/per-tutti-by-interdesign\\\/#primaryimage\"},\"thumbnailUrl\":\"https:\\\/\\\/interdesign.com.pt\\\/wp-content\\\/uploads\\\/2025\\\/06\\\/PER-TUTTI-1.gif\",\"datePublished\":\"2025-06-25T14:33:30+00:00\",\"dateModified\":\"2026-01-09T15:58:12+00:00\",\"description\":\"It was with this same enthusiasm that we worked with Per Tutti. Interdesign\u2019s team of architects was responsible for the demolition project and the execution of the new space.\",\"breadcrumb\":{\"@id\":\"https:\\\/\\\/interdesign.com.pt\\\/pt\\\/per-tutti-by-interdesign\\\/#breadcrumb\"},\"inLanguage\":\"en-US\",\"potentialAction\":[{\"@type\":\"ReadAction\",\"target\":[\"https:\\\/\\\/interdesign.com.pt\\\/pt\\\/per-tutti-by-interdesign\\\/\"]}]},{\"@type\":\"ImageObject\",\"inLanguage\":\"en-US\",\"@id\":\"https:\\\/\\\/interdesign.com.pt\\\/pt\\\/per-tutti-by-interdesign\\\/#primaryimage\",\"url\":\"https:\\\/\\\/interdesign.com.pt\\\/wp-content\\\/uploads\\\/2025\\\/06\\\/PER-TUTTI-1.gif\",\"contentUrl\":\"https:\\\/\\\/interdesign.com.pt\\\/wp-content\\\/uploads\\\/2025\\\/06\\\/PER-TUTTI-1.gif\",\"width\":800,\"height\":948,\"caption\":\"Pertutti By Interdesign\"},{\"@type\":\"BreadcrumbList\",\"@id\":\"https:\\\/\\\/interdesign.com.pt\\\/pt\\\/per-tutti-by-interdesign\\\/#breadcrumb\",\"itemListElement\":[{\"@type\":\"ListItem\",\"position\":1,\"name\":\"Home\",\"item\":\"https:\\\/\\\/interdesign.com.pt\\\/\"},{\"@type\":\"ListItem\",\"position\":2,\"name\":\"Per Tutti by Interdesign\"}]},{\"@type\":\"WebSite\",\"@id\":\"https:\\\/\\\/interdesign.com.pt\\\/pt\\\/#website\",\"url\":\"https:\\\/\\\/interdesign.com.pt\\\/pt\\\/\",\"name\":\"Interdesign\",\"description\":\"Mobili\u00e1rio, Interiores &amp; Decora\u00e7\u00e3o\",\"publisher\":{\"@id\":\"https:\\\/\\\/interdesign.com.pt\\\/pt\\\/#organization\"},\"potentialAction\":[{\"@type\":\"SearchAction\",\"target\":{\"@type\":\"EntryPoint\",\"urlTemplate\":\"https:\\\/\\\/interdesign.com.pt\\\/pt\\\/?s={search_term_string}\"},\"query-input\":{\"@type\":\"PropertyValueSpecification\",\"valueRequired\":true,\"valueName\":\"search_term_string\"}}],\"inLanguage\":\"en-US\"},{\"@type\":\"Organization\",\"@id\":\"https:\\\/\\\/interdesign.com.pt\\\/pt\\\/#organization\",\"name\":\"Interdesign\",\"url\":\"https:\\\/\\\/interdesign.com.pt\\\/pt\\\/\",\"logo\":{\"@type\":\"ImageObject\",\"inLanguage\":\"en-US\",\"@id\":\"https:\\\/\\\/interdesign.com.pt\\\/pt\\\/#\\\/schema\\\/logo\\\/image\\\/\",\"url\":\"https:\\\/\\\/interdesign.com.pt\\\/wp-content\\\/uploads\\\/2025\\\/03\\\/interdesign-logo.svg\",\"contentUrl\":\"https:\\\/\\\/interdesign.com.pt\\\/wp-content\\\/uploads\\\/2025\\\/03\\\/interdesign-logo.svg\",\"caption\":\"Interdesign\"},\"image\":{\"@id\":\"https:\\\/\\\/interdesign.com.pt\\\/pt\\\/#\\\/schema\\\/logo\\\/image\\\/\"}},{\"@type\":\"Person\",\"@id\":\"https:\\\/\\\/interdesign.com.pt\\\/pt\\\/#\\\/schema\\\/person\\\/3c9d2ae5115cbe89e0250d293cfdaa5b\",\"name\":\"catia\",\"url\":\"https:\\\/\\\/interdesign.com.pt\\\/en\\\/author\\\/catia\\\/\"}]}<\/script>\n<!-- \/ Yoast SEO plugin. -->",
    "yoast_head_json": {
        "title": "Per Tutti by Interdesign - Interdesign",
        "description": "It was with this same enthusiasm that we worked with Per Tutti. Interdesign\u2019s team of architects was responsible for the demolition project and the execution of the new space.",
        "robots": {
            "index": "index",
            "follow": "follow",
            "max-snippet": "max-snippet:-1",
            "max-image-preview": "max-image-preview:large",
            "max-video-preview": "max-video-preview:-1"
        },
        "canonical": "https:\/\/interdesign.com.pt\/en\/per-tutti-by-interdesign\/",
        "og_locale": "en_US",
        "og_type": "article",
        "og_title": "Per Tutti by Interdesign - Interdesign",
        "og_description": "It was with this same enthusiasm that we worked with Per Tutti. Interdesign\u2019s team of architects was responsible for the demolition project and the execution of the new space.",
        "og_url": "https:\/\/interdesign.com.pt\/en\/per-tutti-by-interdesign\/",
        "og_site_name": "Interdesign",
        "article_published_time": "2025-06-25T14:33:30+00:00",
        "article_modified_time": "2026-01-09T15:58:12+00:00",
        "og_image": [
            {
                "width": 800,
                "height": 948,
                "url": "https:\/\/interdesign.com.pt\/wp-content\/uploads\/2025\/06\/PER-TUTTI-1.gif",
                "type": "image\/gif"
            }
        ],
        "author": "catia",
        "twitter_card": "summary_large_image",
        "twitter_title": "Per Tutti by Interdesign - Interdesign",
        "twitter_description": "It was with this same enthusiasm that we worked with Per Tutti. Interdesign\u2019s team of architects was responsible for the demolition project and the execution of the new space.",
        "twitter_image": "https:\/\/interdesign.com.pt\/wp-content\/uploads\/2025\/06\/PER-TUTTI-1.gif",
        "twitter_misc": {
            "Written by": "catia",
            "Est. reading time": "3 minutes"
        },
        "schema": {
            "@context": "https:\/\/schema.org",
            "@graph": [
                {
                    "@type": "Article",
                    "@id": "https:\/\/interdesign.com.pt\/pt\/per-tutti-by-interdesign\/#article",
                    "isPartOf": {
                        "@id": "https:\/\/interdesign.com.pt\/pt\/per-tutti-by-interdesign\/"
                    },
                    "author": {
                        "name": "catia",
                        "@id": "https:\/\/interdesign.com.pt\/pt\/#\/schema\/person\/3c9d2ae5115cbe89e0250d293cfdaa5b"
                    },
                    "headline": "Per Tutti by Interdesign",
                    "datePublished": "2025-06-25T14:33:30+00:00",
                    "dateModified": "2026-01-09T15:58:12+00:00",
                    "mainEntityOfPage": {
                        "@id": "https:\/\/interdesign.com.pt\/pt\/per-tutti-by-interdesign\/"
                    },
                    "wordCount": 228,
                    "publisher": {
                        "@id": "https:\/\/interdesign.com.pt\/pt\/#organization"
                    },
                    "image": {
                        "@id": "https:\/\/interdesign.com.pt\/pt\/per-tutti-by-interdesign\/#primaryimage"
                    },
                    "thumbnailUrl": "https:\/\/interdesign.com.pt\/wp-content\/uploads\/2025\/06\/PER-TUTTI-1.gif",
                    "articleSection": [
                        "News"
                    ],
                    "inLanguage": "en-US"
                },
                {
                    "@type": "WebPage",
                    "@id": "https:\/\/interdesign.com.pt\/pt\/per-tutti-by-interdesign\/",
                    "url": "https:\/\/interdesign.com.pt\/pt\/per-tutti-by-interdesign\/",
                    "name": "Per Tutti by Interdesign - Interdesign",
                    "isPartOf": {
                        "@id": "https:\/\/interdesign.com.pt\/pt\/#website"
                    },
                    "primaryImageOfPage": {
                        "@id": "https:\/\/interdesign.com.pt\/pt\/per-tutti-by-interdesign\/#primaryimage"
                    },
                    "image": {
                        "@id": "https:\/\/interdesign.com.pt\/pt\/per-tutti-by-interdesign\/#primaryimage"
                    },
                    "thumbnailUrl": "https:\/\/interdesign.com.pt\/wp-content\/uploads\/2025\/06\/PER-TUTTI-1.gif",
                    "datePublished": "2025-06-25T14:33:30+00:00",
                    "dateModified": "2026-01-09T15:58:12+00:00",
                    "description": "It was with this same enthusiasm that we worked with Per Tutti. Interdesign\u2019s team of architects was responsible for the demolition project and the execution of the new space.",
                    "breadcrumb": {
                        "@id": "https:\/\/interdesign.com.pt\/pt\/per-tutti-by-interdesign\/#breadcrumb"
                    },
                    "inLanguage": "en-US",
                    "potentialAction": [
                        {
                            "@type": "ReadAction",
                            "target": [
                                "https:\/\/interdesign.com.pt\/pt\/per-tutti-by-interdesign\/"
                            ]
                        }
                    ]
                },
                {
                    "@type": "ImageObject",
                    "inLanguage": "en-US",
                    "@id": "https:\/\/interdesign.com.pt\/pt\/per-tutti-by-interdesign\/#primaryimage",
                    "url": "https:\/\/interdesign.com.pt\/wp-content\/uploads\/2025\/06\/PER-TUTTI-1.gif",
                    "contentUrl": "https:\/\/interdesign.com.pt\/wp-content\/uploads\/2025\/06\/PER-TUTTI-1.gif",
                    "width": 800,
                    "height": 948,
                    "caption": "Pertutti By Interdesign"
                },
                {
                    "@type": "BreadcrumbList",
                    "@id": "https:\/\/interdesign.com.pt\/pt\/per-tutti-by-interdesign\/#breadcrumb",
                    "itemListElement": [
                        {
                            "@type": "ListItem",
                            "position": 1,
                            "name": "Home",
                            "item": "https:\/\/interdesign.com.pt\/"
                        },
                        {
                            "@type": "ListItem",
                            "position": 2,
                            "name": "Per Tutti by Interdesign"
                        }
                    ]
                },
                {
                    "@type": "WebSite",
                    "@id": "https:\/\/interdesign.com.pt\/pt\/#website",
                    "url": "https:\/\/interdesign.com.pt\/pt\/",
                    "name": "Interdesign",
                    "description": "Mobili\u00e1rio, Interiores &amp; Decora\u00e7\u00e3o",
                    "publisher": {
                        "@id": "https:\/\/interdesign.com.pt\/pt\/#organization"
                    },
                    "potentialAction": [
                        {
                            "@type": "SearchAction",
                            "target": {
                                "@type": "EntryPoint",
                                "urlTemplate": "https:\/\/interdesign.com.pt\/pt\/?s={search_term_string}"
                            },
                            "query-input": {
                                "@type": "PropertyValueSpecification",
                                "valueRequired": true,
                                "valueName": "search_term_string"
                            }
                        }
                    ],
                    "inLanguage": "en-US"
                },
                {
                    "@type": "Organization",
                    "@id": "https:\/\/interdesign.com.pt\/pt\/#organization",
                    "name": "Interdesign",
                    "url": "https:\/\/interdesign.com.pt\/pt\/",
                    "logo": {
                        "@type": "ImageObject",
                        "inLanguage": "en-US",
                        "@id": "https:\/\/interdesign.com.pt\/pt\/#\/schema\/logo\/image\/",
                        "url": "https:\/\/interdesign.com.pt\/wp-content\/uploads\/2025\/03\/interdesign-logo.svg",
                        "contentUrl": "https:\/\/interdesign.com.pt\/wp-content\/uploads\/2025\/03\/interdesign-logo.svg",
                        "caption": "Interdesign"
                    },
                    "image": {
                        "@id": "https:\/\/interdesign.com.pt\/pt\/#\/schema\/logo\/image\/"
                    }
                },
                {
                    "@type": "Person",
                    "@id": "https:\/\/interdesign.com.pt\/pt\/#\/schema\/person\/3c9d2ae5115cbe89e0250d293cfdaa5b",
                    "name": "catia",
                    "url": "https:\/\/interdesign.com.pt\/en\/author\/catia\/"
                }
            ]
        }
    },
    "_links": {
        "self": [
            {
                "href": "https:\/\/interdesign.com.pt\/en\/wp-json\/wp\/v2\/posts\/9608",
                "targetHints": {
                    "allow": [
                        "GET"
                    ]
                }
            }
        ],
        "collection": [
            {
                "href": "https:\/\/interdesign.com.pt\/en\/wp-json\/wp\/v2\/posts"
            }
        ],
        "about": [
            {
                "href": "https:\/\/interdesign.com.pt\/en\/wp-json\/wp\/v2\/types\/post"
            }
        ],
        "author": [
            {
                "embeddable": true,
                "href": "https:\/\/interdesign.com.pt\/en\/wp-json\/wp\/v2\/users\/1"
            }
        ],
        "replies": [
            {
                "embeddable": true,
                "href": "https:\/\/interdesign.com.pt\/en\/wp-json\/wp\/v2\/comments?post=9608"
            }
        ],
        "version-history": [
            {
                "count": 19,
                "href": "https:\/\/interdesign.com.pt\/en\/wp-json\/wp\/v2\/posts\/9608\/revisions"
            }
        ],
        "predecessor-version": [
            {
                "id": 70040,
                "href": "https:\/\/interdesign.com.pt\/en\/wp-json\/wp\/v2\/posts\/9608\/revisions\/70040"
            }
        ],
        "wp:featuredmedia": [
            {
                "embeddable": true,
                "href": "https:\/\/interdesign.com.pt\/en\/wp-json\/wp\/v2\/media\/9610"
            }
        ],
        "wp:attachment": [
            {
                "href": "https:\/\/interdesign.com.pt\/en\/wp-json\/wp\/v2\/media?parent=9608"
            }
        ],
        "wp:term": [
            {
                "taxonomy": "category",
                "embeddable": true,
                "href": "https:\/\/interdesign.com.pt\/en\/wp-json\/wp\/v2\/categories?post=9608"
            },
            {
                "taxonomy": "post_tag",
                "embeddable": true,
                "href": "https:\/\/interdesign.com.pt\/en\/wp-json\/wp\/v2\/tags?post=9608"
            }
        ],
        "curies": [
            {
                "name": "wp",
                "href": "https:\/\/api.w.org\/{rel}",
                "templated": true
            }
        ]
    }
}