{
    "id": 9648,
    "date": "2025-05-16T08:25:00",
    "date_gmt": "2025-05-16T08:25:00",
    "guid": {
        "rendered": "https:\/\/interdesign.ad-pulse.com\/?p=9648"
    },
    "modified": "2026-01-09T15:57:13",
    "modified_gmt": "2026-01-09T15:57:13",
    "slug": "turn-on-the-lights",
    "status": "publish",
    "type": "post",
    "link": "https:\/\/interdesign.com.pt\/en\/turn-on-the-lights\/",
    "title": {
        "rendered": "Turn On The Lights!"
    },
    "content": {
        "rendered": "<div data-elementor-type=\"wp-post\" data-elementor-id=\"9648\" class=\"elementor elementor-9648\" data-elementor-post-type=\"post\">\n\t\t\t\t<div class=\"elementor-element elementor-element-62f24cc e-con-full e-flex e-con e-parent\" data-id=\"62f24cc\" data-element_type=\"container\" data-e-type=\"container\">\n\t\t\t\t<div class=\"elementor-element elementor-element-ed42227 elementor-widget__width-initial elementor-widget-laptop__width-inherit elementor-widget-tablet__width-inherit elementor-widget elementor-widget-text-editor\" data-id=\"ed42227\" data-element_type=\"widget\" data-e-type=\"widget\" data-widget_type=\"text-editor.default\">\n\t\t\t\t<div class=\"elementor-widget-container\">\n\t\t\t\t\t\t\t\t\t<p>The new lamp collection creates the perfect atmosphere and adds a touch of boldness and personality to the d\u00e9cor.<\/p><p>We are passionate about marble, which is why we have two special models for fans of this timeless material.\u00a0If you prefer bold and unexpected combinations, you will love our customizable models, from the color to the lampshade fabric. Handmade by our artisans, there are no limits to imagination.<\/p>\t\t\t\t\t\t\t\t<\/div>\n\t\t\t\t<\/div>\n\t\t\t\t<div class=\"elementor-element elementor-element-dfa36f0 elementor-widget elementor-widget-gallery\" data-id=\"dfa36f0\" data-element_type=\"widget\" data-e-type=\"widget\" data-settings=\"{&quot;gallery_layout&quot;:&quot;masonry&quot;,&quot;columns&quot;:2,&quot;lazyload&quot;:&quot;yes&quot;,&quot;columns_tablet&quot;:2,&quot;columns_mobile&quot;:1,&quot;gap&quot;:{&quot;unit&quot;:&quot;px&quot;,&quot;size&quot;:10,&quot;sizes&quot;:[]},&quot;gap_laptop&quot;:{&quot;unit&quot;:&quot;px&quot;,&quot;size&quot;:10,&quot;sizes&quot;:[]},&quot;gap_tablet&quot;:{&quot;unit&quot;:&quot;px&quot;,&quot;size&quot;:10,&quot;sizes&quot;:[]},&quot;gap_mobile&quot;:{&quot;unit&quot;:&quot;px&quot;,&quot;size&quot;:10,&quot;sizes&quot;:[]},&quot;link_to&quot;:&quot;file&quot;,&quot;content_hover_animation&quot;:&quot;fade-in&quot;}\" data-widget_type=\"gallery.default\">\n\t\t\t\t<div class=\"elementor-widget-container\">\n\t\t\t\t\t\t\t<div class=\"elementor-gallery__container\">\n\t\t\t\t\t\t\t<a class=\"e-gallery-item elementor-gallery-item elementor-animated-content\" href=\"https:\/\/interdesign.com.pt\/wp-content\/uploads\/2025\/05\/iluminacao_interdesign1-1.jpg\" data-elementor-open-lightbox=\"yes\" data-elementor-lightbox-slideshow=\"dfa36f0\" data-e-action-hash=\"#elementor-action%3Aaction%3Dlightbox%26settings%3DeyJpZCI6OTY2MywidXJsIjoiaHR0cHM6XC9cL2ludGVyZGVzaWduLmNvbS5wdFwvd3AtY29udGVudFwvdXBsb2Fkc1wvMjAyNVwvMDVcL2lsdW1pbmFjYW9faW50ZXJkZXNpZ24xLTEuanBnIiwic2xpZGVzaG93IjoiZGZhMzZmMCJ9\">\n\t\t\t\t\t<div class=\"e-gallery-image elementor-gallery-item__image\" data-thumbnail=\"https:\/\/interdesign.com.pt\/wp-content\/uploads\/2025\/05\/iluminacao_interdesign1-1.jpg\" data-width=\"1200\" data-height=\"552\" aria-label=\"Turn On The Lights\" role=\"img\" ><\/div>\n\t\t\t\t\t\t\t\t\t\t\t\t\t\t<\/a>\n\t\t\t\t\t\t\t<a class=\"e-gallery-item elementor-gallery-item elementor-animated-content\" href=\"https:\/\/interdesign.com.pt\/wp-content\/uploads\/2025\/05\/iluminacao_interdesign2.jpg\" data-elementor-open-lightbox=\"yes\" data-elementor-lightbox-slideshow=\"dfa36f0\" data-e-action-hash=\"#elementor-action%3Aaction%3Dlightbox%26settings%3DeyJpZCI6OTY2NCwidXJsIjoiaHR0cHM6XC9cL2ludGVyZGVzaWduLmNvbS5wdFwvd3AtY29udGVudFwvdXBsb2Fkc1wvMjAyNVwvMDVcL2lsdW1pbmFjYW9faW50ZXJkZXNpZ24yLmpwZyIsInNsaWRlc2hvdyI6ImRmYTM2ZjAifQ%3D%3D\">\n\t\t\t\t\t<div class=\"e-gallery-image elementor-gallery-item__image\" data-thumbnail=\"https:\/\/interdesign.com.pt\/wp-content\/uploads\/2025\/05\/iluminacao_interdesign2.jpg\" data-width=\"1200\" data-height=\"837\" aria-label=\"Turn On The Lights\" role=\"img\" ><\/div>\n\t\t\t\t\t\t\t\t\t\t\t\t\t\t<\/a>\n\t\t\t\t\t\t\t<a class=\"e-gallery-item elementor-gallery-item elementor-animated-content\" href=\"https:\/\/interdesign.com.pt\/wp-content\/uploads\/2025\/05\/iluminacao_interdesign3.jpg\" data-elementor-open-lightbox=\"yes\" data-elementor-lightbox-slideshow=\"dfa36f0\" data-e-action-hash=\"#elementor-action%3Aaction%3Dlightbox%26settings%3DeyJpZCI6OTY2MCwidXJsIjoiaHR0cHM6XC9cL2ludGVyZGVzaWduLmNvbS5wdFwvd3AtY29udGVudFwvdXBsb2Fkc1wvMjAyNVwvMDVcL2lsdW1pbmFjYW9faW50ZXJkZXNpZ24zLmpwZyIsInNsaWRlc2hvdyI6ImRmYTM2ZjAifQ%3D%3D\">\n\t\t\t\t\t<div class=\"e-gallery-image elementor-gallery-item__image\" data-thumbnail=\"https:\/\/interdesign.com.pt\/wp-content\/uploads\/2025\/05\/iluminacao_interdesign3.jpg\" data-width=\"1200\" data-height=\"837\" aria-label=\"Turn On The Lights\" role=\"img\" ><\/div>\n\t\t\t\t\t\t\t\t\t\t\t\t\t\t<\/a>\n\t\t\t\t\t<\/div>\n\t\t\t\t\t<\/div>\n\t\t\t\t<\/div>\n\t\t\t\t<\/div>\n\t\t\t\t<\/div>",
        "protected": false
    },
    "excerpt": {
        "rendered": "<p>At Interdesign, we believe that it\u2019s the details that make the difference. Lighting is often the secret to making your home more welcoming and intimate. Do you agree?<\/p>",
        "protected": false
    },
    "author": 1,
    "featured_media": 9657,
    "comment_status": "closed",
    "ping_status": "open",
    "sticky": false,
    "template": "",
    "format": "standard",
    "meta": {
        "_acf_changed": false,
        "footnotes": ""
    },
    "categories": [
        32
    ],
    "tags": [],
    "class_list": [
        "post-9648",
        "post",
        "type-post",
        "status-publish",
        "format-standard",
        "has-post-thumbnail",
        "hentry",
        "category-news"
    ],
    "acf": [],
    "yoast_head": "<!-- This site is optimized with the Yoast SEO plugin v27.3 - https:\/\/yoast.com\/product\/yoast-seo-wordpress\/ -->\n<title>Turn On The Lights! - Interdesign<\/title>\n<meta name=\"description\" content=\"At Interdesign, we believe that it\u2019s the details that make the difference. Lighting is often the secret to making your home more welcoming.\" \/>\n<meta name=\"robots\" content=\"index, follow, max-snippet:-1, max-image-preview:large, max-video-preview:-1\" \/>\n<link rel=\"canonical\" href=\"https:\/\/interdesign.com.pt\/en\/turn-on-the-lights\/\" \/>\n<meta property=\"og:locale\" content=\"en_US\" \/>\n<meta property=\"og:type\" content=\"article\" \/>\n<meta property=\"og:title\" content=\"Turn On The Lights! - Interdesign\" \/>\n<meta property=\"og:description\" content=\"At Interdesign, we believe that it\u2019s the details that make the difference. Lighting is often the secret to making your home more welcoming.\" \/>\n<meta property=\"og:url\" content=\"https:\/\/interdesign.com.pt\/en\/turn-on-the-lights\/\" \/>\n<meta property=\"og:site_name\" content=\"Interdesign\" \/>\n<meta property=\"article:published_time\" content=\"2025-05-16T08:25:00+00:00\" \/>\n<meta property=\"article:modified_time\" content=\"2026-01-09T15:57:13+00:00\" \/>\n<meta property=\"og:image\" content=\"https:\/\/interdesign.com.pt\/wp-content\/uploads\/2025\/09\/ILUMINACAO_INTERDESIGN.jpg\" \/>\n\t<meta property=\"og:image:width\" content=\"1046\" \/>\n\t<meta property=\"og:image:height\" content=\"1239\" \/>\n\t<meta property=\"og:image:type\" content=\"image\/jpeg\" \/>\n<meta name=\"author\" content=\"catia\" \/>\n<meta name=\"twitter:card\" content=\"summary_large_image\" \/>\n<meta name=\"twitter:title\" content=\"Turn On The Lights! - Interdesign\" \/>\n<meta name=\"twitter:description\" content=\"At Interdesign, we believe that it\u2019s the details that make the difference. Lighting is often the secret to making your home more welcoming.\" \/>\n<meta name=\"twitter:image\" content=\"https:\/\/interdesign.com.pt\/wp-content\/uploads\/2025\/09\/ILUMINACAO_INTERDESIGN.jpg\" \/>\n<meta name=\"twitter:label1\" content=\"Written by\" \/>\n\t<meta name=\"twitter:data1\" content=\"catia\" \/>\n\t<meta name=\"twitter:label2\" content=\"Est. reading time\" \/>\n\t<meta name=\"twitter:data2\" content=\"1 minute\" \/>\n<script type=\"application\/ld+json\" class=\"yoast-schema-graph\">{\"@context\":\"https:\\\/\\\/schema.org\",\"@graph\":[{\"@type\":\"Article\",\"@id\":\"https:\\\/\\\/interdesign.com.pt\\\/pt\\\/turn-on-the-lights\\\/#article\",\"isPartOf\":{\"@id\":\"https:\\\/\\\/interdesign.com.pt\\\/pt\\\/turn-on-the-lights\\\/\"},\"author\":{\"name\":\"catia\",\"@id\":\"https:\\\/\\\/interdesign.com.pt\\\/pt\\\/#\\\/schema\\\/person\\\/3c9d2ae5115cbe89e0250d293cfdaa5b\"},\"headline\":\"Turn On The Lights!\",\"datePublished\":\"2025-05-16T08:25:00+00:00\",\"dateModified\":\"2026-01-09T15:57:13+00:00\",\"mainEntityOfPage\":{\"@id\":\"https:\\\/\\\/interdesign.com.pt\\\/pt\\\/turn-on-the-lights\\\/\"},\"wordCount\":73,\"publisher\":{\"@id\":\"https:\\\/\\\/interdesign.com.pt\\\/pt\\\/#organization\"},\"image\":{\"@id\":\"https:\\\/\\\/interdesign.com.pt\\\/pt\\\/turn-on-the-lights\\\/#primaryimage\"},\"thumbnailUrl\":\"https:\\\/\\\/interdesign.com.pt\\\/wp-content\\\/uploads\\\/2025\\\/09\\\/ILUMINACAO_INTERDESIGN.jpg\",\"articleSection\":[\"News\"],\"inLanguage\":\"en-US\"},{\"@type\":\"WebPage\",\"@id\":\"https:\\\/\\\/interdesign.com.pt\\\/pt\\\/turn-on-the-lights\\\/\",\"url\":\"https:\\\/\\\/interdesign.com.pt\\\/pt\\\/turn-on-the-lights\\\/\",\"name\":\"Turn On The Lights! - Interdesign\",\"isPartOf\":{\"@id\":\"https:\\\/\\\/interdesign.com.pt\\\/pt\\\/#website\"},\"primaryImageOfPage\":{\"@id\":\"https:\\\/\\\/interdesign.com.pt\\\/pt\\\/turn-on-the-lights\\\/#primaryimage\"},\"image\":{\"@id\":\"https:\\\/\\\/interdesign.com.pt\\\/pt\\\/turn-on-the-lights\\\/#primaryimage\"},\"thumbnailUrl\":\"https:\\\/\\\/interdesign.com.pt\\\/wp-content\\\/uploads\\\/2025\\\/09\\\/ILUMINACAO_INTERDESIGN.jpg\",\"datePublished\":\"2025-05-16T08:25:00+00:00\",\"dateModified\":\"2026-01-09T15:57:13+00:00\",\"description\":\"At Interdesign, we believe that it\u2019s the details that make the difference. Lighting is often the secret to making your home more welcoming.\",\"breadcrumb\":{\"@id\":\"https:\\\/\\\/interdesign.com.pt\\\/pt\\\/turn-on-the-lights\\\/#breadcrumb\"},\"inLanguage\":\"en-US\",\"potentialAction\":[{\"@type\":\"ReadAction\",\"target\":[\"https:\\\/\\\/interdesign.com.pt\\\/pt\\\/turn-on-the-lights\\\/\"]}]},{\"@type\":\"ImageObject\",\"inLanguage\":\"en-US\",\"@id\":\"https:\\\/\\\/interdesign.com.pt\\\/pt\\\/turn-on-the-lights\\\/#primaryimage\",\"url\":\"https:\\\/\\\/interdesign.com.pt\\\/wp-content\\\/uploads\\\/2025\\\/09\\\/ILUMINACAO_INTERDESIGN.jpg\",\"contentUrl\":\"https:\\\/\\\/interdesign.com.pt\\\/wp-content\\\/uploads\\\/2025\\\/09\\\/ILUMINACAO_INTERDESIGN.jpg\",\"width\":1046,\"height\":1239,\"caption\":\"Turn On The Lights\"},{\"@type\":\"BreadcrumbList\",\"@id\":\"https:\\\/\\\/interdesign.com.pt\\\/pt\\\/turn-on-the-lights\\\/#breadcrumb\",\"itemListElement\":[{\"@type\":\"ListItem\",\"position\":1,\"name\":\"Home\",\"item\":\"https:\\\/\\\/interdesign.com.pt\\\/\"},{\"@type\":\"ListItem\",\"position\":2,\"name\":\"Turn On The Lights!\"}]},{\"@type\":\"WebSite\",\"@id\":\"https:\\\/\\\/interdesign.com.pt\\\/pt\\\/#website\",\"url\":\"https:\\\/\\\/interdesign.com.pt\\\/pt\\\/\",\"name\":\"Interdesign\",\"description\":\"Mobili\u00e1rio, Interiores &amp; Decora\u00e7\u00e3o\",\"publisher\":{\"@id\":\"https:\\\/\\\/interdesign.com.pt\\\/pt\\\/#organization\"},\"potentialAction\":[{\"@type\":\"SearchAction\",\"target\":{\"@type\":\"EntryPoint\",\"urlTemplate\":\"https:\\\/\\\/interdesign.com.pt\\\/pt\\\/?s={search_term_string}\"},\"query-input\":{\"@type\":\"PropertyValueSpecification\",\"valueRequired\":true,\"valueName\":\"search_term_string\"}}],\"inLanguage\":\"en-US\"},{\"@type\":\"Organization\",\"@id\":\"https:\\\/\\\/interdesign.com.pt\\\/pt\\\/#organization\",\"name\":\"Interdesign\",\"url\":\"https:\\\/\\\/interdesign.com.pt\\\/pt\\\/\",\"logo\":{\"@type\":\"ImageObject\",\"inLanguage\":\"en-US\",\"@id\":\"https:\\\/\\\/interdesign.com.pt\\\/pt\\\/#\\\/schema\\\/logo\\\/image\\\/\",\"url\":\"https:\\\/\\\/interdesign.com.pt\\\/wp-content\\\/uploads\\\/2025\\\/03\\\/interdesign-logo.svg\",\"contentUrl\":\"https:\\\/\\\/interdesign.com.pt\\\/wp-content\\\/uploads\\\/2025\\\/03\\\/interdesign-logo.svg\",\"caption\":\"Interdesign\"},\"image\":{\"@id\":\"https:\\\/\\\/interdesign.com.pt\\\/pt\\\/#\\\/schema\\\/logo\\\/image\\\/\"}},{\"@type\":\"Person\",\"@id\":\"https:\\\/\\\/interdesign.com.pt\\\/pt\\\/#\\\/schema\\\/person\\\/3c9d2ae5115cbe89e0250d293cfdaa5b\",\"name\":\"catia\",\"url\":\"https:\\\/\\\/interdesign.com.pt\\\/en\\\/author\\\/catia\\\/\"}]}<\/script>\n<!-- \/ Yoast SEO plugin. -->",
    "yoast_head_json": {
        "title": "Turn On The Lights! - Interdesign",
        "description": "At Interdesign, we believe that it\u2019s the details that make the difference. Lighting is often the secret to making your home more welcoming.",
        "robots": {
            "index": "index",
            "follow": "follow",
            "max-snippet": "max-snippet:-1",
            "max-image-preview": "max-image-preview:large",
            "max-video-preview": "max-video-preview:-1"
        },
        "canonical": "https:\/\/interdesign.com.pt\/en\/turn-on-the-lights\/",
        "og_locale": "en_US",
        "og_type": "article",
        "og_title": "Turn On The Lights! - Interdesign",
        "og_description": "At Interdesign, we believe that it\u2019s the details that make the difference. Lighting is often the secret to making your home more welcoming.",
        "og_url": "https:\/\/interdesign.com.pt\/en\/turn-on-the-lights\/",
        "og_site_name": "Interdesign",
        "article_published_time": "2025-05-16T08:25:00+00:00",
        "article_modified_time": "2026-01-09T15:57:13+00:00",
        "og_image": [
            {
                "width": 1046,
                "height": 1239,
                "url": "https:\/\/interdesign.com.pt\/wp-content\/uploads\/2025\/09\/ILUMINACAO_INTERDESIGN.jpg",
                "type": "image\/jpeg"
            }
        ],
        "author": "catia",
        "twitter_card": "summary_large_image",
        "twitter_title": "Turn On The Lights! - Interdesign",
        "twitter_description": "At Interdesign, we believe that it\u2019s the details that make the difference. Lighting is often the secret to making your home more welcoming.",
        "twitter_image": "https:\/\/interdesign.com.pt\/wp-content\/uploads\/2025\/09\/ILUMINACAO_INTERDESIGN.jpg",
        "twitter_misc": {
            "Written by": "catia",
            "Est. reading time": "1 minute"
        },
        "schema": {
            "@context": "https:\/\/schema.org",
            "@graph": [
                {
                    "@type": "Article",
                    "@id": "https:\/\/interdesign.com.pt\/pt\/turn-on-the-lights\/#article",
                    "isPartOf": {
                        "@id": "https:\/\/interdesign.com.pt\/pt\/turn-on-the-lights\/"
                    },
                    "author": {
                        "name": "catia",
                        "@id": "https:\/\/interdesign.com.pt\/pt\/#\/schema\/person\/3c9d2ae5115cbe89e0250d293cfdaa5b"
                    },
                    "headline": "Turn On The Lights!",
                    "datePublished": "2025-05-16T08:25:00+00:00",
                    "dateModified": "2026-01-09T15:57:13+00:00",
                    "mainEntityOfPage": {
                        "@id": "https:\/\/interdesign.com.pt\/pt\/turn-on-the-lights\/"
                    },
                    "wordCount": 73,
                    "publisher": {
                        "@id": "https:\/\/interdesign.com.pt\/pt\/#organization"
                    },
                    "image": {
                        "@id": "https:\/\/interdesign.com.pt\/pt\/turn-on-the-lights\/#primaryimage"
                    },
                    "thumbnailUrl": "https:\/\/interdesign.com.pt\/wp-content\/uploads\/2025\/09\/ILUMINACAO_INTERDESIGN.jpg",
                    "articleSection": [
                        "News"
                    ],
                    "inLanguage": "en-US"
                },
                {
                    "@type": "WebPage",
                    "@id": "https:\/\/interdesign.com.pt\/pt\/turn-on-the-lights\/",
                    "url": "https:\/\/interdesign.com.pt\/pt\/turn-on-the-lights\/",
                    "name": "Turn On The Lights! - Interdesign",
                    "isPartOf": {
                        "@id": "https:\/\/interdesign.com.pt\/pt\/#website"
                    },
                    "primaryImageOfPage": {
                        "@id": "https:\/\/interdesign.com.pt\/pt\/turn-on-the-lights\/#primaryimage"
                    },
                    "image": {
                        "@id": "https:\/\/interdesign.com.pt\/pt\/turn-on-the-lights\/#primaryimage"
                    },
                    "thumbnailUrl": "https:\/\/interdesign.com.pt\/wp-content\/uploads\/2025\/09\/ILUMINACAO_INTERDESIGN.jpg",
                    "datePublished": "2025-05-16T08:25:00+00:00",
                    "dateModified": "2026-01-09T15:57:13+00:00",
                    "description": "At Interdesign, we believe that it\u2019s the details that make the difference. Lighting is often the secret to making your home more welcoming.",
                    "breadcrumb": {
                        "@id": "https:\/\/interdesign.com.pt\/pt\/turn-on-the-lights\/#breadcrumb"
                    },
                    "inLanguage": "en-US",
                    "potentialAction": [
                        {
                            "@type": "ReadAction",
                            "target": [
                                "https:\/\/interdesign.com.pt\/pt\/turn-on-the-lights\/"
                            ]
                        }
                    ]
                },
                {
                    "@type": "ImageObject",
                    "inLanguage": "en-US",
                    "@id": "https:\/\/interdesign.com.pt\/pt\/turn-on-the-lights\/#primaryimage",
                    "url": "https:\/\/interdesign.com.pt\/wp-content\/uploads\/2025\/09\/ILUMINACAO_INTERDESIGN.jpg",
                    "contentUrl": "https:\/\/interdesign.com.pt\/wp-content\/uploads\/2025\/09\/ILUMINACAO_INTERDESIGN.jpg",
                    "width": 1046,
                    "height": 1239,
                    "caption": "Turn On The Lights"
                },
                {
                    "@type": "BreadcrumbList",
                    "@id": "https:\/\/interdesign.com.pt\/pt\/turn-on-the-lights\/#breadcrumb",
                    "itemListElement": [
                        {
                            "@type": "ListItem",
                            "position": 1,
                            "name": "Home",
                            "item": "https:\/\/interdesign.com.pt\/"
                        },
                        {
                            "@type": "ListItem",
                            "position": 2,
                            "name": "Turn On The Lights!"
                        }
                    ]
                },
                {
                    "@type": "WebSite",
                    "@id": "https:\/\/interdesign.com.pt\/pt\/#website",
                    "url": "https:\/\/interdesign.com.pt\/pt\/",
                    "name": "Interdesign",
                    "description": "Mobili\u00e1rio, Interiores &amp; Decora\u00e7\u00e3o",
                    "publisher": {
                        "@id": "https:\/\/interdesign.com.pt\/pt\/#organization"
                    },
                    "potentialAction": [
                        {
                            "@type": "SearchAction",
                            "target": {
                                "@type": "EntryPoint",
                                "urlTemplate": "https:\/\/interdesign.com.pt\/pt\/?s={search_term_string}"
                            },
                            "query-input": {
                                "@type": "PropertyValueSpecification",
                                "valueRequired": true,
                                "valueName": "search_term_string"
                            }
                        }
                    ],
                    "inLanguage": "en-US"
                },
                {
                    "@type": "Organization",
                    "@id": "https:\/\/interdesign.com.pt\/pt\/#organization",
                    "name": "Interdesign",
                    "url": "https:\/\/interdesign.com.pt\/pt\/",
                    "logo": {
                        "@type": "ImageObject",
                        "inLanguage": "en-US",
                        "@id": "https:\/\/interdesign.com.pt\/pt\/#\/schema\/logo\/image\/",
                        "url": "https:\/\/interdesign.com.pt\/wp-content\/uploads\/2025\/03\/interdesign-logo.svg",
                        "contentUrl": "https:\/\/interdesign.com.pt\/wp-content\/uploads\/2025\/03\/interdesign-logo.svg",
                        "caption": "Interdesign"
                    },
                    "image": {
                        "@id": "https:\/\/interdesign.com.pt\/pt\/#\/schema\/logo\/image\/"
                    }
                },
                {
                    "@type": "Person",
                    "@id": "https:\/\/interdesign.com.pt\/pt\/#\/schema\/person\/3c9d2ae5115cbe89e0250d293cfdaa5b",
                    "name": "catia",
                    "url": "https:\/\/interdesign.com.pt\/en\/author\/catia\/"
                }
            ]
        }
    },
    "_links": {
        "self": [
            {
                "href": "https:\/\/interdesign.com.pt\/en\/wp-json\/wp\/v2\/posts\/9648",
                "targetHints": {
                    "allow": [
                        "GET"
                    ]
                }
            }
        ],
        "collection": [
            {
                "href": "https:\/\/interdesign.com.pt\/en\/wp-json\/wp\/v2\/posts"
            }
        ],
        "about": [
            {
                "href": "https:\/\/interdesign.com.pt\/en\/wp-json\/wp\/v2\/types\/post"
            }
        ],
        "author": [
            {
                "embeddable": true,
                "href": "https:\/\/interdesign.com.pt\/en\/wp-json\/wp\/v2\/users\/1"
            }
        ],
        "replies": [
            {
                "embeddable": true,
                "href": "https:\/\/interdesign.com.pt\/en\/wp-json\/wp\/v2\/comments?post=9648"
            }
        ],
        "version-history": [
            {
                "count": 32,
                "href": "https:\/\/interdesign.com.pt\/en\/wp-json\/wp\/v2\/posts\/9648\/revisions"
            }
        ],
        "predecessor-version": [
            {
                "id": 70037,
                "href": "https:\/\/interdesign.com.pt\/en\/wp-json\/wp\/v2\/posts\/9648\/revisions\/70037"
            }
        ],
        "wp:featuredmedia": [
            {
                "embeddable": true,
                "href": "https:\/\/interdesign.com.pt\/en\/wp-json\/wp\/v2\/media\/9657"
            }
        ],
        "wp:attachment": [
            {
                "href": "https:\/\/interdesign.com.pt\/en\/wp-json\/wp\/v2\/media?parent=9648"
            }
        ],
        "wp:term": [
            {
                "taxonomy": "category",
                "embeddable": true,
                "href": "https:\/\/interdesign.com.pt\/en\/wp-json\/wp\/v2\/categories?post=9648"
            },
            {
                "taxonomy": "post_tag",
                "embeddable": true,
                "href": "https:\/\/interdesign.com.pt\/en\/wp-json\/wp\/v2\/tags?post=9648"
            }
        ],
        "curies": [
            {
                "name": "wp",
                "href": "https:\/\/api.w.org\/{rel}",
                "templated": true
            }
        ]
    }
}