{
    "id": 13378,
    "date": "2025-11-14T17:52:34",
    "date_gmt": "2025-11-14T17:52:34",
    "guid": {
        "rendered": "https:\/\/interdesign.ad-pulse.com\/?post_type=product&#038;p=13378"
    },
    "modified": "2026-04-21T09:43:41",
    "modified_gmt": "2026-04-21T09:43:41",
    "slug": "lush-dining-table",
    "status": "publish",
    "type": "product",
    "link": "https:\/\/interdesign.com.pt\/en\/product\/lush-dining-table\/",
    "title": {
        "rendered": "Lush Dining Table"
    },
    "content": {
        "rendered": "<p>Marble Table Top With Stainless Steel Trim. Stainless Steel Foot.<\/p>",
        "protected": false
    },
    "excerpt": {
        "rendered": "<p>Add a refined touch to your interiors with the Lush Dining Table. Made for everyday meals and special moments with guests. This piece is created to bring balance, elegance, and practicality. perfect for styling lounges, reading corners, or entryways.<\/p>",
        "protected": false
    },
    "featured_media": 17992,
    "template": "",
    "meta": {
        "_acf_changed": false
    },
    "room": [
        127
    ],
    "product_brand": [
        175
    ],
    "product_cat": [
        186
    ],
    "product_tag": [],
    "class_list": {
        "0": "post-13378",
        "1": "product",
        "2": "type-product",
        "3": "status-publish",
        "4": "has-post-thumbnail",
        "6": "room-dining-room",
        "7": "product_brand-lush",
        "8": "product_cat-dining-tables",
        "9": "product_shipping_class-standard",
        "11": "first",
        "12": "instock",
        "13": "shipping-taxable",
        "14": "purchasable",
        "15": "product-type-variable",
        "16": "wvs-archive-product-wrapper",
        "17": "rtwpvg-product"
    },
    "acf": [],
    "yoast_head": "<!-- This site is optimized with the Yoast SEO plugin v27.3 - https:\/\/yoast.com\/product\/yoast-seo-wordpress\/ -->\n<title>Lush Dining Table - Interdesign<\/title>\n<meta name=\"description\" content=\"Discover Interdesign\u2019s exclusive curated selection of furniture and design pieces at interdesign.com.pt. Crafted in Portugal with a focus on quality, comfort and timeless design.\" \/>\n<meta name=\"robots\" content=\"index, follow, max-snippet:-1, max-image-preview:large, max-video-preview:-1\" \/>\n<link rel=\"canonical\" href=\"https:\/\/interdesign.com.pt\/en\/product\/lush-dining-table\/\" \/>\n<meta property=\"og:locale\" content=\"en_US\" \/>\n<meta property=\"og:type\" content=\"article\" \/>\n<meta property=\"og:title\" content=\"Lush Dining Table - Interdesign\" \/>\n<meta property=\"og:description\" content=\"Discover Interdesign\u2019s exclusive curated selection of furniture and design pieces at interdesign.com.pt. Crafted in Portugal with a focus on quality, comfort and timeless design.\" \/>\n<meta property=\"og:url\" content=\"https:\/\/interdesign.com.pt\/en\/product\/lush-dining-table\/\" \/>\n<meta property=\"og:site_name\" content=\"Interdesign\" \/>\n<meta property=\"article:modified_time\" content=\"2026-04-21T09:43:41+00:00\" \/>\n<meta property=\"og:image\" content=\"https:\/\/interdesign.com.pt\/wp-content\/uploads\/2025\/11\/Mesa-de-jantar-Lush-INTERDESIGN-2.jpg\" \/>\n\t<meta property=\"og:image:width\" content=\"1920\" \/>\n\t<meta property=\"og:image:height\" content=\"1920\" \/>\n\t<meta property=\"og:image:type\" content=\"image\/jpeg\" \/>\n<meta name=\"twitter:card\" content=\"summary_large_image\" \/>\n<meta name=\"twitter:label1\" content=\"Est. reading time\" \/>\n\t<meta name=\"twitter:data1\" content=\"1 minute\" \/>\n<script type=\"application\/ld+json\" class=\"yoast-schema-graph\">{\"@context\":\"https:\\\/\\\/schema.org\",\"@graph\":[{\"@type\":\"WebPage\",\"@id\":\"https:\\\/\\\/interdesign.com.pt\\\/en\\\/product\\\/lush-dining-table\\\/\",\"url\":\"https:\\\/\\\/interdesign.com.pt\\\/en\\\/product\\\/lush-dining-table\\\/\",\"name\":\"Lush Dining Table - Interdesign\",\"isPartOf\":{\"@id\":\"https:\\\/\\\/interdesign.com.pt\\\/pt\\\/#website\"},\"primaryImageOfPage\":{\"@id\":\"https:\\\/\\\/interdesign.com.pt\\\/en\\\/product\\\/lush-dining-table\\\/#primaryimage\"},\"image\":{\"@id\":\"https:\\\/\\\/interdesign.com.pt\\\/en\\\/product\\\/lush-dining-table\\\/#primaryimage\"},\"thumbnailUrl\":\"https:\\\/\\\/interdesign.com.pt\\\/wp-content\\\/uploads\\\/2025\\\/11\\\/Mesa-de-jantar-Lush-INTERDESIGN-2.jpg\",\"datePublished\":\"2025-11-14T17:52:34+00:00\",\"dateModified\":\"2026-04-21T09:43:41+00:00\",\"description\":\"Discover Interdesign\u2019s exclusive curated selection of furniture and design pieces at interdesign.com.pt. Crafted in Portugal with a focus on quality, comfort and timeless design.\",\"breadcrumb\":{\"@id\":\"https:\\\/\\\/interdesign.com.pt\\\/en\\\/product\\\/lush-dining-table\\\/#breadcrumb\"},\"inLanguage\":\"en-US\",\"potentialAction\":[{\"@type\":\"ReadAction\",\"target\":[\"https:\\\/\\\/interdesign.com.pt\\\/en\\\/product\\\/lush-dining-table\\\/\"]}]},{\"@type\":\"ImageObject\",\"inLanguage\":\"en-US\",\"@id\":\"https:\\\/\\\/interdesign.com.pt\\\/en\\\/product\\\/lush-dining-table\\\/#primaryimage\",\"url\":\"https:\\\/\\\/interdesign.com.pt\\\/wp-content\\\/uploads\\\/2025\\\/11\\\/Mesa-de-jantar-Lush-INTERDESIGN-2.jpg\",\"contentUrl\":\"https:\\\/\\\/interdesign.com.pt\\\/wp-content\\\/uploads\\\/2025\\\/11\\\/Mesa-de-jantar-Lush-INTERDESIGN-2.jpg\",\"width\":1920,\"height\":1920,\"caption\":\"Lush Dining Table | Interdesign\"},{\"@type\":\"BreadcrumbList\",\"@id\":\"https:\\\/\\\/interdesign.com.pt\\\/en\\\/product\\\/lush-dining-table\\\/#breadcrumb\",\"itemListElement\":[{\"@type\":\"ListItem\",\"position\":1,\"name\":\"Home\",\"item\":\"https:\\\/\\\/interdesign.com.pt\\\/\"},{\"@type\":\"ListItem\",\"position\":2,\"name\":\"Shop\",\"item\":\"https:\\\/\\\/interdesign.com.pt\\\/pt\\\/loja\\\/\"},{\"@type\":\"ListItem\",\"position\":3,\"name\":\"Lush Dining Table\"}]},{\"@type\":\"WebSite\",\"@id\":\"https:\\\/\\\/interdesign.com.pt\\\/pt\\\/#website\",\"url\":\"https:\\\/\\\/interdesign.com.pt\\\/pt\\\/\",\"name\":\"Interdesign\",\"description\":\"Mobili\u00e1rio, Interiores &amp; Decora\u00e7\u00e3o\",\"publisher\":{\"@id\":\"https:\\\/\\\/interdesign.com.pt\\\/pt\\\/#organization\"},\"potentialAction\":[{\"@type\":\"SearchAction\",\"target\":{\"@type\":\"EntryPoint\",\"urlTemplate\":\"https:\\\/\\\/interdesign.com.pt\\\/pt\\\/?s={search_term_string}\"},\"query-input\":{\"@type\":\"PropertyValueSpecification\",\"valueRequired\":true,\"valueName\":\"search_term_string\"}}],\"inLanguage\":\"en-US\"},{\"@type\":\"Organization\",\"@id\":\"https:\\\/\\\/interdesign.com.pt\\\/pt\\\/#organization\",\"name\":\"Interdesign\",\"url\":\"https:\\\/\\\/interdesign.com.pt\\\/pt\\\/\",\"logo\":{\"@type\":\"ImageObject\",\"inLanguage\":\"en-US\",\"@id\":\"https:\\\/\\\/interdesign.com.pt\\\/pt\\\/#\\\/schema\\\/logo\\\/image\\\/\",\"url\":\"https:\\\/\\\/interdesign.com.pt\\\/wp-content\\\/uploads\\\/2025\\\/03\\\/interdesign-logo.svg\",\"contentUrl\":\"https:\\\/\\\/interdesign.com.pt\\\/wp-content\\\/uploads\\\/2025\\\/03\\\/interdesign-logo.svg\",\"caption\":\"Interdesign\"},\"image\":{\"@id\":\"https:\\\/\\\/interdesign.com.pt\\\/pt\\\/#\\\/schema\\\/logo\\\/image\\\/\"}}]}<\/script>\n<!-- \/ Yoast SEO plugin. -->",
    "yoast_head_json": {
        "title": "Lush Dining Table - Interdesign",
        "description": "Discover Interdesign\u2019s exclusive curated selection of furniture and design pieces at interdesign.com.pt. Crafted in Portugal with a focus on quality, comfort and timeless design.",
        "robots": {
            "index": "index",
            "follow": "follow",
            "max-snippet": "max-snippet:-1",
            "max-image-preview": "max-image-preview:large",
            "max-video-preview": "max-video-preview:-1"
        },
        "canonical": "https:\/\/interdesign.com.pt\/en\/product\/lush-dining-table\/",
        "og_locale": "en_US",
        "og_type": "article",
        "og_title": "Lush Dining Table - Interdesign",
        "og_description": "Discover Interdesign\u2019s exclusive curated selection of furniture and design pieces at interdesign.com.pt. Crafted in Portugal with a focus on quality, comfort and timeless design.",
        "og_url": "https:\/\/interdesign.com.pt\/en\/product\/lush-dining-table\/",
        "og_site_name": "Interdesign",
        "article_modified_time": "2026-04-21T09:43:41+00:00",
        "og_image": [
            {
                "width": 1920,
                "height": 1920,
                "url": "https:\/\/interdesign.com.pt\/wp-content\/uploads\/2025\/11\/Mesa-de-jantar-Lush-INTERDESIGN-2.jpg",
                "type": "image\/jpeg"
            }
        ],
        "twitter_card": "summary_large_image",
        "twitter_misc": {
            "Est. reading time": "1 minute"
        },
        "schema": {
            "@context": "https:\/\/schema.org",
            "@graph": [
                {
                    "@type": "WebPage",
                    "@id": "https:\/\/interdesign.com.pt\/en\/product\/lush-dining-table\/",
                    "url": "https:\/\/interdesign.com.pt\/en\/product\/lush-dining-table\/",
                    "name": "Lush Dining Table - Interdesign",
                    "isPartOf": {
                        "@id": "https:\/\/interdesign.com.pt\/pt\/#website"
                    },
                    "primaryImageOfPage": {
                        "@id": "https:\/\/interdesign.com.pt\/en\/product\/lush-dining-table\/#primaryimage"
                    },
                    "image": {
                        "@id": "https:\/\/interdesign.com.pt\/en\/product\/lush-dining-table\/#primaryimage"
                    },
                    "thumbnailUrl": "https:\/\/interdesign.com.pt\/wp-content\/uploads\/2025\/11\/Mesa-de-jantar-Lush-INTERDESIGN-2.jpg",
                    "datePublished": "2025-11-14T17:52:34+00:00",
                    "dateModified": "2026-04-21T09:43:41+00:00",
                    "description": "Discover Interdesign\u2019s exclusive curated selection of furniture and design pieces at interdesign.com.pt. Crafted in Portugal with a focus on quality, comfort and timeless design.",
                    "breadcrumb": {
                        "@id": "https:\/\/interdesign.com.pt\/en\/product\/lush-dining-table\/#breadcrumb"
                    },
                    "inLanguage": "en-US",
                    "potentialAction": [
                        {
                            "@type": "ReadAction",
                            "target": [
                                "https:\/\/interdesign.com.pt\/en\/product\/lush-dining-table\/"
                            ]
                        }
                    ]
                },
                {
                    "@type": "ImageObject",
                    "inLanguage": "en-US",
                    "@id": "https:\/\/interdesign.com.pt\/en\/product\/lush-dining-table\/#primaryimage",
                    "url": "https:\/\/interdesign.com.pt\/wp-content\/uploads\/2025\/11\/Mesa-de-jantar-Lush-INTERDESIGN-2.jpg",
                    "contentUrl": "https:\/\/interdesign.com.pt\/wp-content\/uploads\/2025\/11\/Mesa-de-jantar-Lush-INTERDESIGN-2.jpg",
                    "width": 1920,
                    "height": 1920,
                    "caption": "Lush Dining Table | Interdesign"
                },
                {
                    "@type": "BreadcrumbList",
                    "@id": "https:\/\/interdesign.com.pt\/en\/product\/lush-dining-table\/#breadcrumb",
                    "itemListElement": [
                        {
                            "@type": "ListItem",
                            "position": 1,
                            "name": "Home",
                            "item": "https:\/\/interdesign.com.pt\/"
                        },
                        {
                            "@type": "ListItem",
                            "position": 2,
                            "name": "Shop",
                            "item": "https:\/\/interdesign.com.pt\/pt\/loja\/"
                        },
                        {
                            "@type": "ListItem",
                            "position": 3,
                            "name": "Lush Dining Table"
                        }
                    ]
                },
                {
                    "@type": "WebSite",
                    "@id": "https:\/\/interdesign.com.pt\/pt\/#website",
                    "url": "https:\/\/interdesign.com.pt\/pt\/",
                    "name": "Interdesign",
                    "description": "Mobili\u00e1rio, Interiores &amp; Decora\u00e7\u00e3o",
                    "publisher": {
                        "@id": "https:\/\/interdesign.com.pt\/pt\/#organization"
                    },
                    "potentialAction": [
                        {
                            "@type": "SearchAction",
                            "target": {
                                "@type": "EntryPoint",
                                "urlTemplate": "https:\/\/interdesign.com.pt\/pt\/?s={search_term_string}"
                            },
                            "query-input": {
                                "@type": "PropertyValueSpecification",
                                "valueRequired": true,
                                "valueName": "search_term_string"
                            }
                        }
                    ],
                    "inLanguage": "en-US"
                },
                {
                    "@type": "Organization",
                    "@id": "https:\/\/interdesign.com.pt\/pt\/#organization",
                    "name": "Interdesign",
                    "url": "https:\/\/interdesign.com.pt\/pt\/",
                    "logo": {
                        "@type": "ImageObject",
                        "inLanguage": "en-US",
                        "@id": "https:\/\/interdesign.com.pt\/pt\/#\/schema\/logo\/image\/",
                        "url": "https:\/\/interdesign.com.pt\/wp-content\/uploads\/2025\/03\/interdesign-logo.svg",
                        "contentUrl": "https:\/\/interdesign.com.pt\/wp-content\/uploads\/2025\/03\/interdesign-logo.svg",
                        "caption": "Interdesign"
                    },
                    "image": {
                        "@id": "https:\/\/interdesign.com.pt\/pt\/#\/schema\/logo\/image\/"
                    }
                }
            ]
        }
    },
    "_links": {
        "self": [
            {
                "href": "https:\/\/interdesign.com.pt\/en\/wp-json\/wp\/v2\/product\/13378",
                "targetHints": {
                    "allow": [
                        "GET"
                    ]
                }
            }
        ],
        "collection": [
            {
                "href": "https:\/\/interdesign.com.pt\/en\/wp-json\/wp\/v2\/product"
            }
        ],
        "about": [
            {
                "href": "https:\/\/interdesign.com.pt\/en\/wp-json\/wp\/v2\/types\/product"
            }
        ],
        "wp:featuredmedia": [
            {
                "embeddable": true,
                "href": "https:\/\/interdesign.com.pt\/en\/wp-json\/wp\/v2\/media\/17992"
            }
        ],
        "wp:attachment": [
            {
                "href": "https:\/\/interdesign.com.pt\/en\/wp-json\/wp\/v2\/media?parent=13378"
            }
        ],
        "wp:term": [
            {
                "taxonomy": "room",
                "embeddable": true,
                "href": "https:\/\/interdesign.com.pt\/en\/wp-json\/wp\/v2\/room?post=13378"
            },
            {
                "taxonomy": "product_brand",
                "embeddable": true,
                "href": "https:\/\/interdesign.com.pt\/en\/wp-json\/wp\/v2\/product_brand?post=13378"
            },
            {
                "taxonomy": "product_cat",
                "embeddable": true,
                "href": "https:\/\/interdesign.com.pt\/en\/wp-json\/wp\/v2\/product_cat?post=13378"
            },
            {
                "taxonomy": "product_tag",
                "embeddable": true,
                "href": "https:\/\/interdesign.com.pt\/en\/wp-json\/wp\/v2\/product_tag?post=13378"
            }
        ],
        "curies": [
            {
                "name": "wp",
                "href": "https:\/\/api.w.org\/{rel}",
                "templated": true
            }
        ]
    }
}