{
    "id": 70629,
    "date": "2026-01-15T18:28:51",
    "date_gmt": "2026-01-15T18:28:51",
    "guid": {
        "rendered": "https:\/\/interdesign.ad-pulse.com\/?post_type=product&#038;p=70629"
    },
    "modified": "2026-04-21T09:51:19",
    "modified_gmt": "2026-04-21T09:51:19",
    "slug": "luxury-medical-mattress",
    "status": "publish",
    "type": "product",
    "link": "https:\/\/interdesign.com.pt\/en\/product\/luxury-medical-mattress\/",
    "title": {
        "rendered": "Luxury Medical Mattress"
    },
    "content": {
        "rendered": "<p>Height: 24 cm<\/p>\n<p><strong>Technology:<\/strong><\/p>\n<ul>\n<li>High-density and high-resilience core \u2013 HR<\/li>\n<li>Natural bamboo treatment<\/li>\n<li>Stable core individually adjusted<\/li>\n<\/ul>\n<p><strong><br \/>\nAdaptability:<\/strong><\/p>\n<ul>\n<li>Visco adaptation, soft and elastic<\/li>\n<li>Distinct layers that promote adaptation and even distribution of body pressure<\/li>\n<\/ul>",
        "protected": false
    },
    "excerpt": {
        "rendered": "<p>Elevate everyday living with the Luxury Medical Mattress. This piece is finished with detail that feels premium in daily use. Designed to blend seamlessly into contemporary spaces. ideal for living rooms, bedrooms, and open-plan spaces.<\/p>",
        "protected": false
    },
    "featured_media": 75367,
    "template": "",
    "meta": {
        "_acf_changed": false
    },
    "room": [
        51
    ],
    "product_brand": [],
    "product_cat": [
        610
    ],
    "product_tag": [],
    "class_list": {
        "0": "post-70629",
        "1": "product",
        "2": "type-product",
        "3": "status-publish",
        "4": "has-post-thumbnail",
        "6": "room-bedroom",
        "7": "product_cat-mattresses",
        "8": "product_shipping_class-standard",
        "10": "first",
        "11": "instock",
        "12": "shipping-taxable",
        "13": "purchasable",
        "14": "product-type-variable",
        "15": "wvs-archive-product-wrapper",
        "16": "rtwpvg-product"
    },
    "acf": [],
    "yoast_head": "<!-- This site is optimized with the Yoast SEO plugin v27.3 - https:\/\/yoast.com\/product\/yoast-seo-wordpress\/ -->\n<title>Luxury Medical Mattress - Interdesign<\/title>\n<meta name=\"description\" content=\"Discover Interdesign\u2019s exclusive curated selection of furniture and design pieces at interdesign.com.pt. Crafted in Portugal with a focus on quality, comfort and timeless design.\" \/>\n<meta name=\"robots\" content=\"index, follow, max-snippet:-1, max-image-preview:large, max-video-preview:-1\" \/>\n<link rel=\"canonical\" href=\"https:\/\/interdesign.com.pt\/en\/product\/luxury-medical-mattress\/\" \/>\n<meta property=\"og:locale\" content=\"en_US\" \/>\n<meta property=\"og:type\" content=\"article\" \/>\n<meta property=\"og:title\" content=\"Luxury Medical Mattress - Interdesign\" \/>\n<meta property=\"og:description\" content=\"Discover Interdesign\u2019s exclusive curated selection of furniture and design pieces at interdesign.com.pt. Crafted in Portugal with a focus on quality, comfort and timeless design.\" \/>\n<meta property=\"og:url\" content=\"https:\/\/interdesign.com.pt\/en\/product\/luxury-medical-mattress\/\" \/>\n<meta property=\"og:site_name\" content=\"Interdesign\" \/>\n<meta property=\"article:modified_time\" content=\"2026-04-21T09:51:19+00:00\" \/>\n<meta property=\"og:image\" content=\"https:\/\/interdesign.com.pt\/wp-content\/uploads\/2026\/01\/PERCOL_.jpg\" \/>\n\t<meta property=\"og:image:width\" content=\"577\" \/>\n\t<meta property=\"og:image:height\" content=\"418\" \/>\n\t<meta property=\"og:image:type\" content=\"image\/jpeg\" \/>\n<meta name=\"twitter:card\" content=\"summary_large_image\" \/>\n<meta name=\"twitter:label1\" content=\"Est. reading time\" \/>\n\t<meta name=\"twitter:data1\" content=\"1 minute\" \/>\n<script type=\"application\/ld+json\" class=\"yoast-schema-graph\">{\"@context\":\"https:\\\/\\\/schema.org\",\"@graph\":[{\"@type\":\"WebPage\",\"@id\":\"https:\\\/\\\/interdesign.com.pt\\\/pt\\\/produto\\\/colchao-medico-de-luxo\\\/\",\"url\":\"https:\\\/\\\/interdesign.com.pt\\\/pt\\\/produto\\\/colchao-medico-de-luxo\\\/\",\"name\":\"Luxury Medical Mattress - Interdesign\",\"isPartOf\":{\"@id\":\"https:\\\/\\\/interdesign.com.pt\\\/pt\\\/#website\"},\"primaryImageOfPage\":{\"@id\":\"https:\\\/\\\/interdesign.com.pt\\\/pt\\\/produto\\\/colchao-medico-de-luxo\\\/#primaryimage\"},\"image\":{\"@id\":\"https:\\\/\\\/interdesign.com.pt\\\/pt\\\/produto\\\/colchao-medico-de-luxo\\\/#primaryimage\"},\"thumbnailUrl\":\"https:\\\/\\\/interdesign.com.pt\\\/wp-content\\\/uploads\\\/2026\\\/01\\\/PERCOL_.jpg\",\"datePublished\":\"2026-01-15T18:28:51+00:00\",\"dateModified\":\"2026-04-21T09:51:19+00:00\",\"description\":\"Discover Interdesign\u2019s exclusive curated selection of furniture and design pieces at interdesign.com.pt. Crafted in Portugal with a focus on quality, comfort and timeless design.\",\"breadcrumb\":{\"@id\":\"https:\\\/\\\/interdesign.com.pt\\\/pt\\\/produto\\\/colchao-medico-de-luxo\\\/#breadcrumb\"},\"inLanguage\":\"en-US\",\"potentialAction\":[{\"@type\":\"ReadAction\",\"target\":[\"https:\\\/\\\/interdesign.com.pt\\\/pt\\\/produto\\\/colchao-medico-de-luxo\\\/\"]}]},{\"@type\":\"ImageObject\",\"inLanguage\":\"en-US\",\"@id\":\"https:\\\/\\\/interdesign.com.pt\\\/pt\\\/produto\\\/colchao-medico-de-luxo\\\/#primaryimage\",\"url\":\"https:\\\/\\\/interdesign.com.pt\\\/wp-content\\\/uploads\\\/2026\\\/01\\\/PERCOL_.jpg\",\"contentUrl\":\"https:\\\/\\\/interdesign.com.pt\\\/wp-content\\\/uploads\\\/2026\\\/01\\\/PERCOL_.jpg\",\"width\":577,\"height\":418,\"caption\":\"Luxury Medical Mattress | Interdesign\"},{\"@type\":\"BreadcrumbList\",\"@id\":\"https:\\\/\\\/interdesign.com.pt\\\/pt\\\/produto\\\/colchao-medico-de-luxo\\\/#breadcrumb\",\"itemListElement\":[{\"@type\":\"ListItem\",\"position\":1,\"name\":\"Home\",\"item\":\"https:\\\/\\\/interdesign.com.pt\\\/\"},{\"@type\":\"ListItem\",\"position\":2,\"name\":\"Shop\",\"item\":\"https:\\\/\\\/interdesign.com.pt\\\/pt\\\/loja\\\/\"},{\"@type\":\"ListItem\",\"position\":3,\"name\":\"Luxury Medical Mattress\"}]},{\"@type\":\"WebSite\",\"@id\":\"https:\\\/\\\/interdesign.com.pt\\\/pt\\\/#website\",\"url\":\"https:\\\/\\\/interdesign.com.pt\\\/pt\\\/\",\"name\":\"Interdesign\",\"description\":\"Mobili\u00e1rio, Interiores &amp; Decora\u00e7\u00e3o\",\"publisher\":{\"@id\":\"https:\\\/\\\/interdesign.com.pt\\\/pt\\\/#organization\"},\"potentialAction\":[{\"@type\":\"SearchAction\",\"target\":{\"@type\":\"EntryPoint\",\"urlTemplate\":\"https:\\\/\\\/interdesign.com.pt\\\/pt\\\/?s={search_term_string}\"},\"query-input\":{\"@type\":\"PropertyValueSpecification\",\"valueRequired\":true,\"valueName\":\"search_term_string\"}}],\"inLanguage\":\"en-US\"},{\"@type\":\"Organization\",\"@id\":\"https:\\\/\\\/interdesign.com.pt\\\/pt\\\/#organization\",\"name\":\"Interdesign\",\"url\":\"https:\\\/\\\/interdesign.com.pt\\\/pt\\\/\",\"logo\":{\"@type\":\"ImageObject\",\"inLanguage\":\"en-US\",\"@id\":\"https:\\\/\\\/interdesign.com.pt\\\/pt\\\/#\\\/schema\\\/logo\\\/image\\\/\",\"url\":\"https:\\\/\\\/interdesign.com.pt\\\/wp-content\\\/uploads\\\/2025\\\/03\\\/interdesign-logo.svg\",\"contentUrl\":\"https:\\\/\\\/interdesign.com.pt\\\/wp-content\\\/uploads\\\/2025\\\/03\\\/interdesign-logo.svg\",\"caption\":\"Interdesign\"},\"image\":{\"@id\":\"https:\\\/\\\/interdesign.com.pt\\\/pt\\\/#\\\/schema\\\/logo\\\/image\\\/\"}}]}<\/script>\n<!-- \/ Yoast SEO plugin. -->",
    "yoast_head_json": {
        "title": "Luxury Medical Mattress - Interdesign",
        "description": "Discover Interdesign\u2019s exclusive curated selection of furniture and design pieces at interdesign.com.pt. Crafted in Portugal with a focus on quality, comfort and timeless design.",
        "robots": {
            "index": "index",
            "follow": "follow",
            "max-snippet": "max-snippet:-1",
            "max-image-preview": "max-image-preview:large",
            "max-video-preview": "max-video-preview:-1"
        },
        "canonical": "https:\/\/interdesign.com.pt\/en\/product\/luxury-medical-mattress\/",
        "og_locale": "en_US",
        "og_type": "article",
        "og_title": "Luxury Medical Mattress - Interdesign",
        "og_description": "Discover Interdesign\u2019s exclusive curated selection of furniture and design pieces at interdesign.com.pt. Crafted in Portugal with a focus on quality, comfort and timeless design.",
        "og_url": "https:\/\/interdesign.com.pt\/en\/product\/luxury-medical-mattress\/",
        "og_site_name": "Interdesign",
        "article_modified_time": "2026-04-21T09:51:19+00:00",
        "og_image": [
            {
                "width": 577,
                "height": 418,
                "url": "https:\/\/interdesign.com.pt\/wp-content\/uploads\/2026\/01\/PERCOL_.jpg",
                "type": "image\/jpeg"
            }
        ],
        "twitter_card": "summary_large_image",
        "twitter_misc": {
            "Est. reading time": "1 minute"
        },
        "schema": {
            "@context": "https:\/\/schema.org",
            "@graph": [
                {
                    "@type": "WebPage",
                    "@id": "https:\/\/interdesign.com.pt\/pt\/produto\/colchao-medico-de-luxo\/",
                    "url": "https:\/\/interdesign.com.pt\/pt\/produto\/colchao-medico-de-luxo\/",
                    "name": "Luxury Medical Mattress - Interdesign",
                    "isPartOf": {
                        "@id": "https:\/\/interdesign.com.pt\/pt\/#website"
                    },
                    "primaryImageOfPage": {
                        "@id": "https:\/\/interdesign.com.pt\/pt\/produto\/colchao-medico-de-luxo\/#primaryimage"
                    },
                    "image": {
                        "@id": "https:\/\/interdesign.com.pt\/pt\/produto\/colchao-medico-de-luxo\/#primaryimage"
                    },
                    "thumbnailUrl": "https:\/\/interdesign.com.pt\/wp-content\/uploads\/2026\/01\/PERCOL_.jpg",
                    "datePublished": "2026-01-15T18:28:51+00:00",
                    "dateModified": "2026-04-21T09:51:19+00:00",
                    "description": "Discover Interdesign\u2019s exclusive curated selection of furniture and design pieces at interdesign.com.pt. Crafted in Portugal with a focus on quality, comfort and timeless design.",
                    "breadcrumb": {
                        "@id": "https:\/\/interdesign.com.pt\/pt\/produto\/colchao-medico-de-luxo\/#breadcrumb"
                    },
                    "inLanguage": "en-US",
                    "potentialAction": [
                        {
                            "@type": "ReadAction",
                            "target": [
                                "https:\/\/interdesign.com.pt\/pt\/produto\/colchao-medico-de-luxo\/"
                            ]
                        }
                    ]
                },
                {
                    "@type": "ImageObject",
                    "inLanguage": "en-US",
                    "@id": "https:\/\/interdesign.com.pt\/pt\/produto\/colchao-medico-de-luxo\/#primaryimage",
                    "url": "https:\/\/interdesign.com.pt\/wp-content\/uploads\/2026\/01\/PERCOL_.jpg",
                    "contentUrl": "https:\/\/interdesign.com.pt\/wp-content\/uploads\/2026\/01\/PERCOL_.jpg",
                    "width": 577,
                    "height": 418,
                    "caption": "Luxury Medical Mattress | Interdesign"
                },
                {
                    "@type": "BreadcrumbList",
                    "@id": "https:\/\/interdesign.com.pt\/pt\/produto\/colchao-medico-de-luxo\/#breadcrumb",
                    "itemListElement": [
                        {
                            "@type": "ListItem",
                            "position": 1,
                            "name": "Home",
                            "item": "https:\/\/interdesign.com.pt\/"
                        },
                        {
                            "@type": "ListItem",
                            "position": 2,
                            "name": "Shop",
                            "item": "https:\/\/interdesign.com.pt\/pt\/loja\/"
                        },
                        {
                            "@type": "ListItem",
                            "position": 3,
                            "name": "Luxury Medical Mattress"
                        }
                    ]
                },
                {
                    "@type": "WebSite",
                    "@id": "https:\/\/interdesign.com.pt\/pt\/#website",
                    "url": "https:\/\/interdesign.com.pt\/pt\/",
                    "name": "Interdesign",
                    "description": "Mobili\u00e1rio, Interiores &amp; Decora\u00e7\u00e3o",
                    "publisher": {
                        "@id": "https:\/\/interdesign.com.pt\/pt\/#organization"
                    },
                    "potentialAction": [
                        {
                            "@type": "SearchAction",
                            "target": {
                                "@type": "EntryPoint",
                                "urlTemplate": "https:\/\/interdesign.com.pt\/pt\/?s={search_term_string}"
                            },
                            "query-input": {
                                "@type": "PropertyValueSpecification",
                                "valueRequired": true,
                                "valueName": "search_term_string"
                            }
                        }
                    ],
                    "inLanguage": "en-US"
                },
                {
                    "@type": "Organization",
                    "@id": "https:\/\/interdesign.com.pt\/pt\/#organization",
                    "name": "Interdesign",
                    "url": "https:\/\/interdesign.com.pt\/pt\/",
                    "logo": {
                        "@type": "ImageObject",
                        "inLanguage": "en-US",
                        "@id": "https:\/\/interdesign.com.pt\/pt\/#\/schema\/logo\/image\/",
                        "url": "https:\/\/interdesign.com.pt\/wp-content\/uploads\/2025\/03\/interdesign-logo.svg",
                        "contentUrl": "https:\/\/interdesign.com.pt\/wp-content\/uploads\/2025\/03\/interdesign-logo.svg",
                        "caption": "Interdesign"
                    },
                    "image": {
                        "@id": "https:\/\/interdesign.com.pt\/pt\/#\/schema\/logo\/image\/"
                    }
                }
            ]
        }
    },
    "_links": {
        "self": [
            {
                "href": "https:\/\/interdesign.com.pt\/en\/wp-json\/wp\/v2\/product\/70629",
                "targetHints": {
                    "allow": [
                        "GET"
                    ]
                }
            }
        ],
        "collection": [
            {
                "href": "https:\/\/interdesign.com.pt\/en\/wp-json\/wp\/v2\/product"
            }
        ],
        "about": [
            {
                "href": "https:\/\/interdesign.com.pt\/en\/wp-json\/wp\/v2\/types\/product"
            }
        ],
        "wp:featuredmedia": [
            {
                "embeddable": true,
                "href": "https:\/\/interdesign.com.pt\/en\/wp-json\/wp\/v2\/media\/75367"
            }
        ],
        "wp:attachment": [
            {
                "href": "https:\/\/interdesign.com.pt\/en\/wp-json\/wp\/v2\/media?parent=70629"
            }
        ],
        "wp:term": [
            {
                "taxonomy": "room",
                "embeddable": true,
                "href": "https:\/\/interdesign.com.pt\/en\/wp-json\/wp\/v2\/room?post=70629"
            },
            {
                "taxonomy": "product_brand",
                "embeddable": true,
                "href": "https:\/\/interdesign.com.pt\/en\/wp-json\/wp\/v2\/product_brand?post=70629"
            },
            {
                "taxonomy": "product_cat",
                "embeddable": true,
                "href": "https:\/\/interdesign.com.pt\/en\/wp-json\/wp\/v2\/product_cat?post=70629"
            },
            {
                "taxonomy": "product_tag",
                "embeddable": true,
                "href": "https:\/\/interdesign.com.pt\/en\/wp-json\/wp\/v2\/product_tag?post=70629"
            }
        ],
        "curies": [
            {
                "name": "wp",
                "href": "https:\/\/api.w.org\/{rel}",
                "templated": true
            }
        ]
    }
}