{
    "id": 71589,
    "date": "2026-01-19T14:08:42",
    "date_gmt": "2026-01-19T14:08:42",
    "guid": {
        "rendered": "https:\/\/interdesign.ad-pulse.com\/produto\/doris-l-117339-pillow\/"
    },
    "modified": "2026-04-20T10:37:38",
    "modified_gmt": "2026-04-20T10:37:38",
    "slug": "doris-l-pink-pillow",
    "status": "publish",
    "type": "product",
    "link": "https:\/\/interdesign.com.pt\/en\/product\/doris-l-pink-pillow\/",
    "title": {
        "rendered": "DORIS L Pink Pillow"
    },
    "content": {
        "rendered": "",
        "protected": false
    },
    "excerpt": {
        "rendered": "<p>Elevate everyday living with the DORIS L Pink Pillow by EICH, HOME. Adds comfort and texture to layered interior styling. This piece is finished with detail that feels premium in daily use. perfect for styling lounges, reading corners, or entryways.<\/p>",
        "protected": false
    },
    "featured_media": 73908,
    "template": "",
    "meta": {
        "_acf_changed": false
    },
    "room": [],
    "product_brand": [
        604,
        605
    ],
    "product_cat": [
        41,
        776
    ],
    "product_tag": [],
    "class_list": {
        "0": "post-71589",
        "1": "product",
        "2": "type-product",
        "3": "status-publish",
        "4": "has-post-thumbnail",
        "6": "product_brand-eich",
        "7": "product_brand-home",
        "8": "product_cat-decor",
        "9": "product_cat-pillows",
        "10": "product_shipping_class-home-products",
        "12": "first",
        "13": "instock",
        "14": "shipping-taxable",
        "15": "purchasable",
        "16": "product-type-simple"
    },
    "acf": [],
    "yoast_head": "<!-- This site is optimized with the Yoast SEO plugin v27.3 - https:\/\/yoast.com\/product\/yoast-seo-wordpress\/ -->\n<title>DORIS L Pink Pillow - Interdesign<\/title>\n<meta name=\"description\" content=\"Discover Interdesign\u2019s exclusive curated selection of furniture and design pieces at interdesign.com.pt. Crafted in Portugal with a focus on quality, comfort and timeless design.\" \/>\n<meta name=\"robots\" content=\"index, follow, max-snippet:-1, max-image-preview:large, max-video-preview:-1\" \/>\n<link rel=\"canonical\" href=\"https:\/\/interdesign.com.pt\/en\/product\/doris-l-pink-pillow\/\" \/>\n<meta property=\"og:locale\" content=\"en_US\" \/>\n<meta property=\"og:type\" content=\"article\" \/>\n<meta property=\"og:title\" content=\"DORIS L Pink Pillow - Interdesign\" \/>\n<meta property=\"og:description\" content=\"Discover Interdesign\u2019s exclusive curated selection of furniture and design pieces at interdesign.com.pt. Crafted in Portugal with a focus on quality, comfort and timeless design.\" \/>\n<meta property=\"og:url\" content=\"https:\/\/interdesign.com.pt\/en\/product\/doris-l-pink-pillow\/\" \/>\n<meta property=\"og:site_name\" content=\"Interdesign\" \/>\n<meta property=\"article:modified_time\" content=\"2026-04-20T10:37:38+00:00\" \/>\n<meta property=\"og:image\" content=\"https:\/\/interdesign.com.pt\/wp-content\/uploads\/2026\/01\/EICHALM009.jpg\" \/>\n\t<meta property=\"og:image:width\" content=\"819\" \/>\n\t<meta property=\"og:image:height\" content=\"821\" \/>\n\t<meta property=\"og:image:type\" content=\"image\/jpeg\" \/>\n<meta name=\"twitter:card\" content=\"summary_large_image\" \/>\n<meta name=\"twitter:label1\" content=\"Est. reading time\" \/>\n\t<meta name=\"twitter:data1\" content=\"1 minute\" \/>\n<script type=\"application\/ld+json\" class=\"yoast-schema-graph\">{\"@context\":\"https:\\\/\\\/schema.org\",\"@graph\":[{\"@type\":\"WebPage\",\"@id\":\"https:\\\/\\\/interdesign.com.pt\\\/pt\\\/produto\\\/almofada-rosa-doris-l\\\/\",\"url\":\"https:\\\/\\\/interdesign.com.pt\\\/pt\\\/produto\\\/almofada-rosa-doris-l\\\/\",\"name\":\"DORIS L Pink Pillow - Interdesign\",\"isPartOf\":{\"@id\":\"https:\\\/\\\/interdesign.com.pt\\\/pt\\\/#website\"},\"primaryImageOfPage\":{\"@id\":\"https:\\\/\\\/interdesign.com.pt\\\/pt\\\/produto\\\/almofada-rosa-doris-l\\\/#primaryimage\"},\"image\":{\"@id\":\"https:\\\/\\\/interdesign.com.pt\\\/pt\\\/produto\\\/almofada-rosa-doris-l\\\/#primaryimage\"},\"thumbnailUrl\":\"https:\\\/\\\/interdesign.com.pt\\\/wp-content\\\/uploads\\\/2026\\\/01\\\/EICHALM009.jpg\",\"datePublished\":\"2026-01-19T14:08:42+00:00\",\"dateModified\":\"2026-04-20T10:37:38+00:00\",\"description\":\"Discover Interdesign\u2019s exclusive curated selection of furniture and design pieces at interdesign.com.pt. Crafted in Portugal with a focus on quality, comfort and timeless design.\",\"breadcrumb\":{\"@id\":\"https:\\\/\\\/interdesign.com.pt\\\/pt\\\/produto\\\/almofada-rosa-doris-l\\\/#breadcrumb\"},\"inLanguage\":\"en-US\",\"potentialAction\":[{\"@type\":\"ReadAction\",\"target\":[\"https:\\\/\\\/interdesign.com.pt\\\/pt\\\/produto\\\/almofada-rosa-doris-l\\\/\"]}]},{\"@type\":\"ImageObject\",\"inLanguage\":\"en-US\",\"@id\":\"https:\\\/\\\/interdesign.com.pt\\\/pt\\\/produto\\\/almofada-rosa-doris-l\\\/#primaryimage\",\"url\":\"https:\\\/\\\/interdesign.com.pt\\\/wp-content\\\/uploads\\\/2026\\\/01\\\/EICHALM009.jpg\",\"contentUrl\":\"https:\\\/\\\/interdesign.com.pt\\\/wp-content\\\/uploads\\\/2026\\\/01\\\/EICHALM009.jpg\",\"width\":819,\"height\":821,\"caption\":\"DORIS L Pink Pillow | Interdesign\"},{\"@type\":\"BreadcrumbList\",\"@id\":\"https:\\\/\\\/interdesign.com.pt\\\/pt\\\/produto\\\/almofada-rosa-doris-l\\\/#breadcrumb\",\"itemListElement\":[{\"@type\":\"ListItem\",\"position\":1,\"name\":\"Home\",\"item\":\"https:\\\/\\\/interdesign.com.pt\\\/\"},{\"@type\":\"ListItem\",\"position\":2,\"name\":\"Shop\",\"item\":\"https:\\\/\\\/interdesign.com.pt\\\/pt\\\/loja\\\/\"},{\"@type\":\"ListItem\",\"position\":3,\"name\":\"DORIS L Pink Pillow\"}]},{\"@type\":\"WebSite\",\"@id\":\"https:\\\/\\\/interdesign.com.pt\\\/pt\\\/#website\",\"url\":\"https:\\\/\\\/interdesign.com.pt\\\/pt\\\/\",\"name\":\"Interdesign\",\"description\":\"Mobili\u00e1rio, Interiores &amp; Decora\u00e7\u00e3o\",\"publisher\":{\"@id\":\"https:\\\/\\\/interdesign.com.pt\\\/pt\\\/#organization\"},\"potentialAction\":[{\"@type\":\"SearchAction\",\"target\":{\"@type\":\"EntryPoint\",\"urlTemplate\":\"https:\\\/\\\/interdesign.com.pt\\\/pt\\\/?s={search_term_string}\"},\"query-input\":{\"@type\":\"PropertyValueSpecification\",\"valueRequired\":true,\"valueName\":\"search_term_string\"}}],\"inLanguage\":\"en-US\"},{\"@type\":\"Organization\",\"@id\":\"https:\\\/\\\/interdesign.com.pt\\\/pt\\\/#organization\",\"name\":\"Interdesign\",\"url\":\"https:\\\/\\\/interdesign.com.pt\\\/pt\\\/\",\"logo\":{\"@type\":\"ImageObject\",\"inLanguage\":\"en-US\",\"@id\":\"https:\\\/\\\/interdesign.com.pt\\\/pt\\\/#\\\/schema\\\/logo\\\/image\\\/\",\"url\":\"https:\\\/\\\/interdesign.com.pt\\\/wp-content\\\/uploads\\\/2025\\\/03\\\/interdesign-logo.svg\",\"contentUrl\":\"https:\\\/\\\/interdesign.com.pt\\\/wp-content\\\/uploads\\\/2025\\\/03\\\/interdesign-logo.svg\",\"caption\":\"Interdesign\"},\"image\":{\"@id\":\"https:\\\/\\\/interdesign.com.pt\\\/pt\\\/#\\\/schema\\\/logo\\\/image\\\/\"}}]}<\/script>\n<!-- \/ Yoast SEO plugin. -->",
    "yoast_head_json": {
        "title": "DORIS L Pink Pillow - Interdesign",
        "description": "Discover Interdesign\u2019s exclusive curated selection of furniture and design pieces at interdesign.com.pt. Crafted in Portugal with a focus on quality, comfort and timeless design.",
        "robots": {
            "index": "index",
            "follow": "follow",
            "max-snippet": "max-snippet:-1",
            "max-image-preview": "max-image-preview:large",
            "max-video-preview": "max-video-preview:-1"
        },
        "canonical": "https:\/\/interdesign.com.pt\/en\/product\/doris-l-pink-pillow\/",
        "og_locale": "en_US",
        "og_type": "article",
        "og_title": "DORIS L Pink Pillow - Interdesign",
        "og_description": "Discover Interdesign\u2019s exclusive curated selection of furniture and design pieces at interdesign.com.pt. Crafted in Portugal with a focus on quality, comfort and timeless design.",
        "og_url": "https:\/\/interdesign.com.pt\/en\/product\/doris-l-pink-pillow\/",
        "og_site_name": "Interdesign",
        "article_modified_time": "2026-04-20T10:37:38+00:00",
        "og_image": [
            {
                "width": 819,
                "height": 821,
                "url": "https:\/\/interdesign.com.pt\/wp-content\/uploads\/2026\/01\/EICHALM009.jpg",
                "type": "image\/jpeg"
            }
        ],
        "twitter_card": "summary_large_image",
        "twitter_misc": {
            "Est. reading time": "1 minute"
        },
        "schema": {
            "@context": "https:\/\/schema.org",
            "@graph": [
                {
                    "@type": "WebPage",
                    "@id": "https:\/\/interdesign.com.pt\/pt\/produto\/almofada-rosa-doris-l\/",
                    "url": "https:\/\/interdesign.com.pt\/pt\/produto\/almofada-rosa-doris-l\/",
                    "name": "DORIS L Pink Pillow - Interdesign",
                    "isPartOf": {
                        "@id": "https:\/\/interdesign.com.pt\/pt\/#website"
                    },
                    "primaryImageOfPage": {
                        "@id": "https:\/\/interdesign.com.pt\/pt\/produto\/almofada-rosa-doris-l\/#primaryimage"
                    },
                    "image": {
                        "@id": "https:\/\/interdesign.com.pt\/pt\/produto\/almofada-rosa-doris-l\/#primaryimage"
                    },
                    "thumbnailUrl": "https:\/\/interdesign.com.pt\/wp-content\/uploads\/2026\/01\/EICHALM009.jpg",
                    "datePublished": "2026-01-19T14:08:42+00:00",
                    "dateModified": "2026-04-20T10:37:38+00:00",
                    "description": "Discover Interdesign\u2019s exclusive curated selection of furniture and design pieces at interdesign.com.pt. Crafted in Portugal with a focus on quality, comfort and timeless design.",
                    "breadcrumb": {
                        "@id": "https:\/\/interdesign.com.pt\/pt\/produto\/almofada-rosa-doris-l\/#breadcrumb"
                    },
                    "inLanguage": "en-US",
                    "potentialAction": [
                        {
                            "@type": "ReadAction",
                            "target": [
                                "https:\/\/interdesign.com.pt\/pt\/produto\/almofada-rosa-doris-l\/"
                            ]
                        }
                    ]
                },
                {
                    "@type": "ImageObject",
                    "inLanguage": "en-US",
                    "@id": "https:\/\/interdesign.com.pt\/pt\/produto\/almofada-rosa-doris-l\/#primaryimage",
                    "url": "https:\/\/interdesign.com.pt\/wp-content\/uploads\/2026\/01\/EICHALM009.jpg",
                    "contentUrl": "https:\/\/interdesign.com.pt\/wp-content\/uploads\/2026\/01\/EICHALM009.jpg",
                    "width": 819,
                    "height": 821,
                    "caption": "DORIS L Pink Pillow | Interdesign"
                },
                {
                    "@type": "BreadcrumbList",
                    "@id": "https:\/\/interdesign.com.pt\/pt\/produto\/almofada-rosa-doris-l\/#breadcrumb",
                    "itemListElement": [
                        {
                            "@type": "ListItem",
                            "position": 1,
                            "name": "Home",
                            "item": "https:\/\/interdesign.com.pt\/"
                        },
                        {
                            "@type": "ListItem",
                            "position": 2,
                            "name": "Shop",
                            "item": "https:\/\/interdesign.com.pt\/pt\/loja\/"
                        },
                        {
                            "@type": "ListItem",
                            "position": 3,
                            "name": "DORIS L Pink Pillow"
                        }
                    ]
                },
                {
                    "@type": "WebSite",
                    "@id": "https:\/\/interdesign.com.pt\/pt\/#website",
                    "url": "https:\/\/interdesign.com.pt\/pt\/",
                    "name": "Interdesign",
                    "description": "Mobili\u00e1rio, Interiores &amp; Decora\u00e7\u00e3o",
                    "publisher": {
                        "@id": "https:\/\/interdesign.com.pt\/pt\/#organization"
                    },
                    "potentialAction": [
                        {
                            "@type": "SearchAction",
                            "target": {
                                "@type": "EntryPoint",
                                "urlTemplate": "https:\/\/interdesign.com.pt\/pt\/?s={search_term_string}"
                            },
                            "query-input": {
                                "@type": "PropertyValueSpecification",
                                "valueRequired": true,
                                "valueName": "search_term_string"
                            }
                        }
                    ],
                    "inLanguage": "en-US"
                },
                {
                    "@type": "Organization",
                    "@id": "https:\/\/interdesign.com.pt\/pt\/#organization",
                    "name": "Interdesign",
                    "url": "https:\/\/interdesign.com.pt\/pt\/",
                    "logo": {
                        "@type": "ImageObject",
                        "inLanguage": "en-US",
                        "@id": "https:\/\/interdesign.com.pt\/pt\/#\/schema\/logo\/image\/",
                        "url": "https:\/\/interdesign.com.pt\/wp-content\/uploads\/2025\/03\/interdesign-logo.svg",
                        "contentUrl": "https:\/\/interdesign.com.pt\/wp-content\/uploads\/2025\/03\/interdesign-logo.svg",
                        "caption": "Interdesign"
                    },
                    "image": {
                        "@id": "https:\/\/interdesign.com.pt\/pt\/#\/schema\/logo\/image\/"
                    }
                }
            ]
        }
    },
    "_links": {
        "self": [
            {
                "href": "https:\/\/interdesign.com.pt\/en\/wp-json\/wp\/v2\/product\/71589",
                "targetHints": {
                    "allow": [
                        "GET"
                    ]
                }
            }
        ],
        "collection": [
            {
                "href": "https:\/\/interdesign.com.pt\/en\/wp-json\/wp\/v2\/product"
            }
        ],
        "about": [
            {
                "href": "https:\/\/interdesign.com.pt\/en\/wp-json\/wp\/v2\/types\/product"
            }
        ],
        "wp:featuredmedia": [
            {
                "embeddable": true,
                "href": "https:\/\/interdesign.com.pt\/en\/wp-json\/wp\/v2\/media\/73908"
            }
        ],
        "wp:attachment": [
            {
                "href": "https:\/\/interdesign.com.pt\/en\/wp-json\/wp\/v2\/media?parent=71589"
            }
        ],
        "wp:term": [
            {
                "taxonomy": "room",
                "embeddable": true,
                "href": "https:\/\/interdesign.com.pt\/en\/wp-json\/wp\/v2\/room?post=71589"
            },
            {
                "taxonomy": "product_brand",
                "embeddable": true,
                "href": "https:\/\/interdesign.com.pt\/en\/wp-json\/wp\/v2\/product_brand?post=71589"
            },
            {
                "taxonomy": "product_cat",
                "embeddable": true,
                "href": "https:\/\/interdesign.com.pt\/en\/wp-json\/wp\/v2\/product_cat?post=71589"
            },
            {
                "taxonomy": "product_tag",
                "embeddable": true,
                "href": "https:\/\/interdesign.com.pt\/en\/wp-json\/wp\/v2\/product_tag?post=71589"
            }
        ],
        "curies": [
            {
                "name": "wp",
                "href": "https:\/\/api.w.org\/{rel}",
                "templated": true
            }
        ]
    }
}