{
    "id": 72410,
    "date": "2026-01-23T14:28:33",
    "date_gmt": "2026-01-23T14:28:33",
    "guid": {
        "rendered": "https:\/\/interdesign.ad-pulse.com\/?post_type=product&#038;p=72410"
    },
    "modified": "2026-04-21T09:42:01",
    "modified_gmt": "2026-04-21T09:42:01",
    "slug": "tribeca-console-1",
    "status": "publish",
    "type": "product",
    "link": "https:\/\/interdesign.com.pt\/en\/product\/tribeca-console-1\/",
    "title": {
        "rendered": "Tribeca Console"
    },
    "content": {
        "rendered": "<p>Lacquered\/veneered. Golden Detail.<\/p>",
        "protected": false
    },
    "excerpt": {
        "rendered": "<p>Introduce a premium design detail with the Tribeca Console. This piece is made to complement both minimalist and layered d\u00e9cor. Perfect for d\u00e9cor, lighting, and keeping essentials neatly arranged. ideal for living rooms, bedrooms, and open-plan spaces.<\/p>",
        "protected": false
    },
    "featured_media": 75026,
    "template": "",
    "meta": {
        "_acf_changed": false
    },
    "room": [
        53
    ],
    "product_brand": [
        477
    ],
    "product_cat": [
        104
    ],
    "product_tag": [],
    "class_list": {
        "0": "post-72410",
        "1": "product",
        "2": "type-product",
        "3": "status-publish",
        "4": "has-post-thumbnail",
        "6": "room-hallway",
        "7": "product_brand-tribeca",
        "8": "product_cat-consoles",
        "9": "product_shipping_class-standard",
        "11": "first",
        "12": "instock",
        "13": "shipping-taxable",
        "14": "purchasable",
        "15": "product-type-variable",
        "16": "wvs-archive-product-wrapper",
        "17": "rtwpvg-product"
    },
    "acf": [],
    "yoast_head": "<!-- This site is optimized with the Yoast SEO plugin v27.3 - https:\/\/yoast.com\/product\/yoast-seo-wordpress\/ -->\n<title>Tribeca Console - Interdesign<\/title>\n<meta name=\"description\" content=\"Discover Interdesign\u2019s exclusive curated selection of furniture and design pieces at interdesign.com.pt. Crafted in Portugal with a focus on quality, comfort and timeless design.\" \/>\n<meta name=\"robots\" content=\"index, follow, max-snippet:-1, max-image-preview:large, max-video-preview:-1\" \/>\n<link rel=\"canonical\" href=\"https:\/\/interdesign.com.pt\/en\/product\/tribeca-console-1\/\" \/>\n<meta property=\"og:locale\" content=\"en_US\" \/>\n<meta property=\"og:type\" content=\"article\" \/>\n<meta property=\"og:title\" content=\"Tribeca Console - Interdesign\" \/>\n<meta property=\"og:description\" content=\"Discover Interdesign\u2019s exclusive curated selection of furniture and design pieces at interdesign.com.pt. Crafted in Portugal with a focus on quality, comfort and timeless design.\" \/>\n<meta property=\"og:url\" content=\"https:\/\/interdesign.com.pt\/en\/product\/tribeca-console-1\/\" \/>\n<meta property=\"og:site_name\" content=\"Interdesign\" \/>\n<meta property=\"article:modified_time\" content=\"2026-04-21T09:42:01+00:00\" \/>\n<meta property=\"og:image\" content=\"https:\/\/interdesign.com.pt\/wp-content\/uploads\/2026\/01\/CONSOLA-TRIBECA-1-1.jpg\" \/>\n\t<meta property=\"og:image:width\" content=\"1080\" \/>\n\t<meta property=\"og:image:height\" content=\"1350\" \/>\n\t<meta property=\"og:image:type\" content=\"image\/jpeg\" \/>\n<meta name=\"twitter:card\" content=\"summary_large_image\" \/>\n<meta name=\"twitter:label1\" content=\"Est. reading time\" \/>\n\t<meta name=\"twitter:data1\" content=\"1 minute\" \/>\n<script type=\"application\/ld+json\" class=\"yoast-schema-graph\">{\"@context\":\"https:\\\/\\\/schema.org\",\"@graph\":[{\"@type\":\"WebPage\",\"@id\":\"https:\\\/\\\/interdesign.com.pt\\\/pt\\\/produto\\\/consola-tribeca-1\\\/\",\"url\":\"https:\\\/\\\/interdesign.com.pt\\\/pt\\\/produto\\\/consola-tribeca-1\\\/\",\"name\":\"Tribeca Console - Interdesign\",\"isPartOf\":{\"@id\":\"https:\\\/\\\/interdesign.com.pt\\\/pt\\\/#website\"},\"primaryImageOfPage\":{\"@id\":\"https:\\\/\\\/interdesign.com.pt\\\/pt\\\/produto\\\/consola-tribeca-1\\\/#primaryimage\"},\"image\":{\"@id\":\"https:\\\/\\\/interdesign.com.pt\\\/pt\\\/produto\\\/consola-tribeca-1\\\/#primaryimage\"},\"thumbnailUrl\":\"https:\\\/\\\/interdesign.com.pt\\\/wp-content\\\/uploads\\\/2026\\\/01\\\/CONSOLA-TRIBECA-1-1.jpg\",\"datePublished\":\"2026-01-23T14:28:33+00:00\",\"dateModified\":\"2026-04-21T09:42:01+00:00\",\"description\":\"Discover Interdesign\u2019s exclusive curated selection of furniture and design pieces at interdesign.com.pt. Crafted in Portugal with a focus on quality, comfort and timeless design.\",\"breadcrumb\":{\"@id\":\"https:\\\/\\\/interdesign.com.pt\\\/pt\\\/produto\\\/consola-tribeca-1\\\/#breadcrumb\"},\"inLanguage\":\"en-US\",\"potentialAction\":[{\"@type\":\"ReadAction\",\"target\":[\"https:\\\/\\\/interdesign.com.pt\\\/pt\\\/produto\\\/consola-tribeca-1\\\/\"]}]},{\"@type\":\"ImageObject\",\"inLanguage\":\"en-US\",\"@id\":\"https:\\\/\\\/interdesign.com.pt\\\/pt\\\/produto\\\/consola-tribeca-1\\\/#primaryimage\",\"url\":\"https:\\\/\\\/interdesign.com.pt\\\/wp-content\\\/uploads\\\/2026\\\/01\\\/CONSOLA-TRIBECA-1-1.jpg\",\"contentUrl\":\"https:\\\/\\\/interdesign.com.pt\\\/wp-content\\\/uploads\\\/2026\\\/01\\\/CONSOLA-TRIBECA-1-1.jpg\",\"width\":1080,\"height\":1350,\"caption\":\"Tribeca Console 1 | Interdesign\"},{\"@type\":\"BreadcrumbList\",\"@id\":\"https:\\\/\\\/interdesign.com.pt\\\/pt\\\/produto\\\/consola-tribeca-1\\\/#breadcrumb\",\"itemListElement\":[{\"@type\":\"ListItem\",\"position\":1,\"name\":\"Home\",\"item\":\"https:\\\/\\\/interdesign.com.pt\\\/\"},{\"@type\":\"ListItem\",\"position\":2,\"name\":\"Shop\",\"item\":\"https:\\\/\\\/interdesign.com.pt\\\/pt\\\/loja\\\/\"},{\"@type\":\"ListItem\",\"position\":3,\"name\":\"Tribeca Console\"}]},{\"@type\":\"WebSite\",\"@id\":\"https:\\\/\\\/interdesign.com.pt\\\/pt\\\/#website\",\"url\":\"https:\\\/\\\/interdesign.com.pt\\\/pt\\\/\",\"name\":\"Interdesign\",\"description\":\"Mobili\u00e1rio, Interiores &amp; Decora\u00e7\u00e3o\",\"publisher\":{\"@id\":\"https:\\\/\\\/interdesign.com.pt\\\/pt\\\/#organization\"},\"potentialAction\":[{\"@type\":\"SearchAction\",\"target\":{\"@type\":\"EntryPoint\",\"urlTemplate\":\"https:\\\/\\\/interdesign.com.pt\\\/pt\\\/?s={search_term_string}\"},\"query-input\":{\"@type\":\"PropertyValueSpecification\",\"valueRequired\":true,\"valueName\":\"search_term_string\"}}],\"inLanguage\":\"en-US\"},{\"@type\":\"Organization\",\"@id\":\"https:\\\/\\\/interdesign.com.pt\\\/pt\\\/#organization\",\"name\":\"Interdesign\",\"url\":\"https:\\\/\\\/interdesign.com.pt\\\/pt\\\/\",\"logo\":{\"@type\":\"ImageObject\",\"inLanguage\":\"en-US\",\"@id\":\"https:\\\/\\\/interdesign.com.pt\\\/pt\\\/#\\\/schema\\\/logo\\\/image\\\/\",\"url\":\"https:\\\/\\\/interdesign.com.pt\\\/wp-content\\\/uploads\\\/2025\\\/03\\\/interdesign-logo.svg\",\"contentUrl\":\"https:\\\/\\\/interdesign.com.pt\\\/wp-content\\\/uploads\\\/2025\\\/03\\\/interdesign-logo.svg\",\"caption\":\"Interdesign\"},\"image\":{\"@id\":\"https:\\\/\\\/interdesign.com.pt\\\/pt\\\/#\\\/schema\\\/logo\\\/image\\\/\"}}]}<\/script>\n<!-- \/ Yoast SEO plugin. -->",
    "yoast_head_json": {
        "title": "Tribeca Console - Interdesign",
        "description": "Discover Interdesign\u2019s exclusive curated selection of furniture and design pieces at interdesign.com.pt. Crafted in Portugal with a focus on quality, comfort and timeless design.",
        "robots": {
            "index": "index",
            "follow": "follow",
            "max-snippet": "max-snippet:-1",
            "max-image-preview": "max-image-preview:large",
            "max-video-preview": "max-video-preview:-1"
        },
        "canonical": "https:\/\/interdesign.com.pt\/en\/product\/tribeca-console-1\/",
        "og_locale": "en_US",
        "og_type": "article",
        "og_title": "Tribeca Console - Interdesign",
        "og_description": "Discover Interdesign\u2019s exclusive curated selection of furniture and design pieces at interdesign.com.pt. Crafted in Portugal with a focus on quality, comfort and timeless design.",
        "og_url": "https:\/\/interdesign.com.pt\/en\/product\/tribeca-console-1\/",
        "og_site_name": "Interdesign",
        "article_modified_time": "2026-04-21T09:42:01+00:00",
        "og_image": [
            {
                "width": 1080,
                "height": 1350,
                "url": "https:\/\/interdesign.com.pt\/wp-content\/uploads\/2026\/01\/CONSOLA-TRIBECA-1-1.jpg",
                "type": "image\/jpeg"
            }
        ],
        "twitter_card": "summary_large_image",
        "twitter_misc": {
            "Est. reading time": "1 minute"
        },
        "schema": {
            "@context": "https:\/\/schema.org",
            "@graph": [
                {
                    "@type": "WebPage",
                    "@id": "https:\/\/interdesign.com.pt\/pt\/produto\/consola-tribeca-1\/",
                    "url": "https:\/\/interdesign.com.pt\/pt\/produto\/consola-tribeca-1\/",
                    "name": "Tribeca Console - Interdesign",
                    "isPartOf": {
                        "@id": "https:\/\/interdesign.com.pt\/pt\/#website"
                    },
                    "primaryImageOfPage": {
                        "@id": "https:\/\/interdesign.com.pt\/pt\/produto\/consola-tribeca-1\/#primaryimage"
                    },
                    "image": {
                        "@id": "https:\/\/interdesign.com.pt\/pt\/produto\/consola-tribeca-1\/#primaryimage"
                    },
                    "thumbnailUrl": "https:\/\/interdesign.com.pt\/wp-content\/uploads\/2026\/01\/CONSOLA-TRIBECA-1-1.jpg",
                    "datePublished": "2026-01-23T14:28:33+00:00",
                    "dateModified": "2026-04-21T09:42:01+00:00",
                    "description": "Discover Interdesign\u2019s exclusive curated selection of furniture and design pieces at interdesign.com.pt. Crafted in Portugal with a focus on quality, comfort and timeless design.",
                    "breadcrumb": {
                        "@id": "https:\/\/interdesign.com.pt\/pt\/produto\/consola-tribeca-1\/#breadcrumb"
                    },
                    "inLanguage": "en-US",
                    "potentialAction": [
                        {
                            "@type": "ReadAction",
                            "target": [
                                "https:\/\/interdesign.com.pt\/pt\/produto\/consola-tribeca-1\/"
                            ]
                        }
                    ]
                },
                {
                    "@type": "ImageObject",
                    "inLanguage": "en-US",
                    "@id": "https:\/\/interdesign.com.pt\/pt\/produto\/consola-tribeca-1\/#primaryimage",
                    "url": "https:\/\/interdesign.com.pt\/wp-content\/uploads\/2026\/01\/CONSOLA-TRIBECA-1-1.jpg",
                    "contentUrl": "https:\/\/interdesign.com.pt\/wp-content\/uploads\/2026\/01\/CONSOLA-TRIBECA-1-1.jpg",
                    "width": 1080,
                    "height": 1350,
                    "caption": "Tribeca Console 1 | Interdesign"
                },
                {
                    "@type": "BreadcrumbList",
                    "@id": "https:\/\/interdesign.com.pt\/pt\/produto\/consola-tribeca-1\/#breadcrumb",
                    "itemListElement": [
                        {
                            "@type": "ListItem",
                            "position": 1,
                            "name": "Home",
                            "item": "https:\/\/interdesign.com.pt\/"
                        },
                        {
                            "@type": "ListItem",
                            "position": 2,
                            "name": "Shop",
                            "item": "https:\/\/interdesign.com.pt\/pt\/loja\/"
                        },
                        {
                            "@type": "ListItem",
                            "position": 3,
                            "name": "Tribeca Console"
                        }
                    ]
                },
                {
                    "@type": "WebSite",
                    "@id": "https:\/\/interdesign.com.pt\/pt\/#website",
                    "url": "https:\/\/interdesign.com.pt\/pt\/",
                    "name": "Interdesign",
                    "description": "Mobili\u00e1rio, Interiores &amp; Decora\u00e7\u00e3o",
                    "publisher": {
                        "@id": "https:\/\/interdesign.com.pt\/pt\/#organization"
                    },
                    "potentialAction": [
                        {
                            "@type": "SearchAction",
                            "target": {
                                "@type": "EntryPoint",
                                "urlTemplate": "https:\/\/interdesign.com.pt\/pt\/?s={search_term_string}"
                            },
                            "query-input": {
                                "@type": "PropertyValueSpecification",
                                "valueRequired": true,
                                "valueName": "search_term_string"
                            }
                        }
                    ],
                    "inLanguage": "en-US"
                },
                {
                    "@type": "Organization",
                    "@id": "https:\/\/interdesign.com.pt\/pt\/#organization",
                    "name": "Interdesign",
                    "url": "https:\/\/interdesign.com.pt\/pt\/",
                    "logo": {
                        "@type": "ImageObject",
                        "inLanguage": "en-US",
                        "@id": "https:\/\/interdesign.com.pt\/pt\/#\/schema\/logo\/image\/",
                        "url": "https:\/\/interdesign.com.pt\/wp-content\/uploads\/2025\/03\/interdesign-logo.svg",
                        "contentUrl": "https:\/\/interdesign.com.pt\/wp-content\/uploads\/2025\/03\/interdesign-logo.svg",
                        "caption": "Interdesign"
                    },
                    "image": {
                        "@id": "https:\/\/interdesign.com.pt\/pt\/#\/schema\/logo\/image\/"
                    }
                }
            ]
        }
    },
    "_links": {
        "self": [
            {
                "href": "https:\/\/interdesign.com.pt\/en\/wp-json\/wp\/v2\/product\/72410",
                "targetHints": {
                    "allow": [
                        "GET"
                    ]
                }
            }
        ],
        "collection": [
            {
                "href": "https:\/\/interdesign.com.pt\/en\/wp-json\/wp\/v2\/product"
            }
        ],
        "about": [
            {
                "href": "https:\/\/interdesign.com.pt\/en\/wp-json\/wp\/v2\/types\/product"
            }
        ],
        "wp:featuredmedia": [
            {
                "embeddable": true,
                "href": "https:\/\/interdesign.com.pt\/en\/wp-json\/wp\/v2\/media\/75026"
            }
        ],
        "wp:attachment": [
            {
                "href": "https:\/\/interdesign.com.pt\/en\/wp-json\/wp\/v2\/media?parent=72410"
            }
        ],
        "wp:term": [
            {
                "taxonomy": "room",
                "embeddable": true,
                "href": "https:\/\/interdesign.com.pt\/en\/wp-json\/wp\/v2\/room?post=72410"
            },
            {
                "taxonomy": "product_brand",
                "embeddable": true,
                "href": "https:\/\/interdesign.com.pt\/en\/wp-json\/wp\/v2\/product_brand?post=72410"
            },
            {
                "taxonomy": "product_cat",
                "embeddable": true,
                "href": "https:\/\/interdesign.com.pt\/en\/wp-json\/wp\/v2\/product_cat?post=72410"
            },
            {
                "taxonomy": "product_tag",
                "embeddable": true,
                "href": "https:\/\/interdesign.com.pt\/en\/wp-json\/wp\/v2\/product_tag?post=72410"
            }
        ],
        "curies": [
            {
                "name": "wp",
                "href": "https:\/\/api.w.org\/{rel}",
                "templated": true
            }
        ]
    }
}