{
    "id": 961,
    "count": 16,
    "description": "Display your memories with the refined selection of Interdesign picture frames. Designed to complement both contemporary and classic interiors, each frame enhances your photographs and artwork with subtle sophistication and quality finishes.",
    "link": "https:\/\/interdesign.com.pt\/en\/product-category\/decor\/picture-frames\/",
    "name": "Picture Frames",
    "slug": "picture-frames",
    "taxonomy": "product_cat",
    "parent": 41,
    "meta": [],
    "menu_order": 0,
    "acf": [],
    "yoast_head": "<!-- This site is optimized with the Yoast SEO plugin v27.3 - https:\/\/yoast.com\/product\/yoast-seo-wordpress\/ -->\n<title>Picture Frames - Interdesign<\/title>\n<meta name=\"description\" content=\"Explore Interdesign\u2019s curated selection of Picture Frames, where quality and timeless design come together. Our design experts are here to help you choose the right piece for your space.\" \/>\n<meta name=\"robots\" content=\"noindex, follow\" \/>\n<meta property=\"og:locale\" content=\"en_US\" \/>\n<meta property=\"og:type\" content=\"article\" \/>\n<meta property=\"og:title\" content=\"Picture Frames - Interdesign\" \/>\n<meta property=\"og:description\" content=\"Explore Interdesign\u2019s curated selection of Picture Frames, where quality and timeless design come together. Our design experts are here to help you choose the right piece for your space.\" \/>\n<meta property=\"og:url\" content=\"https:\/\/interdesign.com.pt\/en\/product-category\/decor\/picture-frames\/\" \/>\n<meta property=\"og:site_name\" content=\"Interdesign\" \/>\n<meta name=\"twitter:card\" content=\"summary_large_image\" \/>\n<script type=\"application\/ld+json\" class=\"yoast-schema-graph\">{\"@context\":\"https:\\\/\\\/schema.org\",\"@graph\":[{\"@type\":\"CollectionPage\",\"@id\":\"https:\\\/\\\/interdesign.com.pt\\\/pt\\\/categoria-produto\\\/decoracao\\\/molduras\\\/\",\"url\":\"https:\\\/\\\/interdesign.com.pt\\\/pt\\\/categoria-produto\\\/decoracao\\\/molduras\\\/\",\"name\":\"Picture Frames - Interdesign\",\"isPartOf\":{\"@id\":\"https:\\\/\\\/interdesign.com.pt\\\/pt\\\/#website\"},\"description\":\"Explore Interdesign\u2019s curated selection of Picture Frames, where quality and timeless design come together. Our design experts are here to help you choose the right piece for your space.\",\"breadcrumb\":{\"@id\":\"https:\\\/\\\/interdesign.com.pt\\\/pt\\\/categoria-produto\\\/decoracao\\\/molduras\\\/#breadcrumb\"},\"inLanguage\":\"en-US\"},{\"@type\":\"BreadcrumbList\",\"@id\":\"https:\\\/\\\/interdesign.com.pt\\\/pt\\\/categoria-produto\\\/decoracao\\\/molduras\\\/#breadcrumb\",\"itemListElement\":[{\"@type\":\"ListItem\",\"position\":1,\"name\":\"Home\",\"item\":\"https:\\\/\\\/interdesign.com.pt\\\/\"},{\"@type\":\"ListItem\",\"position\":2,\"name\":\"Decor\",\"item\":\"https:\\\/\\\/interdesign.com.pt\\\/pt\\\/categoria-produto\\\/decoracao\\\/\"},{\"@type\":\"ListItem\",\"position\":3,\"name\":\"Picture Frames\"}]},{\"@type\":\"WebSite\",\"@id\":\"https:\\\/\\\/interdesign.com.pt\\\/pt\\\/#website\",\"url\":\"https:\\\/\\\/interdesign.com.pt\\\/pt\\\/\",\"name\":\"Interdesign\",\"description\":\"Mobili\u00e1rio, Interiores &amp; Decora\u00e7\u00e3o\",\"publisher\":{\"@id\":\"https:\\\/\\\/interdesign.com.pt\\\/pt\\\/#organization\"},\"potentialAction\":[{\"@type\":\"SearchAction\",\"target\":{\"@type\":\"EntryPoint\",\"urlTemplate\":\"https:\\\/\\\/interdesign.com.pt\\\/pt\\\/?s={search_term_string}\"},\"query-input\":{\"@type\":\"PropertyValueSpecification\",\"valueRequired\":true,\"valueName\":\"search_term_string\"}}],\"inLanguage\":\"en-US\"},{\"@type\":\"Organization\",\"@id\":\"https:\\\/\\\/interdesign.com.pt\\\/pt\\\/#organization\",\"name\":\"Interdesign\",\"url\":\"https:\\\/\\\/interdesign.com.pt\\\/pt\\\/\",\"logo\":{\"@type\":\"ImageObject\",\"inLanguage\":\"en-US\",\"@id\":\"https:\\\/\\\/interdesign.com.pt\\\/pt\\\/#\\\/schema\\\/logo\\\/image\\\/\",\"url\":\"https:\\\/\\\/interdesign.com.pt\\\/wp-content\\\/uploads\\\/2025\\\/03\\\/interdesign-logo.svg\",\"contentUrl\":\"https:\\\/\\\/interdesign.com.pt\\\/wp-content\\\/uploads\\\/2025\\\/03\\\/interdesign-logo.svg\",\"caption\":\"Interdesign\"},\"image\":{\"@id\":\"https:\\\/\\\/interdesign.com.pt\\\/pt\\\/#\\\/schema\\\/logo\\\/image\\\/\"}}]}<\/script>\n<!-- \/ Yoast SEO plugin. -->",
    "yoast_head_json": {
        "title": "Picture Frames - Interdesign",
        "description": "Explore Interdesign\u2019s curated selection of Picture Frames, where quality and timeless design come together. Our design experts are here to help you choose the right piece for your space.",
        "robots": {
            "index": "noindex",
            "follow": "follow"
        },
        "og_locale": "en_US",
        "og_type": "article",
        "og_title": "Picture Frames - Interdesign",
        "og_description": "Explore Interdesign\u2019s curated selection of Picture Frames, where quality and timeless design come together. Our design experts are here to help you choose the right piece for your space.",
        "og_url": "https:\/\/interdesign.com.pt\/en\/product-category\/decor\/picture-frames\/",
        "og_site_name": "Interdesign",
        "twitter_card": "summary_large_image",
        "schema": {
            "@context": "https:\/\/schema.org",
            "@graph": [
                {
                    "@type": "CollectionPage",
                    "@id": "https:\/\/interdesign.com.pt\/pt\/categoria-produto\/decoracao\/molduras\/",
                    "url": "https:\/\/interdesign.com.pt\/pt\/categoria-produto\/decoracao\/molduras\/",
                    "name": "Picture Frames - Interdesign",
                    "isPartOf": {
                        "@id": "https:\/\/interdesign.com.pt\/pt\/#website"
                    },
                    "description": "Explore Interdesign\u2019s curated selection of Picture Frames, where quality and timeless design come together. Our design experts are here to help you choose the right piece for your space.",
                    "breadcrumb": {
                        "@id": "https:\/\/interdesign.com.pt\/pt\/categoria-produto\/decoracao\/molduras\/#breadcrumb"
                    },
                    "inLanguage": "en-US"
                },
                {
                    "@type": "BreadcrumbList",
                    "@id": "https:\/\/interdesign.com.pt\/pt\/categoria-produto\/decoracao\/molduras\/#breadcrumb",
                    "itemListElement": [
                        {
                            "@type": "ListItem",
                            "position": 1,
                            "name": "Home",
                            "item": "https:\/\/interdesign.com.pt\/"
                        },
                        {
                            "@type": "ListItem",
                            "position": 2,
                            "name": "Decor",
                            "item": "https:\/\/interdesign.com.pt\/pt\/categoria-produto\/decoracao\/"
                        },
                        {
                            "@type": "ListItem",
                            "position": 3,
                            "name": "Picture Frames"
                        }
                    ]
                },
                {
                    "@type": "WebSite",
                    "@id": "https:\/\/interdesign.com.pt\/pt\/#website",
                    "url": "https:\/\/interdesign.com.pt\/pt\/",
                    "name": "Interdesign",
                    "description": "Mobili\u00e1rio, Interiores &amp; Decora\u00e7\u00e3o",
                    "publisher": {
                        "@id": "https:\/\/interdesign.com.pt\/pt\/#organization"
                    },
                    "potentialAction": [
                        {
                            "@type": "SearchAction",
                            "target": {
                                "@type": "EntryPoint",
                                "urlTemplate": "https:\/\/interdesign.com.pt\/pt\/?s={search_term_string}"
                            },
                            "query-input": {
                                "@type": "PropertyValueSpecification",
                                "valueRequired": true,
                                "valueName": "search_term_string"
                            }
                        }
                    ],
                    "inLanguage": "en-US"
                },
                {
                    "@type": "Organization",
                    "@id": "https:\/\/interdesign.com.pt\/pt\/#organization",
                    "name": "Interdesign",
                    "url": "https:\/\/interdesign.com.pt\/pt\/",
                    "logo": {
                        "@type": "ImageObject",
                        "inLanguage": "en-US",
                        "@id": "https:\/\/interdesign.com.pt\/pt\/#\/schema\/logo\/image\/",
                        "url": "https:\/\/interdesign.com.pt\/wp-content\/uploads\/2025\/03\/interdesign-logo.svg",
                        "contentUrl": "https:\/\/interdesign.com.pt\/wp-content\/uploads\/2025\/03\/interdesign-logo.svg",
                        "caption": "Interdesign"
                    },
                    "image": {
                        "@id": "https:\/\/interdesign.com.pt\/pt\/#\/schema\/logo\/image\/"
                    }
                }
            ]
        }
    },
    "_links": {
        "self": [
            {
                "href": "https:\/\/interdesign.com.pt\/en\/wp-json\/wp\/v2\/product_cat\/961",
                "targetHints": {
                    "allow": [
                        "GET"
                    ]
                }
            }
        ],
        "collection": [
            {
                "href": "https:\/\/interdesign.com.pt\/en\/wp-json\/wp\/v2\/product_cat"
            }
        ],
        "about": [
            {
                "href": "https:\/\/interdesign.com.pt\/en\/wp-json\/wp\/v2\/taxonomies\/product_cat"
            }
        ],
        "up": [
            {
                "embeddable": true,
                "href": "https:\/\/interdesign.com.pt\/en\/wp-json\/wp\/v2\/product_cat\/41"
            }
        ],
        "wp:post_type": [
            {
                "href": "https:\/\/interdesign.com.pt\/en\/wp-json\/wp\/v2\/product?product_cat=961"
            }
        ],
        "curies": [
            {
                "name": "wp",
                "href": "https:\/\/api.w.org\/{rel}",
                "templated": true
            }
        ]
    }
}